{"id":253720,"date":"2025-11-24T19:28:09","date_gmt":"2025-11-24T19:28:09","guid":{"rendered":"https:\/\/www.europesays.com\/es\/253720\/"},"modified":"2025-11-24T19:28:09","modified_gmt":"2025-11-24T19:28:09","slug":"estevao-estrella-del-chelsea-se-enfrenta-al-equipo-de-sus-suenos","status":"publish","type":"post","link":"https:\/\/www.europesays.com\/es\/253720\/","title":{"rendered":"Estevao, estrella del Chelsea, se enfrenta al equipo de sus sue\u00f1os"},"content":{"rendered":"<p data-gtm-element-container=\"modulo-texto-link\" class=\"paragraph\"><strong>Estevao Willian Almeida de Oliveira Gon\u00e7alves<\/strong> (24 de abril de 2007, Franca, Sao Paulo), anteriormente conocido como <strong>\u2018Messinho\u2019<\/strong> por su similitud en la forma de jugar con el astro argentino, lleg\u00f3 al <strong>Chelsea <\/strong>el pasado verano procedente del <strong>Palmeiras<\/strong>. Con solo 18 a\u00f1os, el brasile\u00f1o se ha convertido ya en una de las estrellas del <strong>Chelsea <\/strong>en su primera temporada como \u2018blue\u2019. Ya internacional absoluto con <strong>Carlo Ancelotti<\/strong>, <strong>Estevao <\/strong>suma 16 partidos con el <strong>Chelsea<\/strong>, en los que ha marcado 4 goles y ha dado una asistencia.<\/p>\n<p>    Lee tambi\u00e9n<\/p>\n<p data-gtm-element-container=\"modulo-texto-link\" class=\"paragraph\">Este martes, <strong>Estevao <\/strong>se enfrentar\u00e1 al equipo de sus sue\u00f1os. Hace dos a\u00f1os, en <a href=\"https:\/\/www.mundodeportivo.com\/futbol\/fc-barcelona\/20231021\/1002089874\/estevao-willian-alias-messinho-mi-mayor-sueno-jugar-barca.html\" target=\"_blank\" rel=\"nofollow noopener\">una entrevista con MD, el ahora delantero \u2018blue\u2019 se expresaba en los siguientes t\u00e9rminos sobre el <strong>Bar\u00e7a<\/strong>. \u201c<strong>Mi mayor sue\u00f1o es jugar en el Bar\u00e7a\u201d<\/strong><\/a>, se\u00f1al\u00f3. \u201cSigo casi todos los partidos del Barcelona, soy fan del club. Siento una gran admiraci\u00f3n por todos sus jugadores\u201d, a\u00f1adi\u00f3 el delantero azulgrana, que no se ve\u00eda incompatible con <strong>Lamine <\/strong>a pesar de jugar actualmente en la misma posici\u00f3n. \u201c<strong>Lamine <\/strong>tiene mucho talento, he visto varios partidos suyos y qui\u00e9n sabe si podremos jugar juntos en un futuro\u201d, dijo el brasile\u00f1o, que estuvo en la agenda del <strong>FC Barcelona<\/strong> e incluso su padre estuvo visitando las instalaciones de Sant Joan Desp\u00ed. Finalmente, las exigencias del <strong>Palmeiras (el Chelsea pag\u00f3 34 millones m\u00e1s 27 en variables)\u00a0<\/strong>y que en su posici\u00f3n ya estaba <strong>Lamine Yamal<\/strong> hicieron que el Bar\u00e7a descartara su contrataci\u00f3n.\u00a0<\/p>\n","protected":false},"excerpt":{"rendered":"Estevao Willian Almeida de Oliveira Gon\u00e7alves (24 de abril de 2007, Franca, Sao Paulo), anteriormente conocido como \u2018Messinho\u2019&hellip;\n","protected":false},"author":2,"featured_media":253721,"comment_status":"","ping_status":"","sticky":false,"template":"","format":"standard","meta":{"footnotes":""},"categories":[268],"tags":[168,25,24,280,282,281,23,167],"class_list":{"0":"post-253720","1":"post","2":"type-post","3":"status-publish","4":"format-standard","5":"has-post-thumbnail","7":"category-futbol","8":"tag-deportes","9":"tag-es","10":"tag-espana","11":"tag-football","12":"tag-futbol","13":"tag-soccer","14":"tag-spain","15":"tag-sports"},"share_on_mastodon":{"url":"https:\/\/pubeurope.com\/@es\/115606330165602054","error":""},"_links":{"self":[{"href":"https:\/\/www.europesays.com\/es\/wp-json\/wp\/v2\/posts\/253720","targetHints":{"allow":["GET"]}}],"collection":[{"href":"https:\/\/www.europesays.com\/es\/wp-json\/wp\/v2\/posts"}],"about":[{"href":"https:\/\/www.europesays.com\/es\/wp-json\/wp\/v2\/types\/post"}],"author":[{"embeddable":true,"href":"https:\/\/www.europesays.com\/es\/wp-json\/wp\/v2\/users\/2"}],"replies":[{"embeddable":true,"href":"https:\/\/www.europesays.com\/es\/wp-json\/wp\/v2\/comments?post=253720"}],"version-history":[{"count":0,"href":"https:\/\/www.europesays.com\/es\/wp-json\/wp\/v2\/posts\/253720\/revisions"}],"wp:featuredmedia":[{"embeddable":true,"href":"https:\/\/www.europesays.com\/es\/wp-json\/wp\/v2\/media\/253721"}],"wp:attachment":[{"href":"https:\/\/www.europesays.com\/es\/wp-json\/wp\/v2\/media?parent=253720"}],"wp:term":[{"taxonomy":"category","embeddable":true,"href":"https:\/\/www.europesays.com\/es\/wp-json\/wp\/v2\/categories?post=253720"},{"taxonomy":"post_tag","embeddable":true,"href":"https:\/\/www.europesays.com\/es\/wp-json\/wp\/v2\/tags?post=253720"}],"curies":[{"name":"wp","href":"https:\/\/api.w.org\/{rel}","templated":true}]}}