{"id":253724,"date":"2025-11-24T19:30:55","date_gmt":"2025-11-24T19:30:55","guid":{"rendered":"https:\/\/www.europesays.com\/es\/253724\/"},"modified":"2025-11-24T19:30:55","modified_gmt":"2025-11-24T19:30:55","slug":"edificio-de-practicas-musicales-universidad-de-los-andes-carolina-jaimes-juan-esteban-lopez-alejandro-puentes","status":"publish","type":"post","link":"https:\/\/www.europesays.com\/es\/253724\/","title":{"rendered":"Edificio de Pr\u00e1cticas Musicales, Universidad de los Andes \/ Carolina Jaimes + Juan Esteban L\u00f3pez + Alejandro Puentes"},"content":{"rendered":"<p><a class=\"js-image-size__link \" href=\"https:\/\/www.archdaily.cl\/cl\/1036299\/edificio-de-practicas-musicales-universidad-de-los-andes-carolina-jaimes-plus-juan-esteban-lopez-plus-alejandro-puentes\/692414a8d7b695017d46edd7-edificio-de-practicas-musicales-universidad-de-los-andes-carolina-jaimes-plus-juan-esteban-lopez-plus-alejandro-puentes-foto\" rel=\"attachment nofollow noopener\" style=\"width: 100%; height: 100%;\" target=\"_blank\"><img decoding=\"async\" alt=\"Edificio de Pr\u00e1cticas Musicales, Universidad de los Andes \/ Carolina Jaimes + Juan Esteban L\u00f3pez + Alejandro Puentes - Imagen 1 de 16\" data-nr-picture-id=\"692414a8d7b695017d46edd7\" fetchpriority=\"high\" height=\"407\" itemprop=\"image\" loading=\"eager\" longdesc=\"https:\/\/www.archdaily.cl\/cl\/1036299\/edificio-de-practicas-musicales-universidad-de-los-andes-carolina-jaimes-plus-juan-esteban-lopez-plus-alejandro-puentes\/692414a8d7b695017d46edd7-edificio-de-practicas-musicales-universidad-de-los-andes-carolina-jaimes-plus-juan-esteban-lopez-plus-alejandro-puentes-foto\" src=\"https:\/\/www.europesays.com\/es\/wp-content\/uploads\/2025\/11\/edificio-de-practicas-musicales-universidad-de-los-andes-carolina-jaimes-plus-juan-esteban-lopez-plu.jpeg\" style=\"min-height: var(--featured-height, auto); aspect-ratio: auto 640 \/ 407\" width=\"640\"\/><\/a>\u00a9 M\u00f3nica Barreneche<\/p>\n<p class=\"thumbs afd-desktop-e clearfix\"><a class=\"thumbs__link\" data-nr-picture-id=\"692414a8292429107b845499\" href=\"https:\/\/www.archdaily.cl\/cl\/1036299\/edificio-de-practicas-musicales-universidad-de-los-andes-carolina-jaimes-plus-juan-esteban-lopez-plus-alejandro-puentes\/692414a8292429107b845499-edificio-de-practicas-musicales-universidad-de-los-andes-carolina-jaimes-plus-juan-esteban-lopez-plus-alejandro-puentes-foto\" rel=\"attachment nofollow noopener\" target=\"_blank\"><img loading=\"lazy\" decoding=\"async\" alt=\"Edificio de Pr\u00e1cticas Musicales, Universidad de los Andes \/ Carolina Jaimes + Juan Esteban L\u00f3pez + Alejandro Puentes - Fotograf\u00eda exterior, Concreto\" class=\"thumbs__img b-lazy\" data-nr-picture-id=\"692414a8292429107b845499\" data-pin-nopin=\"true\" src=\"https:\/\/www.europesays.com\/es\/wp-content\/uploads\/2025\/11\/1764012632_142_edificio-de-practicas-musicales-universidad-de-los-andes-carolina-jaimes-plus-juan-esteban-lopez-plu.jpeg\" height=\"125\" longdesc=\"https:\/\/www.archdaily.cl\/cl\/1036299\/edificio-de-practicas-musicales-universidad-de-los-andes-carolina-jaimes-plus-juan-esteban-lopez-plus-alejandro-puentes\/692414a8292429107b845499-edificio-de-practicas-musicales-universidad-de-los-andes-carolina-jaimes-plus-juan-esteban-lopez-plus-alejandro-puentes-foto\" title=\"\u00a9 M\u00f3nica Barreneche\" width=\"125\"\/><\/a><a class=\"thumbs__link\" data-nr-picture-id=\"692414a9d7b695017d46edd8\" href=\"https:\/\/www.archdaily.cl\/cl\/1036299\/edificio-de-practicas-musicales-universidad-de-los-andes-carolina-jaimes-plus-juan-esteban-lopez-plus-alejandro-puentes\/692414a9d7b695017d46edd8-edificio-de-practicas-musicales-universidad-de-los-andes-carolina-jaimes-plus-juan-esteban-lopez-plus-alejandro-puentes-foto\" rel=\"attachment nofollow noopener\" target=\"_blank\"><img loading=\"lazy\" decoding=\"async\" alt=\"Edificio de Pr\u00e1cticas Musicales, Universidad de los Andes \/ Carolina Jaimes + Juan Esteban L\u00f3pez + Alejandro Puentes - Imagen 3 de 16\" class=\"thumbs__img b-lazy\" data-nr-picture-id=\"692414a9d7b695017d46edd8\" data-pin-nopin=\"true\" src=\"https:\/\/www.europesays.com\/es\/wp-content\/uploads\/2025\/11\/1764012634_27_edificio-de-practicas-musicales-universidad-de-los-andes-carolina-jaimes-plus-juan-esteban-lopez-plu.jpeg\" height=\"125\" longdesc=\"https:\/\/www.archdaily.cl\/cl\/1036299\/edificio-de-practicas-musicales-universidad-de-los-andes-carolina-jaimes-plus-juan-esteban-lopez-plus-alejandro-puentes\/692414a9d7b695017d46edd8-edificio-de-practicas-musicales-universidad-de-los-andes-carolina-jaimes-plus-juan-esteban-lopez-plus-alejandro-puentes-foto\" title=\"\u00a9 M\u00f3nica Barreneche\" width=\"125\"\/><\/a><a class=\"thumbs__link\" data-nr-picture-id=\"692414aad7b695017d46edda\" href=\"https:\/\/www.archdaily.cl\/cl\/1036299\/edificio-de-practicas-musicales-universidad-de-los-andes-carolina-jaimes-plus-juan-esteban-lopez-plus-alejandro-puentes\/692414aad7b695017d46edda-edificio-de-practicas-musicales-universidad-de-los-andes-carolina-jaimes-plus-juan-esteban-lopez-plus-alejandro-puentes-foto\" rel=\"attachment nofollow noopener\" target=\"_blank\"><img loading=\"lazy\" decoding=\"async\" alt=\"Edificio de Pr\u00e1cticas Musicales, Universidad de los Andes \/ Carolina Jaimes + Juan Esteban L\u00f3pez + Alejandro Puentes - Imagen 4 de 16\" class=\"thumbs__img b-lazy\" data-nr-picture-id=\"692414aad7b695017d46edda\" data-pin-nopin=\"true\" src=\"https:\/\/www.europesays.com\/es\/wp-content\/uploads\/2025\/11\/1764012635_581_edificio-de-practicas-musicales-universidad-de-los-andes-carolina-jaimes-plus-juan-esteban-lopez-plu.jpeg\" height=\"125\" longdesc=\"https:\/\/www.archdaily.cl\/cl\/1036299\/edificio-de-practicas-musicales-universidad-de-los-andes-carolina-jaimes-plus-juan-esteban-lopez-plus-alejandro-puentes\/692414aad7b695017d46edda-edificio-de-practicas-musicales-universidad-de-los-andes-carolina-jaimes-plus-juan-esteban-lopez-plus-alejandro-puentes-foto\" title=\"\u00a9 M\u00f3nica Barreneche\" width=\"125\"\/><\/a><a class=\"thumbs__link\" data-nr-picture-id=\"692414a9292429107b84549a\" href=\"https:\/\/www.archdaily.cl\/cl\/1036299\/edificio-de-practicas-musicales-universidad-de-los-andes-carolina-jaimes-plus-juan-esteban-lopez-plus-alejandro-puentes\/692414a9292429107b84549a-edificio-de-practicas-musicales-universidad-de-los-andes-carolina-jaimes-plus-juan-esteban-lopez-plus-alejandro-puentes-foto\" rel=\"attachment nofollow noopener\" target=\"_blank\"><img loading=\"lazy\" decoding=\"async\" alt=\"Edificio de Pr\u00e1cticas Musicales, Universidad de los Andes \/ Carolina Jaimes + Juan Esteban L\u00f3pez + Alejandro Puentes - Imagen 5 de 16\" class=\"thumbs__img b-lazy\" data-nr-picture-id=\"692414a9292429107b84549a\" data-pin-nopin=\"true\" src=\"https:\/\/www.europesays.com\/es\/wp-content\/uploads\/2025\/11\/1764012636_251_edificio-de-practicas-musicales-universidad-de-los-andes-carolina-jaimes-plus-juan-esteban-lopez-plu.jpeg\" height=\"125\" longdesc=\"https:\/\/www.archdaily.cl\/cl\/1036299\/edificio-de-practicas-musicales-universidad-de-los-andes-carolina-jaimes-plus-juan-esteban-lopez-plus-alejandro-puentes\/692414a9292429107b84549a-edificio-de-practicas-musicales-universidad-de-los-andes-carolina-jaimes-plus-juan-esteban-lopez-plus-alejandro-puentes-foto\" title=\"\u00a9 M\u00f3nica Barreneche\" width=\"125\"\/><\/a><a class=\"gallery-link afd-desktop-e\" href=\"https:\/\/www.archdaily.cl\/cl\/1036299\/edificio-de-practicas-musicales-universidad-de-los-andes-carolina-jaimes-plus-juan-esteban-lopez-plus-alejandro-puentes\/692414a8d7b695017d46edd7-edificio-de-practicas-musicales-universidad-de-los-andes-carolina-jaimes-plus-juan-esteban-lopez-plus-alejandro-puentes-foto\" rel=\"nofollow noopener\" target=\"_blank\"><img decoding=\"async\" alt=\"Edificio de Pr\u00e1cticas Musicales, Universidad de los Andes \/ Carolina Jaimes + Juan Esteban L\u00f3pez + Alejandro Puentes - M\u00e1s Im\u00e1genes\" class=\"thumbs__img b-lazy\" src=\"https:\/\/www.europesays.com\/es\/wp-content\/uploads\/2025\/11\/edificio-de-practicas-musicales-universidad-de-los-andes-carolina-jaimes-plus-juan-esteban-lopez-plu.jpeg\" itemprop=\"image\" bad-src=\"data:image\/gif;base64,R0lGODlhAQABAIAAAAUEBAAAACwAAAAAAQABAAACAkQBADs=\"\/>+ 11<\/a><\/p>\n<p>    Compartir<\/p>\n<p>Compartir<\/p>\n<ul class=\"afd-share__networks clearfix\">\n<li class=\"afd-share__social\"><a aria-label=\"Facebook\" class=\"afd-share__button\" data-insights-category=\"share\" data-insights-label=\"facebook_sharing_options\" data-insights-value=\"1036299\" data-social=\"facebook\" href=\"https:\/\/www.facebook.com\/sharer\/sharer.php?u=https:\/\/www.archdaily.cl\/cl\/1036299\/edificio-de-practicas-musicales-universidad-de-los-andes-carolina-jaimes-plus-juan-esteban-lopez-plus-alejandro-puentes\" rel=\"nofollow noopener\" target=\"_blank\"><\/a>\n<p>Facebook<\/p>\n<\/li>\n<li class=\"afd-share__social\"><a aria-label=\"Twitter\" class=\"afd-share__button\" data-insights-category=\"share\" data-insights-label=\"twitter_sharing_options\" data-insights-value=\"1036299\" data-social=\"twitter\" href=\"https:\/\/twitter.com\/intent\/tweet?text=Edificio%20de%20Pr%C3%A1cticas%20Musicales%2C%20Universidad%20de%20los%20Andes%20%2F%20Carolina%20Jaimes%20%2B%20Juan%20Esteban%20L%C3%B3pez%20%2B%20Alejandro%20Puentes&amp;url=https:\/\/www.archdaily.cl\/cl\/1036299\/edificio-de-practicas-musicales-universidad-de-los-andes-carolina-jaimes-plus-juan-esteban-lopez-plus-alejandro-puentes&amp;via=parq\" rel=\"nofollow noopener\" target=\"_blank\"><\/a>\n<p>Twitter<\/p>\n<\/li>\n<li class=\"afd-share__social\"><a class=\"afd-share__button\" data-insights-category=\"share\" data-insights-label=\"email_sharing_options\" data-insights-value=\"1036299\" data-social=\"email\" href=\"mailto:?subject=Edificio de Pr\u00e1cticas Musicales, Universidad de los Andes \/ Carolina Jaimes + Juan Esteban L\u00f3pez + Alejandro Puentes&amp;body=https:\/\/www.archdaily.cl\/cl\/1036299\/edificio-de-practicas-musicales-universidad-de-los-andes-carolina-jaimes-plus-juan-esteban-lopez-plus-alejandro-puentes\"><\/a>\n<p>Mail<\/p>\n<\/li>\n<li class=\"afd-share__social\"><a aria-label=\"Pinterest\" class=\"afd-share__button\" data-insights-category=\"share\" data-insights-label=\"pinterest_sharing_options\" data-insights-value=\"1036299\" data-social=\"pinterest\" href=\"https:\/\/pinterest.com\/pin\/create\/button\/?url=https%3A%2F%2Fwww.archdaily.cl%2Fcl%2F1036299%2Fedificio-de-practicas-musicales-universidad-de-los-andes-carolina-jaimes-plus-juan-esteban-lopez-plus-alejandro-puentes&amp;media=https%3A%2F%2Fimages.adsttc.com%2Fmedia%2Fimages%2F6924%2F14a8%2Fd7b6%2F9501%2F7d46%2Fedd7%2Flarge_jpg%2Fedificio-de-practicas-musicales-universidad-de-los-andes-carolina-jaimes-plus-juan-esteban-lopez-plus-alejandro-puentes_9.jpg%3F1763972284&amp;description=Edificio%20de%20Pr%C3%A1cticas%20Musicales%2C%20Universidad%20de%20los%20Andes%20%2F%20Carolina%20Jaimes%20%2B%20Juan%20Esteban%20L%C3%B3pez%20%2B%20Alejandro%20Puentes\" rel=\"nofollow noopener\" target=\"_blank\"><\/a>\n<p>Pinterest<\/p>\n<\/li>\n<li class=\"afd-share__social\"><a aria-label=\"Whatsapp\" class=\"afd-share__button\" data-action=\"share\/whatsapp\/share\" data-insights-category=\"share\" data-insights-label=\"whatsapp_sharing_options\" data-insights-value=\"1036299\" data-social=\"whatsapp\" href=\"whatsapp:\/\/send?text=Edificio+de+Pr%C3%A1cticas+Musicales%2C+Universidad+de+los+Andes+%2F+Carolina+Jaimes+%2B+Juan+Esteban+L%C3%B3pez+%2B+Alejandro+Puentes+%7C+https%3A%2F%2Fwww.archdaily.cl%2Fcl%2F1036299%2Fedificio-de-practicas-musicales-universidad-de-los-andes-carolina-jaimes-plus-juan-esteban-lopez-plus-alejandro-puentes%3Futm_source%3DWhatsapp%26utm_medium%3DIM%26utm_campaign%3Dshare-button\" rel=\"nofollow\"><\/a>\n<p>Whatsapp<\/p>\n<\/li>\n<\/ul>\n<p>O<\/p>\n<p>https:\/\/www.archdaily.cl\/cl\/1036299\/edificio-de-practicas-musicales-universidad-de-los-andes-carolina-jaimes-plus-juan-esteban-lopez-plus-alejandro-puentes<\/p>\n<p>  Portapapeles<\/p>\n<p>              \u00abCOPY\u00bb<\/p>\n<p>Copiar<br \/>\n<a class=\"js-image-size__link lazy-anchor\" href=\"https:\/\/www.archdaily.cl\/cl\/1036299\/edificio-de-practicas-musicales-universidad-de-los-andes-carolina-jaimes-plus-juan-esteban-lopez-plus-alejandro-puentes\/692414a861382e0e09c71e59-edificio-de-practicas-musicales-universidad-de-los-andes-carolina-jaimes-plus-juan-esteban-lopez-plus-alejandro-puentes-foto\" rel=\"nofollow noopener\" target=\"_blank\"><img decoding=\"async\" alt=\"Edificio de Pr\u00e1cticas Musicales, Universidad de los Andes \/ Carolina Jaimes + Juan Esteban L\u00f3pez + Alejandro Puentes - Imagen 10 de 16\" data-nr-picture-id=\"692414a861382e0e09c71e59\" height=\"427\" itemprop=\"image\" loading=\"lazy\" longdesc=\"https:\/\/www.archdaily.cl\/cl\/1036299\/edificio-de-practicas-musicales-universidad-de-los-andes-carolina-jaimes-plus-juan-esteban-lopez-plus-alejandro-puentes\/692414a861382e0e09c71e59-edificio-de-practicas-musicales-universidad-de-los-andes-carolina-jaimes-plus-juan-esteban-lopez-plus-alejandro-puentes-foto\" src=\"https:\/\/www.europesays.com\/es\/wp-content\/uploads\/2025\/11\/1764012637_413_edificio-de-practicas-musicales-universidad-de-los-andes-carolina-jaimes-plus-juan-esteban-lopez-plu.jpeg\" width=\"640\"\/>\u00a9 M\u00f3nica Barreneche<\/a><\/p>\n<p>Descripci\u00f3n enviada por el equipo del proyecto. RESONANCIAS CONTENIDAS<strong> &#8211; <\/strong>Entre el silencio del concreto y el eco de la madera, un nuevo edificio emerge con discreci\u00f3n en el campus de la Universidad de los Andes. La Caja de M\u00fasica es una pieza que contiene m\u00e1s de lo que muestra: una arquitectura que no busca imponerse, sino resonar.<\/p>\n<p><a class=\"js-image-size__link lazy-anchor\" href=\"https:\/\/www.archdaily.cl\/cl\/1036299\/edificio-de-practicas-musicales-universidad-de-los-andes-carolina-jaimes-plus-juan-esteban-lopez-plus-alejandro-puentes\/692414aad7b695017d46edda-edificio-de-practicas-musicales-universidad-de-los-andes-carolina-jaimes-plus-juan-esteban-lopez-plus-alejandro-puentes-foto\" rel=\"nofollow noopener\" target=\"_blank\"><img decoding=\"async\" alt=\"Edificio de Pr\u00e1cticas Musicales, Universidad de los Andes \/ Carolina Jaimes + Juan Esteban L\u00f3pez + Alejandro Puentes - Imagen 4 de 16\" data-nr-picture-id=\"692414aad7b695017d46edda\" height=\"427\" itemprop=\"image\" loading=\"lazy\" longdesc=\"https:\/\/www.archdaily.cl\/cl\/1036299\/edificio-de-practicas-musicales-universidad-de-los-andes-carolina-jaimes-plus-juan-esteban-lopez-plus-alejandro-puentes\/692414aad7b695017d46edda-edificio-de-practicas-musicales-universidad-de-los-andes-carolina-jaimes-plus-juan-esteban-lopez-plus-alejandro-puentes-foto\" src=\"https:\/\/www.europesays.com\/es\/wp-content\/uploads\/2025\/11\/1764012639_932_edificio-de-practicas-musicales-universidad-de-los-andes-carolina-jaimes-plus-juan-esteban-lopez-plu.jpeg\" width=\"640\"\/>\u00a9 M\u00f3nica Barreneche<\/a><\/p>\n<p>Concebido en 2017 a partir de un concurso para egresados menores de 40 a\u00f1os, el proyecto reuni\u00f3 a los arquitectos Carolina Jaimes, Juan Esteban L\u00f3pez y Alejandro Puentes, tres amigos formados en la misma universidad. \u00abNunca hab\u00edamos trabajado juntos, pero nos pareci\u00f3 una oportunidad para hacer algo interesante\u00bb, recuerda L\u00f3pez. La convocatoria, organizada por la Facultad de Arquitectura y el Departamento de M\u00fasica, buscaba una propuesta que respondiera a un doble desaf\u00edo: dotar a la universidad de espacios especializados para la pr\u00e1ctica musical y, al mismo tiempo, preservar el equilibrio urbano y paisaj\u00edstico de un campus con valor patrimonial.<\/p>\n<p><a class=\"js-image-size__link lazy-anchor\" href=\"https:\/\/www.archdaily.cl\/cl\/1036299\/edificio-de-practicas-musicales-universidad-de-los-andes-carolina-jaimes-plus-juan-esteban-lopez-plus-alejandro-puentes\/692414a861382e0e09c71e57-edificio-de-practicas-musicales-universidad-de-los-andes-carolina-jaimes-plus-juan-esteban-lopez-plus-alejandro-puentes-foto\" rel=\"nofollow noopener\" target=\"_blank\"><img decoding=\"async\" alt=\"Edificio de Pr\u00e1cticas Musicales, Universidad de los Andes \/ Carolina Jaimes + Juan Esteban L\u00f3pez + Alejandro Puentes - Fotograf\u00eda interior, Madera\" data-nr-picture-id=\"692414a861382e0e09c71e57\" height=\"427\" itemprop=\"image\" loading=\"lazy\" longdesc=\"https:\/\/www.archdaily.cl\/cl\/1036299\/edificio-de-practicas-musicales-universidad-de-los-andes-carolina-jaimes-plus-juan-esteban-lopez-plus-alejandro-puentes\/692414a861382e0e09c71e57-edificio-de-practicas-musicales-universidad-de-los-andes-carolina-jaimes-plus-juan-esteban-lopez-plus-alejandro-puentes-foto\" src=\"https:\/\/www.europesays.com\/es\/wp-content\/uploads\/2025\/11\/1764012641_737_edificio-de-practicas-musicales-universidad-de-los-andes-carolina-jaimes-plus-juan-esteban-lopez-plu.jpeg\" width=\"640\"\/>\u00a9 M\u00f3nica Barreneche<\/a><\/p>\n<p>Siete a\u00f1os despu\u00e9s, la construcci\u00f3n de 750 metros cuadrados se materializ\u00f3 como un volumen silencioso, semienterrado entre la Facultad de Arquitectura y el Campito de San Jos\u00e9, un antiguo pabell\u00f3n que ha sido n\u00facleo social, cultural y art\u00edstico de la universidad. \u00abQuer\u00edamos conectar el campus, pero de una forma casi silenciosa\u00bb, explica Puentes. Dos tercios del edificio est\u00e1n bajo tierra, un gesto que no solo responde a razones ac\u00fasticas, sino tambi\u00e9n a la intenci\u00f3n de mantener despejada la visual hacia los cerros orientales.<\/p>\n<p><a class=\"js-image-size__link lazy-anchor\" href=\"https:\/\/www.archdaily.cl\/cl\/1036299\/edificio-de-practicas-musicales-universidad-de-los-andes-carolina-jaimes-plus-juan-esteban-lopez-plus-alejandro-puentes\/692414a861382e0e09c71e5a-edificio-de-practicas-musicales-universidad-de-los-andes-carolina-jaimes-plus-juan-esteban-lopez-plus-alejandro-puentes-foto\" rel=\"nofollow noopener\" target=\"_blank\"><img decoding=\"async\" alt=\"Edificio de Pr\u00e1cticas Musicales, Universidad de los Andes \/ Carolina Jaimes + Juan Esteban L\u00f3pez + Alejandro Puentes - Imagen 7 de 16\" data-nr-picture-id=\"692414a861382e0e09c71e5a\" height=\"427\" itemprop=\"image\" loading=\"lazy\" longdesc=\"https:\/\/www.archdaily.cl\/cl\/1036299\/edificio-de-practicas-musicales-universidad-de-los-andes-carolina-jaimes-plus-juan-esteban-lopez-plus-alejandro-puentes\/692414a861382e0e09c71e5a-edificio-de-practicas-musicales-universidad-de-los-andes-carolina-jaimes-plus-juan-esteban-lopez-plus-alejandro-puentes-foto\" src=\"https:\/\/www.europesays.com\/es\/wp-content\/uploads\/2025\/11\/1764012642_131_edificio-de-practicas-musicales-universidad-de-los-andes-carolina-jaimes-plus-juan-esteban-lopez-plu.jpeg\" width=\"640\"\/>\u00a9 M\u00f3nica Barreneche<\/a><\/p>\n<p>Desde el exterior, <strong>el edificio se percibe como una masa sobria de concreto fundido a la vista. No hay ornamento ni estridencia: solo una presencia contenida que parece esperar a ser descubierta.<\/strong> En su centro, un vac\u00edo rompe la compacidad del volumen e introduce luz natural hacia los niveles inferiores. Este vac\u00edo \u2014m\u00e1s que un simple atrio\u2014 funciona como espacio de encuentro, ensayo y performance, un lugar donde el sonido se expande libremente antes de volver a ser contenido.<\/p>\n<p><a class=\"js-image-size__link lazy-anchor\" href=\"https:\/\/www.archdaily.cl\/cl\/1036299\/edificio-de-practicas-musicales-universidad-de-los-andes-carolina-jaimes-plus-juan-esteban-lopez-plus-alejandro-puentes\/692414a961382e0e09c71e5b-edificio-de-practicas-musicales-universidad-de-los-andes-carolina-jaimes-plus-juan-esteban-lopez-plus-alejandro-puentes-foto\" rel=\"nofollow noopener\" target=\"_blank\"><img decoding=\"async\" alt=\"Edificio de Pr\u00e1cticas Musicales, Universidad de los Andes \/ Carolina Jaimes + Juan Esteban L\u00f3pez + Alejandro Puentes - Imagen 13 de 16\" data-nr-picture-id=\"692414a961382e0e09c71e5b\" height=\"427\" itemprop=\"image\" loading=\"lazy\" longdesc=\"https:\/\/www.archdaily.cl\/cl\/1036299\/edificio-de-practicas-musicales-universidad-de-los-andes-carolina-jaimes-plus-juan-esteban-lopez-plus-alejandro-puentes\/692414a961382e0e09c71e5b-edificio-de-practicas-musicales-universidad-de-los-andes-carolina-jaimes-plus-juan-esteban-lopez-plus-alejandro-puentes-foto\" src=\"https:\/\/www.europesays.com\/es\/wp-content\/uploads\/2025\/11\/1764012644_413_edificio-de-practicas-musicales-universidad-de-los-andes-carolina-jaimes-plus-juan-esteban-lopez-plu.jpeg\" width=\"640\"\/>\u00a9 M\u00f3nica Barreneche<\/a><\/p>\n<p>El espacio como instrumento<strong> &#8211; <\/strong>El nombre La Caja de M\u00fasica surgi\u00f3 de manera simult\u00e1nea en las conversaciones del equipo y en el brief del concurso. \u00abNosotros empezamos a hablar de la caja de m\u00fasica\u2026 y despu\u00e9s nos dimos cuenta de que en el brief tambi\u00e9n la llamaban as\u00ed\u00bb, recuerda Jaimes. La coincidencia se convirti\u00f3 en eje conceptual: <strong>un edificio concebido como un instrumento arquitect\u00f3nico que, al abrirse, deja salir su sonido.<\/strong><\/p>\n<p><a class=\"js-image-size__link lazy-anchor\" href=\"https:\/\/www.archdaily.cl\/cl\/1036299\/edificio-de-practicas-musicales-universidad-de-los-andes-carolina-jaimes-plus-juan-esteban-lopez-plus-alejandro-puentes\/692414a9292429107b84549b-edificio-de-practicas-musicales-universidad-de-los-andes-carolina-jaimes-plus-juan-esteban-lopez-plus-alejandro-puentes-foto\" rel=\"nofollow noopener\" target=\"_blank\"><img decoding=\"async\" alt=\"Edificio de Pr\u00e1cticas Musicales, Universidad de los Andes \/ Carolina Jaimes + Juan Esteban L\u00f3pez + Alejandro Puentes - Imagen 12 de 16\" data-nr-picture-id=\"692414a9292429107b84549b\" height=\"427\" itemprop=\"image\" loading=\"lazy\" longdesc=\"https:\/\/www.archdaily.cl\/cl\/1036299\/edificio-de-practicas-musicales-universidad-de-los-andes-carolina-jaimes-plus-juan-esteban-lopez-plus-alejandro-puentes\/692414a9292429107b84549b-edificio-de-practicas-musicales-universidad-de-los-andes-carolina-jaimes-plus-juan-esteban-lopez-plus-alejandro-puentes-foto\" src=\"https:\/\/www.europesays.com\/es\/wp-content\/uploads\/2025\/11\/1764012645_932_edificio-de-practicas-musicales-universidad-de-los-andes-carolina-jaimes-plus-juan-esteban-lopez-plu.jpeg\" width=\"640\"\/>\u00a9 M\u00f3nica Barreneche<\/a><\/p>\n<p>El programa se organiza en <strong>tres niveles <\/strong>que responden a <strong>distintas intensidades ac\u00fasticas<\/strong>. En los pisos inferiores se ubican las salas de ensayo y grabaci\u00f3n, dise\u00f1adas bajo el principio de box-in-a-box, un sistema que desacopla cada recinto de la estructura principal para eliminar vibraciones y garantizar aislamiento absoluto. Las pruebas y c\u00e1lculos se desarrollaron con la colaboraci\u00f3n de WSDG, firma ac\u00fastica con sede en Miami, y del ingeniero colombiano Daniel Duplat, quienes adaptaron los est\u00e1ndares internacionales a las condiciones tropicales de <a href=\"https:\/\/www.archdaily.cl\/cl\/tag\/bogota\" rel=\"nofollow noopener\" target=\"_blank\">Bogot\u00e1<\/a>, marcadas por la humedad y la altitud.<\/p>\n<p><a class=\"js-image-size__link lazy-anchor\" href=\"https:\/\/www.archdaily.cl\/cl\/1036299\/edificio-de-practicas-musicales-universidad-de-los-andes-carolina-jaimes-plus-juan-esteban-lopez-plus-alejandro-puentes\/692414a9d7b695017d46edd8-edificio-de-practicas-musicales-universidad-de-los-andes-carolina-jaimes-plus-juan-esteban-lopez-plus-alejandro-puentes-foto\" rel=\"nofollow noopener\" target=\"_blank\"><img decoding=\"async\" alt=\"Edificio de Pr\u00e1cticas Musicales, Universidad de los Andes \/ Carolina Jaimes + Juan Esteban L\u00f3pez + Alejandro Puentes - Imagen 3 de 16\" data-nr-picture-id=\"692414a9d7b695017d46edd8\" height=\"427\" itemprop=\"image\" loading=\"lazy\" longdesc=\"https:\/\/www.archdaily.cl\/cl\/1036299\/edificio-de-practicas-musicales-universidad-de-los-andes-carolina-jaimes-plus-juan-esteban-lopez-plus-alejandro-puentes\/692414a9d7b695017d46edd8-edificio-de-practicas-musicales-universidad-de-los-andes-carolina-jaimes-plus-juan-esteban-lopez-plus-alejandro-puentes-foto\" src=\"https:\/\/www.europesays.com\/es\/wp-content\/uploads\/2025\/11\/1764012647_128_edificio-de-practicas-musicales-universidad-de-los-andes-carolina-jaimes-plus-juan-esteban-lopez-plu.jpeg\" width=\"640\"\/>\u00a9 M\u00f3nica Barreneche<\/a><\/p>\n<p>Los niveles superiores albergan zonas de circulaci\u00f3n, cabinas de control y espacios comunes que promueven la interacci\u00f3n entre m\u00fasicos y arquitectos. \u00abQuer\u00edamos que fuera un lugar donde los estudiantes pudieran encontrarse de manera informal, donde el sonido no se encerrara sino que circulara\u00bb, explica Jaimes. El vac\u00edo central act\u00faa como c\u00e1mara de resonancia entre los distintos pisos, generando un ambiente vibrante y cambiante seg\u00fan la hora del d\u00eda o el tipo de actividad.<\/p>\n<p><a class=\"js-image-size__link lazy-anchor\" href=\"https:\/\/www.archdaily.cl\/cl\/1036299\/edificio-de-practicas-musicales-universidad-de-los-andes-carolina-jaimes-plus-juan-esteban-lopez-plus-alejandro-puentes\/692414aa292429107b84549c-edificio-de-practicas-musicales-universidad-de-los-andes-carolina-jaimes-plus-juan-esteban-lopez-plus-alejandro-puentes-foto\" rel=\"nofollow noopener\" target=\"_blank\"><img decoding=\"async\" alt=\"Edificio de Pr\u00e1cticas Musicales, Universidad de los Andes \/ Carolina Jaimes + Juan Esteban L\u00f3pez + Alejandro Puentes - Imagen 11 de 16\" data-nr-picture-id=\"692414aa292429107b84549c\" height=\"427\" itemprop=\"image\" loading=\"lazy\" longdesc=\"https:\/\/www.archdaily.cl\/cl\/1036299\/edificio-de-practicas-musicales-universidad-de-los-andes-carolina-jaimes-plus-juan-esteban-lopez-plus-alejandro-puentes\/692414aa292429107b84549c-edificio-de-practicas-musicales-universidad-de-los-andes-carolina-jaimes-plus-juan-esteban-lopez-plus-alejandro-puentes-foto\" src=\"https:\/\/www.europesays.com\/es\/wp-content\/uploads\/2025\/11\/1764012648_446_edificio-de-practicas-musicales-universidad-de-los-andes-carolina-jaimes-plus-juan-esteban-lopez-plu.jpeg\" width=\"640\"\/>\u00a9 M\u00f3nica Barreneche<\/a><\/p>\n<p>La estructura del edificio se sostiene sobre dos grandes vigas de concreto que permiten liberar completamente el nivel inferior, creando un espacio sin columnas ni interrupciones visuales. \u00abNo hay un solo marco vertical. Todo es vidrio continuo\u00bb, apunta L\u00f3pez. Esta continuidad de planos genera una sensaci\u00f3n de transparencia arquitect\u00f3nica que contrasta con la densidad del material estructural.<\/p>\n<p><a class=\"js-image-size__link lazy-anchor\" href=\"https:\/\/www.archdaily.cl\/cl\/1036299\/edificio-de-practicas-musicales-universidad-de-los-andes-carolina-jaimes-plus-juan-esteban-lopez-plus-alejandro-puentes\/692414a9292429107b84549a-edificio-de-practicas-musicales-universidad-de-los-andes-carolina-jaimes-plus-juan-esteban-lopez-plus-alejandro-puentes-foto\" rel=\"nofollow noopener\" target=\"_blank\"><img decoding=\"async\" alt=\"Edificio de Pr\u00e1cticas Musicales, Universidad de los Andes \/ Carolina Jaimes + Juan Esteban L\u00f3pez + Alejandro Puentes - Imagen 5 de 16\" data-nr-picture-id=\"692414a9292429107b84549a\" height=\"427\" itemprop=\"image\" loading=\"lazy\" longdesc=\"https:\/\/www.archdaily.cl\/cl\/1036299\/edificio-de-practicas-musicales-universidad-de-los-andes-carolina-jaimes-plus-juan-esteban-lopez-plus-alejandro-puentes\/692414a9292429107b84549a-edificio-de-practicas-musicales-universidad-de-los-andes-carolina-jaimes-plus-juan-esteban-lopez-plus-alejandro-puentes-foto\" src=\"https:\/\/www.europesays.com\/es\/wp-content\/uploads\/2025\/11\/1764012649_559_edificio-de-practicas-musicales-universidad-de-los-andes-carolina-jaimes-plus-juan-esteban-lopez-plu.jpeg\" width=\"640\"\/>\u00a9 M\u00f3nica Barreneche<\/a><\/p>\n<p>Dualidades materiales y sensoriales &#8211; La materialidad del edificio establece un di\u00e1logo entre opuestos: lo fr\u00edo del concreto y lo c\u00e1lido de la madera, lo opaco y lo trasl\u00facido, lo pesado y lo liviano. \u00abEl contraste entre lo t\u00e9cnico y lo sensorial era fundamental\u00bb, comenta Jaimes. El concreto fundido a la vista confiere una sensaci\u00f3n de permanencia, mientras que los revestimientos de madera clara en el interior absorben el sonido y lo suavizan, transformando cada sala en un microclima ac\u00fastico.<\/p>\n<p><a class=\"js-image-size__link lazy-anchor\" href=\"https:\/\/www.archdaily.cl\/cl\/1036299\/edificio-de-practicas-musicales-universidad-de-los-andes-carolina-jaimes-plus-juan-esteban-lopez-plus-alejandro-puentes\/692414a861382e0e09c71e58-edificio-de-practicas-musicales-universidad-de-los-andes-carolina-jaimes-plus-juan-esteban-lopez-plus-alejandro-puentes-foto\" rel=\"nofollow noopener\" target=\"_blank\"><img decoding=\"async\" alt=\"Edificio de Pr\u00e1cticas Musicales, Universidad de los Andes \/ Carolina Jaimes + Juan Esteban L\u00f3pez + Alejandro Puentes - Imagen 6 de 16\" data-nr-picture-id=\"692414a861382e0e09c71e58\" height=\"427\" itemprop=\"image\" loading=\"lazy\" longdesc=\"https:\/\/www.archdaily.cl\/cl\/1036299\/edificio-de-practicas-musicales-universidad-de-los-andes-carolina-jaimes-plus-juan-esteban-lopez-plus-alejandro-puentes\/692414a861382e0e09c71e58-edificio-de-practicas-musicales-universidad-de-los-andes-carolina-jaimes-plus-juan-esteban-lopez-plus-alejandro-puentes-foto\" src=\"https:\/\/www.europesays.com\/es\/wp-content\/uploads\/2025\/11\/1764012650_314_edificio-de-practicas-musicales-universidad-de-los-andes-carolina-jaimes-plus-juan-esteban-lopez-plu.jpeg\" width=\"640\"\/>\u00a9 M\u00f3nica Barreneche<\/a><\/p>\n<p>Las superficies interiores fueron dise\u00f1adas con precisi\u00f3n artesanal: paneles angulados, marcos ocultos y juntas invisibles que evitan reverberaciones no deseadas. La luz natural, filtrada a trav\u00e9s del vac\u00edo central, ba\u00f1a los muros de madera y revela su textura con matices cambiantes. El resultado es una atm\u00f3sfera c\u00e1lida y envolvente, donde cada superficie parece participar del ritmo del edificio.<\/p>\n<p><a class=\"js-image-size__link lazy-anchor\" href=\"https:\/\/www.archdaily.cl\/cl\/1036299\/edificio-de-practicas-musicales-universidad-de-los-andes-carolina-jaimes-plus-juan-esteban-lopez-plus-alejandro-puentes\/692414ac292429107b84549d-edificio-de-practicas-musicales-universidad-de-los-andes-carolina-jaimes-plus-juan-esteban-lopez-plus-alejandro-puentes-foto\" rel=\"nofollow noopener\" target=\"_blank\"><img decoding=\"async\" alt=\"Edificio de Pr\u00e1cticas Musicales, Universidad de los Andes \/ Carolina Jaimes + Juan Esteban L\u00f3pez + Alejandro Puentes - Imagen 8 de 16\" data-nr-picture-id=\"692414ac292429107b84549d\" height=\"427\" itemprop=\"image\" loading=\"lazy\" longdesc=\"https:\/\/www.archdaily.cl\/cl\/1036299\/edificio-de-practicas-musicales-universidad-de-los-andes-carolina-jaimes-plus-juan-esteban-lopez-plus-alejandro-puentes\/692414ac292429107b84549d-edificio-de-practicas-musicales-universidad-de-los-andes-carolina-jaimes-plus-juan-esteban-lopez-plus-alejandro-puentes-foto\" src=\"https:\/\/www.europesays.com\/es\/wp-content\/uploads\/2025\/11\/1764012651_499_edificio-de-practicas-musicales-universidad-de-los-andes-carolina-jaimes-plus-juan-esteban-lopez-plu.jpeg\" width=\"640\"\/>\u00a9 M\u00f3nica Barreneche<\/a><\/p>\n<p><strong>En el exterior, el concreto adquiere un papel paisaj\u00edstico. El color gris\u00e1ceo del material se mimetiza con el cielo bogotano, mientras que las cubiertas verdes y los jardines de lluvia con especies nativas prolongan la topograf\u00eda del campus.<\/strong> Los recorridos peatonales se adaptan a la pendiente del terreno, conectando la Facultad de Arquitectura con el Campito y resolviendo las rutas de accesibilidad sin alterar el car\u00e1cter del lugar. \u00abEl edificio act\u00faa como un silencio entre el ladrillo patrimonial y el naranja de los edificios vecinos\u00bb, describe L\u00f3pez.<\/p>\n<p><a class=\"js-image-size__link lazy-anchor\" href=\"https:\/\/www.archdaily.cl\/cl\/1036299\/edificio-de-practicas-musicales-universidad-de-los-andes-carolina-jaimes-plus-juan-esteban-lopez-plus-alejandro-puentes\/692414a8292429107b845499-edificio-de-practicas-musicales-universidad-de-los-andes-carolina-jaimes-plus-juan-esteban-lopez-plus-alejandro-puentes-foto\" rel=\"nofollow noopener\" target=\"_blank\"><img decoding=\"async\" alt=\"Edificio de Pr\u00e1cticas Musicales, Universidad de los Andes \/ Carolina Jaimes + Juan Esteban L\u00f3pez + Alejandro Puentes - Fotograf\u00eda exterior, Concreto\" data-nr-picture-id=\"692414a8292429107b845499\" height=\"427\" itemprop=\"image\" loading=\"lazy\" longdesc=\"https:\/\/www.archdaily.cl\/cl\/1036299\/edificio-de-practicas-musicales-universidad-de-los-andes-carolina-jaimes-plus-juan-esteban-lopez-plus-alejandro-puentes\/692414a8292429107b845499-edificio-de-practicas-musicales-universidad-de-los-andes-carolina-jaimes-plus-juan-esteban-lopez-plus-alejandro-puentes-foto\" src=\"https:\/\/www.europesays.com\/es\/wp-content\/uploads\/2025\/11\/1764012652_18_edificio-de-practicas-musicales-universidad-de-los-andes-carolina-jaimes-plus-juan-esteban-lopez-plu.jpeg\" width=\"640\"\/>\u00a9 M\u00f3nica Barreneche<\/a><\/p>\n<p>Resonancia y memoria &#8211;<strong> <\/strong>Desde su inauguraci\u00f3n en septiembre de 2024, La Caja de M\u00fasica se ha convertido en un punto de referencia dentro de la universidad. Su presencia discreta y su versatilidad funcional la han integrado a la vida cotidiana de estudiantes y profesores. \u00abA veces la gente dice: &#8216;Nos encontramos en la Cajita de M\u00fasica'\u00bb, comenta Puentes. Ese apodo, que al principio parec\u00eda trivial, termin\u00f3 siendo una muestra del afecto que el edificio ha generado.<\/p>\n<p><a class=\"js-image-size__link lazy-anchor\" href=\"https:\/\/www.archdaily.cl\/cl\/1036299\/edificio-de-practicas-musicales-universidad-de-los-andes-carolina-jaimes-plus-juan-esteban-lopez-plus-alejandro-puentes\/692414a9d7b695017d46edd9-edificio-de-practicas-musicales-universidad-de-los-andes-carolina-jaimes-plus-juan-esteban-lopez-plus-alejandro-puentes-foto\" rel=\"nofollow noopener\" target=\"_blank\"><img decoding=\"async\" alt=\"Edificio de Pr\u00e1cticas Musicales, Universidad de los Andes \/ Carolina Jaimes + Juan Esteban L\u00f3pez + Alejandro Puentes - Fotograf\u00eda interior, Cocina\" data-nr-picture-id=\"692414a9d7b695017d46edd9\" height=\"427\" itemprop=\"image\" loading=\"lazy\" longdesc=\"https:\/\/www.archdaily.cl\/cl\/1036299\/edificio-de-practicas-musicales-universidad-de-los-andes-carolina-jaimes-plus-juan-esteban-lopez-plus-alejandro-puentes\/692414a9d7b695017d46edd9-edificio-de-practicas-musicales-universidad-de-los-andes-carolina-jaimes-plus-juan-esteban-lopez-plus-alejandro-puentes-foto\" src=\"https:\/\/www.europesays.com\/es\/wp-content\/uploads\/2025\/11\/1764012653_323_edificio-de-practicas-musicales-universidad-de-los-andes-carolina-jaimes-plus-juan-esteban-lopez-plu.jpeg\" width=\"640\"\/>\u00a9 M\u00f3nica Barreneche<\/a><\/p>\n<p>M\u00e1s all\u00e1 de su uso inmediato, el proyecto encarna una carga simb\u00f3lica profunda para sus autores. \u00abEs nuestro axis mundi, un centro de la pr\u00e1ctica profesional, un lugar de referencia\u00bb, dice Puentes. Para los tres, intervenir el campus que los form\u00f3 fue un acto de gratitud y responsabilidad: una oportunidad para contribuir a la continuidad arquitect\u00f3nica de un lugar marcado por obras emblem\u00e1ticas de Berm\u00fadez y Cer\u00f3n.<\/p>\n<p><a class=\"js-image-size__link lazy-anchor\" href=\"https:\/\/www.archdaily.cl\/cl\/1036299\/edificio-de-practicas-musicales-universidad-de-los-andes-carolina-jaimes-plus-juan-esteban-lopez-plus-alejandro-puentes\/692414aa61382e63cb31e3cb-edificio-de-practicas-musicales-universidad-de-los-andes-carolina-jaimes-plus-juan-esteban-lopez-plus-alejandro-puentes-foto\" rel=\"nofollow noopener\" target=\"_blank\"><img decoding=\"async\" alt=\"Edificio de Pr\u00e1cticas Musicales, Universidad de los Andes \/ Carolina Jaimes + Juan Esteban L\u00f3pez + Alejandro Puentes - Imagen 9 de 16\" data-nr-picture-id=\"692414aa61382e63cb31e3cb\" height=\"427\" itemprop=\"image\" loading=\"lazy\" longdesc=\"https:\/\/www.archdaily.cl\/cl\/1036299\/edificio-de-practicas-musicales-universidad-de-los-andes-carolina-jaimes-plus-juan-esteban-lopez-plus-alejandro-puentes\/692414aa61382e63cb31e3cb-edificio-de-practicas-musicales-universidad-de-los-andes-carolina-jaimes-plus-juan-esteban-lopez-plus-alejandro-puentes-foto\" src=\"https:\/\/www.europesays.com\/es\/wp-content\/uploads\/2025\/11\/1764012654_9_edificio-de-practicas-musicales-universidad-de-los-andes-carolina-jaimes-plus-juan-esteban-lopez-plu.jpeg\" width=\"640\"\/>\u00a9 M\u00f3nica Barreneche<\/a><\/p>\n<p>Con el paso del tiempo, los arquitectos esperan que el concreto adquiera una p\u00e1tina natural y que la vegetaci\u00f3n lo abrace por completo, integr\u00e1ndolo al paisaje. <strong>\u00abPuede ser un edificio bien interesante en 10, 15 o 20 a\u00f1os\u00bb<\/strong>, anticipa Jaimes. Porque La Caja de M\u00fasica, m\u00e1s que un edificio, <strong>es una pausa sonora dentro del tejido urbano: una resonancia contenida que conecta memoria, materia y paisaje.<\/strong><\/p>\n<p><a class=\"js-image-size__link lazy-anchor\" href=\"https:\/\/www.archdaily.cl\/cl\/1036299\/edificio-de-practicas-musicales-universidad-de-los-andes-carolina-jaimes-plus-juan-esteban-lopez-plus-alejandro-puentes\/692414aa61382e0e09c71e5c-edificio-de-practicas-musicales-universidad-de-los-andes-carolina-jaimes-plus-juan-esteban-lopez-plus-alejandro-puentes-foto\" rel=\"nofollow noopener\" target=\"_blank\"><img decoding=\"async\" alt=\"Edificio de Pr\u00e1cticas Musicales, Universidad de los Andes \/ Carolina Jaimes + Juan Esteban L\u00f3pez + Alejandro Puentes - Imagen 16 de 16\" data-nr-picture-id=\"692414aa61382e0e09c71e5c\" height=\"427\" itemprop=\"image\" loading=\"lazy\" longdesc=\"https:\/\/www.archdaily.cl\/cl\/1036299\/edificio-de-practicas-musicales-universidad-de-los-andes-carolina-jaimes-plus-juan-esteban-lopez-plus-alejandro-puentes\/692414aa61382e0e09c71e5c-edificio-de-practicas-musicales-universidad-de-los-andes-carolina-jaimes-plus-juan-esteban-lopez-plus-alejandro-puentes-foto\" src=\"https:\/\/www.europesays.com\/es\/wp-content\/uploads\/2025\/11\/1764012655_625_edificio-de-practicas-musicales-universidad-de-los-andes-carolina-jaimes-plus-juan-esteban-lopez-plu.jpeg\" width=\"640\"\/>\u00a9 M\u00f3nica Barreneche<\/a><script async src=\"https:\/\/platform.twitter.com\/widgets.js\" charset=\"utf-8\"><\/script><\/p>\n","protected":false},"excerpt":{"rendered":"\u00a9 M\u00f3nica Barreneche + 11 Compartir Compartir Facebook Twitter Mail Pinterest Whatsapp O https:\/\/www.archdaily.cl\/cl\/1036299\/edificio-de-practicas-musicales-universidad-de-los-andes-carolina-jaimes-plus-juan-esteban-lopez-plus-alejandro-puentes Portapapeles \u00abCOPY\u00bb Copiar \u00a9&hellip;\n","protected":false},"author":2,"featured_media":253725,"comment_status":"","ping_status":"","sticky":false,"template":"","format":"standard","meta":{"footnotes":""},"categories":[173],"tags":[801,30045,229,233,231,230,5207,232,234,64025,146,147,25,24,23,2845],"class_list":{"0":"post-253724","1":"post","2":"type-post","3":"status-publish","4":"format-standard","5":"has-post-thumbnail","7":"category-arte-y-diseno","8":"tag-arquitectura","9":"tag-arquitectura-educacional","10":"tag-arte","11":"tag-arte-y-diseno","12":"tag-arts","13":"tag-arts-and-design","14":"tag-bogota","15":"tag-design","16":"tag-diseno","17":"tag-educacion-superior","18":"tag-entertainment","19":"tag-entretenimiento","20":"tag-es","21":"tag-espana","22":"tag-spain","23":"tag-universidad"},"share_on_mastodon":{"url":"https:\/\/pubeurope.com\/@es\/115606343633812356","error":""},"_links":{"self":[{"href":"https:\/\/www.europesays.com\/es\/wp-json\/wp\/v2\/posts\/253724","targetHints":{"allow":["GET"]}}],"collection":[{"href":"https:\/\/www.europesays.com\/es\/wp-json\/wp\/v2\/posts"}],"about":[{"href":"https:\/\/www.europesays.com\/es\/wp-json\/wp\/v2\/types\/post"}],"author":[{"embeddable":true,"href":"https:\/\/www.europesays.com\/es\/wp-json\/wp\/v2\/users\/2"}],"replies":[{"embeddable":true,"href":"https:\/\/www.europesays.com\/es\/wp-json\/wp\/v2\/comments?post=253724"}],"version-history":[{"count":0,"href":"https:\/\/www.europesays.com\/es\/wp-json\/wp\/v2\/posts\/253724\/revisions"}],"wp:featuredmedia":[{"embeddable":true,"href":"https:\/\/www.europesays.com\/es\/wp-json\/wp\/v2\/media\/253725"}],"wp:attachment":[{"href":"https:\/\/www.europesays.com\/es\/wp-json\/wp\/v2\/media?parent=253724"}],"wp:term":[{"taxonomy":"category","embeddable":true,"href":"https:\/\/www.europesays.com\/es\/wp-json\/wp\/v2\/categories?post=253724"},{"taxonomy":"post_tag","embeddable":true,"href":"https:\/\/www.europesays.com\/es\/wp-json\/wp\/v2\/tags?post=253724"}],"curies":[{"name":"wp","href":"https:\/\/api.w.org\/{rel}","templated":true}]}}