{"id":253726,"date":"2025-11-24T19:33:17","date_gmt":"2025-11-24T19:33:17","guid":{"rendered":"https:\/\/www.europesays.com\/es\/253726\/"},"modified":"2025-11-24T19:33:17","modified_gmt":"2025-11-24T19:33:17","slug":"el-consejo-de-informativos-de-tve-condena-los-ataques-a-xabier-fortes-y-su-hijo-cada-persona-merece-ser-valorada-por-su-propio-esfuerzo-sociedad","status":"publish","type":"post","link":"https:\/\/www.europesays.com\/es\/253726\/","title":{"rendered":"El Consejo de Informativos de TVE condena los ataques a Xabier Fortes y su hijo: \u00abCada persona merece ser valorada por su propio esfuerzo\u00bb | Sociedad"},"content":{"rendered":"<p class=\"loc\">Madrid<\/p>\n<p>El Consejo de Informativos de TVE ha respondido a las cr\u00edticas recibidas por el <a href=\"https:\/\/cadenaser.com\/nacional\/2025\/05\/17\/xabier-fortes-rompe-su-silencio-y-reacciona-a-la-posible-multa-de-eurovision-a-rtve-cadena-ser\/\" target=\"_blank\" rel=\"nofollow noopener\" title=\"https:\/\/cadenaser.com\/nacional\/2025\/05\/17\/xabier-fortes-rompe-su-silencio-y-reacciona-a-la-posible-multa-de-eurovision-a-rtve-cadena-ser\/\">presentador Xabier Fortes<\/a> y su hijo, denunciando que se trata de \u00abataques masivos en redes sociales\u00bb que \u00absolo fomentan la injusticia y el acoso\u00bb. Fortes y su hijo han sido se\u00f1alados en redes sociales tras las acusaciones en X de la exdirectiva de RTVE, Carmen Sastre, quien asegur\u00f3 que el hijo de Fortes \u00abest\u00e1 colocado en TVE\u00bb. <\/p>\n<p>Al respecto, el Consejo de Informativos ha insistido en que \u00abcada persona merece ser valorada por su propio esfuerzo, m\u00e9ritos y conducta, sin importar su entorno personal o circunstancias\u00bb. Adem\u00e1s, ha condenado los insultos recibidos por cualquiera de sus trabajadores.<\/p>\n<blockquote class=\"twitter-tweet\">\n<p lang=\"es\" dir=\"ltr\">Condenamos los insultos hacia trabajadores de TVE. <\/p>\n<p>Recordamos que cada persona merece ser valorada por su propio esfuerzo, m\u00e9ritos y conducta, sin importar su entorno personal o circunstancias.<\/p>\n<p>Los ataques masivos en redes sociales solo fomentan la injusticia y el acoso.\u270d\ud83c\udffd\ud83d\udcf9<\/p>\n<p>\u2014 Consejo de Informativos TVE (@CdItve) <a href=\"https:\/\/twitter.com\/CdItve\/status\/1992193492895051912?ref_src=twsrc%5Etfw\" rel=\"nofollow noopener\" target=\"_blank\">November 22, 2025<\/a><\/p><\/blockquote>\n<p>La pol\u00e9mica comenz\u00f3 con la publicaci\u00f3n en las redes de Sastre, la cual recog\u00eda un directo del canal 24 Horas en el que Daniel Fortes informaba en directo para la cadena. <\/p>\n<p>\u00abMe dicen que est\u00e1 contratado hasta que salga la oposici\u00f3n (le da puntos). Curioso que tenga colocado al hijo, quien criticaba las familias en TVE. Yo no coloqu\u00e9 a mi hija cuando era directiva\u00bb, ha cargado la exconsejera.<\/p>\n<blockquote class=\"twitter-tweet\">\n<p lang=\"es\" dir=\"ltr\">El hijo de \u2066<a href=\"https:\/\/twitter.com\/xabierfortes?ref_src=twsrc%5Etfw\" rel=\"nofollow noopener\" target=\"_blank\">@xabierfortes<\/a>\u2069 ya est\u00e1 colocado en TVE.Aqu\u00ed en un directo en el canal 24 horas. Me dicen q esta contratado hasta q salga la oposici\u00f3n(le da puntos)Curioso q tenga colocado al hijo quien criticaba las familias en TVE.Yo no coloque a mi hija cuando era directiva. <a href=\"https:\/\/t.co\/3PPyPvppl3\" rel=\"nofollow\">pic.twitter.com\/3PPyPvppl3<\/a><\/p>\n<p>\u2014 Carmen Sastre (@Carmensastre12) <a href=\"https:\/\/twitter.com\/Carmensastre12\/status\/1991551662117515483?ref_src=twsrc%5Etfw\" rel=\"nofollow noopener\" target=\"_blank\">November 20, 2025<\/a><\/p><\/blockquote>\n<p>Fortes responde a las acusaciones: \u00abHay que ser tan t\u00f3xica como el polonio para atacar a un chaval\u00bb<\/p>\n<p><a href=\"https:\/\/cadenaser.com\/nacional\/2025\/11\/21\/mas-toxica-que-el-polonio-xabier-fortes-explota-y-responde-a-las-criticas-por-las-practicas-de-su-hijo-en-rtve-cadena-ser\/\" target=\"_blank\" rel=\"nofollow noopener\" title=\"https:\/\/cadenaser.com\/nacional\/2025\/11\/21\/mas-toxica-que-el-polonio-xabier-fortes-explota-y-responde-a-las-criticas-por-las-practicas-de-su-hijo-en-rtve-cadena-ser\/\">El periodista Xabier Fortes ha respondido a las acusaciones de Carmen Sastre<\/a> defendiendo que su hijo, \u00abcomo cientos de alumnos que acaban sus estudios de periodismo\u00bb, comenz\u00f3 en TVE con unas pr\u00e1cticas no remuneradas y, posteriormente, \u00abopt\u00f3 a un contrato de formaci\u00f3n de un a\u00f1o que acaba en dos semanas\u00bb.<\/p>\n<p>El presentador ha insistido tambi\u00e9n en que las oposiciones todav\u00eda no han sido convocadas, adem\u00e1s de denunciar que Sastre ha mentido al afirmar que \u00e9l ha criticado a cualquiera de sus familiares.<\/p>\n<blockquote class=\"twitter-tweet\">\n<p lang=\"es\" dir=\"ltr\">Hay gente mala, ruin, miserable,&#8230;y luego est\u00e1 <a href=\"https:\/\/twitter.com\/Carmensastre12?ref_src=twsrc%5Etfw\" rel=\"nofollow noopener\" target=\"_blank\">@Carmensastre12<\/a> . Mi hijo, como cientos de alumnos que acaban sus estudios de periodismo (en su caso en la Complutense), ha hecho sus pr\u00e1cticas no remuneradas en verano y luego opt\u00f3 a un contrato de formaci\u00f3n de un a\u00f1o que acaba&#8230; <a href=\"https:\/\/t.co\/fv8nImeiFV\" rel=\"nofollow\">https:\/\/t.co\/fv8nImeiFV<\/a><\/p>\n<p>\u2014 Xabier Fortes (@xabierfortes) <a href=\"https:\/\/twitter.com\/xabierfortes\/status\/1991590973974212853?ref_src=twsrc%5Etfw\" rel=\"nofollow noopener\" target=\"_blank\">November 20, 2025<\/a><\/p><\/blockquote>\n<p>\u00abHay que ser tan toxica como el polonio para atacar a un chaval, mintiendo de esa manera, con el fin de difamar a su padre. Yo nunca habl\u00e9 de ning\u00fan familiar tuyo en TVE (y hab\u00eda motivos para hacerlo)\u00bb, ha aseverado en X.<\/p>\n<p>Fortes ha denunciado tambi\u00e9n las malas pr\u00e1cticas de Sastre durante su etapa como editora en TVE, afirmando que la exconsejera trataba de manipular los periodistas para favorecer al Partido Popular. \u00abMe bastaba con conocer c\u00f3mo presionabas a los periodistas para que siguiesen los argumentarios que te enviaba un Partido Pol\u00edtico todas las ma\u00f1anas y elaborar las informaciones del telediario. Por eso te acabar\u00edan cesando\u00bb, ha a\u00f1adido.<\/p>\n<blockquote class=\"twitter-tweet\">\n<p lang=\"es\" dir=\"ltr\">&#8230;con conocer c\u00f3mo presionabas a los periodistas para que siguiesen los argumentarios que te enviaba un Partido Pol\u00edtico todas las ma\u00f1anas y elaborar las informaciones del telediario. Por eso te acabar\u00edan cesando. Encima eras tan torpe que ni siquiera borraste el logo de ese&#8230;<\/p>\n<p>\u2014 Xabier Fortes (@xabierfortes) <a href=\"https:\/\/twitter.com\/xabierfortes\/status\/1991590979284218240?ref_src=twsrc%5Etfw\" rel=\"nofollow noopener\" target=\"_blank\">November 20, 2025<\/a><\/p><\/blockquote>\n<p>Compa\u00f1eros de profesi\u00f3n salen en defensa de Fortes<\/p>\n<p>Las acusaciones y cr\u00edticas en redes sociales han provocado que otros compa\u00f1eros de profesi\u00f3n hayan respaldado a Xabier Fortes con este asunto. Figuras como la de Isa\u00edas Lafuente, Esther Palomera o Jes\u00fas Mara\u00f1a han querido transmitir su solidaridad y apoyo al presentador.<\/p>\n<p>\u00abTienen la boca sucia, el alma negra, no conocen principios ni decencia y como no aguantan la comparaci\u00f3n en cuesti\u00f3n de integridad, tienen que poner a nuestros hijos en la diana\u00bb, ha afirmado Palomera en redes sociales.<\/p>\n<blockquote class=\"twitter-tweet\">\n<p lang=\"es\" dir=\"ltr\">Tienen la boca sucia, el alma negra, no conocen principios ni decencia y como no aguantan la comparaci\u00f3n en cuesti\u00f3n de integridad, tienen que poner a nuestros hijos en la diana. No nos doblar\u00e1n. \u00c1nimo <a href=\"https:\/\/twitter.com\/jesusmarana?ref_src=twsrc%5Etfw\" rel=\"nofollow noopener\" target=\"_blank\">@jesusmarana<\/a> y <a href=\"https:\/\/twitter.com\/xabierfortes?ref_src=twsrc%5Etfw\" rel=\"nofollow noopener\" target=\"_blank\">@xabierfortes<\/a><\/p>\n<p>\u2014 Esther Palomera (@estherpalomera) <a href=\"https:\/\/twitter.com\/estherpalomera\/status\/1992650513289191576?ref_src=twsrc%5Etfw\" rel=\"nofollow noopener\" target=\"_blank\">November 23, 2025<\/a><\/p><\/blockquote>\n<p>\u00abComo no consiguen encontrarle a uno ninguna ilegalidad, ni delito fiscal ni dependencia del dinero p\u00fablico, ahora investigan y difaman a mis hijas. \u00a1Puro asco!\u00bb, ha expresado Jes\u00fas Mara\u00f1a en su perfil de X.<\/p>\n<blockquote class=\"twitter-tweet\">\n<p lang=\"es\" dir=\"ltr\">Pululan por esta red individuos que trabajan para Jim\u00e9nez Losantos y The Objective y, como no consiguen encontrarle a uno ninguna ilegalidad, ni delito fiscal ni dependencia del dinero p\u00fablico, ahora investigan y difaman a mis hijas. Puro asco!!!<\/p>\n<p>\u2014 Jes\u00fas Mara\u00f1a (@jesusmarana) <a href=\"https:\/\/twitter.com\/jesusmarana\/status\/1992286663595446413?ref_src=twsrc%5Etfw\" rel=\"nofollow noopener\" target=\"_blank\">November 22, 2025<\/a><\/p><\/blockquote>\n<p><script async src=\"https:\/\/platform.twitter.com\/widgets.js\" charset=\"utf-8\"><\/script><\/p>\n","protected":false},"excerpt":{"rendered":"Madrid El Consejo de Informativos de TVE ha respondido a las cr\u00edticas recibidas por el presentador Xabier Fortes&hellip;\n","protected":false},"author":2,"featured_media":253727,"comment_status":"","ping_status":"","sticky":false,"template":"","format":"standard","meta":{"footnotes":""},"categories":[171],"tags":[146,147,25,24,23,214],"class_list":{"0":"post-253726","1":"post","2":"type-post","3":"status-publish","4":"format-standard","5":"has-post-thumbnail","7":"category-tv","8":"tag-entertainment","9":"tag-entretenimiento","10":"tag-es","11":"tag-espana","12":"tag-spain","13":"tag-tv"},"share_on_mastodon":{"url":"","error":""},"_links":{"self":[{"href":"https:\/\/www.europesays.com\/es\/wp-json\/wp\/v2\/posts\/253726","targetHints":{"allow":["GET"]}}],"collection":[{"href":"https:\/\/www.europesays.com\/es\/wp-json\/wp\/v2\/posts"}],"about":[{"href":"https:\/\/www.europesays.com\/es\/wp-json\/wp\/v2\/types\/post"}],"author":[{"embeddable":true,"href":"https:\/\/www.europesays.com\/es\/wp-json\/wp\/v2\/users\/2"}],"replies":[{"embeddable":true,"href":"https:\/\/www.europesays.com\/es\/wp-json\/wp\/v2\/comments?post=253726"}],"version-history":[{"count":0,"href":"https:\/\/www.europesays.com\/es\/wp-json\/wp\/v2\/posts\/253726\/revisions"}],"wp:featuredmedia":[{"embeddable":true,"href":"https:\/\/www.europesays.com\/es\/wp-json\/wp\/v2\/media\/253727"}],"wp:attachment":[{"href":"https:\/\/www.europesays.com\/es\/wp-json\/wp\/v2\/media?parent=253726"}],"wp:term":[{"taxonomy":"category","embeddable":true,"href":"https:\/\/www.europesays.com\/es\/wp-json\/wp\/v2\/categories?post=253726"},{"taxonomy":"post_tag","embeddable":true,"href":"https:\/\/www.europesays.com\/es\/wp-json\/wp\/v2\/tags?post=253726"}],"curies":[{"name":"wp","href":"https:\/\/api.w.org\/{rel}","templated":true}]}}