{"id":253731,"date":"2025-11-24T19:36:14","date_gmt":"2025-11-24T19:36:14","guid":{"rendered":"https:\/\/www.europesays.com\/es\/253731\/"},"modified":"2025-11-24T19:36:14","modified_gmt":"2025-11-24T19:36:14","slug":"laliga-genuine-moeve-2025-2026-se-estrena-en-tarragona-con-record-de-participacion","status":"publish","type":"post","link":"https:\/\/www.europesays.com\/es\/253731\/","title":{"rendered":"LALIGA GENUINE Moeve 2025\/2026 se estrena en Tarragona con r\u00e9cord de participaci\u00f3n"},"content":{"rendered":"<p>Tarragona ha vuelto a convertirse en la capital mundial del f\u00fatbol inclusivo con la inauguraci\u00f3n de la 8a edici\u00f3n de LALIGA GENUINE Moeve. La competici\u00f3n ha logrado un r\u00e9cord hist\u00f3rico con la participaci\u00f3n de 50 equipos.<\/p>\n<p>El Nou Estadi Costa Daurada repiti\u00f3 como el escenario referente para acoger la fase inaugural con un acto presidido por Llu\u00eds F\u00e0bregas, presidente ejecutivo del N\u00e0stic de Tarragona; Clemente Villaverde, presidente de la FUNDACI\u00d3N LALIGA; Berni \u00c1lvarez, consejero de Deportes de la Generalitat de Catalunya; y Jos\u00e9 Mar\u00eda Solana, director de Marca Global de Moeve. Todos ellos fueron los encargados dado la bienvenida a m\u00e1s de 1.000 jugadores y jugadoras, junto con los miembros de los cuerpos t\u00e9cnicos de los equipos participantes. La jornada inaugural ha contado tambi\u00e9n con cerca de 200 voluntarios y una gran afici\u00f3n procedente de varios puntos del pa\u00eds.<\/p>\n<p>Tras la inauguraci\u00f3n del viernes, la competici\u00f3n deportiva se traslad\u00f3 al Mediterranean Sports Hub, con un total de 75 partidos repartidos en tres rangos de juego. Los equipos sumaron los primeros puntos tanto en la clasificaci\u00f3n deportiva como en la clasificaci\u00f3n de Fair Play, que esta temporada se organiza en tres grupos: Compa\u00f1\u00eda, Respeto y Deportividad.Adem\u00e1s, muchos de los participantes vieron sus primeras tarjetas verdes para premiar sus gestos deportivos. \u00a1El N\u00e0stic, uno de ellos!<\/p>\n<p>El equipo grana disput\u00f3 tres partidos en esta fase inaugural: el s\u00e1bado por la ma\u00f1ana cay\u00f3 ante el C\u00f3rdoba CF por 0-2, mientras que por la tarde perdi\u00f3 2-1 ante el RCD Mallorca. El domingo, el conjunto dirigido por Rafel Magriny\u00e0 cerr\u00f3 su participaci\u00f3n con una ajustada derrota por 0-1 contra el CA Osasuna. Aparte de los resultados, el equipo ha mantenido su presencia activa en todos los actos de convivencia y ha continuado representando los principios que definen esta competici\u00f3n.<\/p>\n<p>Durante los tres d\u00edas se ha vivido un ambiente excepcional que ha culminado con la tradicional entrega de medallas del domingo, donde todos los integrantes de los 50 equipos han recibido un recuerdo de manos de los representantes institucionales del N\u00e0stic, de LALIGA, de la Fundaci\u00f3n LALIGA y de las marcas asociadas. Finalizada esta primera fase de la temporada, los protagonistas ya piensan en las pr\u00f3ximas citas, donde C\u00e1diz acoger\u00e1 a la mitad de los equipos el fin de semana del 31 de enero y 1 de febrero, mientras que el Real Sporting de Gij\u00f3n har\u00e1 lo mismo con el resto de clubes los d\u00edas 7 y 8 de marzo.<\/p>\n","protected":false},"excerpt":{"rendered":"Tarragona ha vuelto a convertirse en la capital mundial del f\u00fatbol inclusivo con la inauguraci\u00f3n de la 8a&hellip;\n","protected":false},"author":2,"featured_media":253732,"comment_status":"","ping_status":"","sticky":false,"template":"","format":"standard","meta":{"footnotes":""},"categories":[93],"tags":[168,25,24,23,167],"class_list":{"0":"post-253731","1":"post","2":"type-post","3":"status-publish","4":"format-standard","5":"has-post-thumbnail","7":"category-deportes","8":"tag-deportes","9":"tag-es","10":"tag-espana","11":"tag-spain","12":"tag-sports"},"share_on_mastodon":{"url":"https:\/\/pubeurope.com\/@es\/115606361543149272","error":""},"_links":{"self":[{"href":"https:\/\/www.europesays.com\/es\/wp-json\/wp\/v2\/posts\/253731","targetHints":{"allow":["GET"]}}],"collection":[{"href":"https:\/\/www.europesays.com\/es\/wp-json\/wp\/v2\/posts"}],"about":[{"href":"https:\/\/www.europesays.com\/es\/wp-json\/wp\/v2\/types\/post"}],"author":[{"embeddable":true,"href":"https:\/\/www.europesays.com\/es\/wp-json\/wp\/v2\/users\/2"}],"replies":[{"embeddable":true,"href":"https:\/\/www.europesays.com\/es\/wp-json\/wp\/v2\/comments?post=253731"}],"version-history":[{"count":0,"href":"https:\/\/www.europesays.com\/es\/wp-json\/wp\/v2\/posts\/253731\/revisions"}],"wp:featuredmedia":[{"embeddable":true,"href":"https:\/\/www.europesays.com\/es\/wp-json\/wp\/v2\/media\/253732"}],"wp:attachment":[{"href":"https:\/\/www.europesays.com\/es\/wp-json\/wp\/v2\/media?parent=253731"}],"wp:term":[{"taxonomy":"category","embeddable":true,"href":"https:\/\/www.europesays.com\/es\/wp-json\/wp\/v2\/categories?post=253731"},{"taxonomy":"post_tag","embeddable":true,"href":"https:\/\/www.europesays.com\/es\/wp-json\/wp\/v2\/tags?post=253731"}],"curies":[{"name":"wp","href":"https:\/\/api.w.org\/{rel}","templated":true}]}}