{"id":253737,"date":"2025-11-24T19:39:11","date_gmt":"2025-11-24T19:39:11","guid":{"rendered":"https:\/\/www.europesays.com\/es\/253737\/"},"modified":"2025-11-24T19:39:11","modified_gmt":"2025-11-24T19:39:11","slug":"el-cometa-3i-atlas-gira-a-57-kilometros-por-segundo-y-continua-una-trayectoria-hiperbolica-en-el-sistema-solar","status":"publish","type":"post","link":"https:\/\/www.europesays.com\/es\/253737\/","title":{"rendered":"El cometa 3I\/ATLAS gira a 57 kil\u00f3metros por segundo y contin\u00faa una trayectoria hiperb\u00f3lica en el Sistema Solar"},"content":{"rendered":"<p>El<a target=\"_blank\" href=\"https:\/\/www.perfil.com\/noticias\/ciencia\/la-nasa-revelo-el-hallazgo-de-gas-hidroxilo-como-compuesto-del-cometa-3iatlas-a30-que-implica-su-hallazgo.phtml\" rel=\"nofollow noopener\"> <strong>cometa 3I\/ATLAS<\/strong><\/a>, el tercer visitante externo del<strong> Sistema Solar <\/strong>en la historia, alcanz\u00f3 una velocidad de <strong>57 kil\u00f3metros por segundo<\/strong> y contin\u00faa una<strong> trayectoria hiperb\u00f3lica<\/strong>. El fen\u00f3meno fue registrado por observatorios internacionales tras el perihelio que tuvo lugar el 30 de octubre de 2025. Los datos recabados son recopilados por los telescopios Hubble y James Webb de la <a target=\"_blank\" href=\"https:\/\/www.perfil.com\/noticias\/ciencia\/la-nasa-se-prepara-el-3iatlas-no-es-el-unico-visitante-que-llegara-a-la-tierra-a30-segun-nuevas-investigaciones.phtml\" rel=\"nofollow noopener\">NASA<\/a>. <\/p>\n<p>El an\u00e1lisis orbital muestra que la energ\u00eda cin\u00e9tica del cometa excede la fuerza gravitacional del Sol a lo largo de toda su trayectoria. El cuerpo celeste utiliza la gravedad solar s\u00f3lo como efecto resortera para acelerar a\u00fan m\u00e1s.<\/p>\n<p class=\"destacadoNota\"><a target=\"_blank\" href=\"https:\/\/www.perfil.com\/noticias\/ciencia\/la-teoria-que-vincula-al-cometa-3iatlas-con-el-posible-desarrollo-de-vida-inteligente-en-marte.phtml\" rel=\"nofollow noopener\">La teor\u00eda que vincula al cometa 3I\/ATLAS con el posible desarrollo de vida inteligente en Marte<\/a><\/p>\n<p>\n        Esto no les gusta a los autoritarios\n    <\/p>\n<p>\n                El ejercicio del periodismo profesional y cr\u00edtico es un pilar fundamental de la democracia. Por eso molesta a quienes creen ser los due\u00f1os de la verdad.\n            <\/p>\n<p>La combinaci\u00f3n de alta aceleraci\u00f3n y trayectoria abierta, garantiza que el cuerpo celeste no ser\u00e1 capturado por la gravedad solar.<\/p>\n<p>      <img decoding=\"async\" style=\"max-width: 100%; width: 100%;\" alt=\"Cometa Atlas 31 24112025\" height=\"730\" src=\"https:\/\/www.europesays.com\/es\/wp-content\/uploads\/2025\/11\/cometa-atlas-31-24112025-2142217.jpg\" width=\"1300\" loading=\"lazy\"\/>  <strong>Trayectoria hiperp\u00f3lica del cometa 3I\/ATLAS<\/strong>        <\/p>\n<p>La trayectoria hiperb\u00f3lica indica una velocidad mayor que la velocidad de escape local en un punto. El<strong> <a target=\"_blank\" href=\"https:\/\/www.perfil.com\/noticias\/ciencia\/la-administracion-espacial-nacional-china-logro-la-primera-observacion-cercana-del-cometa-3iatlas.phtml\" rel=\"nofollow noopener\">cometa 3I\/Atlas<\/a> <\/strong>entra en el Sistema Solar, asciende por desviaci\u00f3n y nunca forma una \u00f3rbita.<\/p>\n<p>Un estudio publicado el \u00faltimo lunes 24 de noviembre, detalla los patrones de llegada de los objetos interestelares a la Tierra en caso de impacto. <\/p>\n<p>La combinaci\u00f3n de factores gravitacionales y movimiento relativo define patrones de llegada claros, incluso con una probabilidad extremadamente baja.<\/p>\n<p class=\"destacadoNota\"><a target=\"_blank\" href=\"https:\/\/www.perfil.com\/noticias\/ciencia\/la-agencia-espacial-europea-mejoro-la-trayectoria-del-cometa-3iatlas-con-datos-de-marte.phtml\" rel=\"nofollow noopener\">La Agencia Espacial Europea mejor\u00f3 la trayectoria del cometa 3I\/ATLAS con datos de Marte<\/a><\/p>\n<p>Las simulaciones llevadas a cabo por los expertos se\u00f1alan que el<strong> cometa 3I\/ATLAS<\/strong> alcanzar\u00eda una velocidad promedio de 72 km\/s al momento de un hipot\u00e9tico impacto, un valor superior al de la mayor\u00eda de los meteoroides del <strong>Sistema Solar<\/strong>. <\/p>\n<p>      <img decoding=\"async\" style=\"max-width: 100%; width: 100%;\" alt=\"Cometa Atlas 31 24112025\" height=\"730\" src=\"https:\/\/www.europesays.com\/es\/wp-content\/uploads\/2025\/11\/cometa-atlas-31-24112025-2142216.jpg\" width=\"1300\" loading=\"lazy\"\/>  <strong>Cometa 3I\/ATLAS<\/strong>        Los autores generaron 26 mil millones de objetos sint\u00e9ticos bas\u00e1ndose en el movimiento de las estrellas enanas    <\/p>\n<p>El modelo reprodujo el flujo interestelar observado y aplic\u00f3 perturbaciones gravitacionales del Sol. El resultado mape\u00f3 exclusivamente la distribuci\u00f3n esperada de los impactos, sin estimar la frecuencia absoluta.<\/p>\n<p class=\"destacadoNota\"><a target=\"_blank\" href=\"https:\/\/www.perfil.com\/noticias\/ciencia\/la-nasa-anuncio-la-fecha-clave-en-la-que-el-cometa-3iatlas-hara-su-acercamiento-a30-mas-proximo-a-la-tierra.phtml\" rel=\"nofollow noopener\">La NASA anunci\u00f3 la fecha clave en la que el cometa 3I\/ATLAS har\u00e1 su acercamiento m\u00e1s pr\u00f3ximo a la Tierra<\/a><\/p>\n<p>Los investigadores utilizaron millones de trayectorias virtuales para mapear tiempos, direcciones y regiones con mayor probabilidad de caer.<\/p>\n<p>PM<\/p>\n","protected":false},"excerpt":{"rendered":"El cometa 3I\/ATLAS, el tercer visitante externo del Sistema Solar en la historia, alcanz\u00f3 una velocidad de 57&hellip;\n","protected":false},"author":2,"featured_media":253738,"comment_status":"","ping_status":"","sticky":false,"template":"","format":"standard","meta":{"footnotes":""},"categories":[81],"tags":[119,123,124,25,24,117,121,122,23,118,120],"class_list":{"0":"post-253737","1":"post","2":"type-post","3":"status-publish","4":"format-standard","5":"has-post-thumbnail","7":"category-ciencia-y-tecnologia","8":"tag-ciencia","9":"tag-ciencia-y-tecnologia","10":"tag-cienciaytecnologia","11":"tag-es","12":"tag-espana","13":"tag-science","14":"tag-science-and-technology","15":"tag-scienceandtechnology","16":"tag-spain","17":"tag-technology","18":"tag-tecnologia"},"share_on_mastodon":{"url":"https:\/\/pubeurope.com\/@es\/115606373639228849","error":""},"_links":{"self":[{"href":"https:\/\/www.europesays.com\/es\/wp-json\/wp\/v2\/posts\/253737","targetHints":{"allow":["GET"]}}],"collection":[{"href":"https:\/\/www.europesays.com\/es\/wp-json\/wp\/v2\/posts"}],"about":[{"href":"https:\/\/www.europesays.com\/es\/wp-json\/wp\/v2\/types\/post"}],"author":[{"embeddable":true,"href":"https:\/\/www.europesays.com\/es\/wp-json\/wp\/v2\/users\/2"}],"replies":[{"embeddable":true,"href":"https:\/\/www.europesays.com\/es\/wp-json\/wp\/v2\/comments?post=253737"}],"version-history":[{"count":0,"href":"https:\/\/www.europesays.com\/es\/wp-json\/wp\/v2\/posts\/253737\/revisions"}],"wp:featuredmedia":[{"embeddable":true,"href":"https:\/\/www.europesays.com\/es\/wp-json\/wp\/v2\/media\/253738"}],"wp:attachment":[{"href":"https:\/\/www.europesays.com\/es\/wp-json\/wp\/v2\/media?parent=253737"}],"wp:term":[{"taxonomy":"category","embeddable":true,"href":"https:\/\/www.europesays.com\/es\/wp-json\/wp\/v2\/categories?post=253737"},{"taxonomy":"post_tag","embeddable":true,"href":"https:\/\/www.europesays.com\/es\/wp-json\/wp\/v2\/tags?post=253737"}],"curies":[{"name":"wp","href":"https:\/\/api.w.org\/{rel}","templated":true}]}}