{"id":253743,"date":"2025-11-24T19:42:09","date_gmt":"2025-11-24T19:42:09","guid":{"rendered":"https:\/\/www.europesays.com\/es\/253743\/"},"modified":"2025-11-24T19:42:09","modified_gmt":"2025-11-24T19:42:09","slug":"la-policia-consigue-una-orden-de-detencion-para-que-cuba-arreste-al-profesor-pederasta-que-violo-sadicamente-a-una-de-sus-alumnas-tribunales","status":"publish","type":"post","link":"https:\/\/www.europesays.com\/es\/253743\/","title":{"rendered":"La Polic\u00eda consigue una orden de detenci\u00f3n para que Cuba arreste al profesor pederasta que viol\u00f3 s\u00e1dicamente a una de sus alumnas | Tribunales"},"content":{"rendered":"<p>Marti\u00f1o Ramos, el profesor de m\u00fasica condenado por violar a una de sus alumnas en Ourense cuando ten\u00eda entre 6 y 12 a\u00f1os, se ha convertido en uno de los 10 fugitivos m\u00e1s buscados en Espa\u00f1a. La Polic\u00eda Nacional le ha incluido en la la lista de los pr\u00f3fugos m\u00e1s peligrosos de nuestro pa\u00eds para intentar que Cuba colabore en su detenci\u00f3n. <\/p>\n<p>Este depredador sexual escap\u00f3 en julio, lo hizo solo unos d\u00edas antes de que el Tribunal Supremo confirmase su condena a 13 a\u00f1os de prisi\u00f3n. Marti\u00f1o Ramos, que particip\u00f3 de manera activa en el movimiento pol\u00edtico de En Marea, sab\u00eda lo que hac\u00eda, huy\u00f3 a Cuba consciente de que es uno de los pa\u00edses que no tiene un acuerdo de extradici\u00f3n con Espa\u00f1a. <\/p>\n<p>A los propios investigadores les sorprendi\u00f3 la huida tan \u201cplanificada\u201d que emprendi\u00f3 para poder salir de Espa\u00f1a. Primero entr\u00f3 por carretera en Portugal, despu\u00e9s viaj\u00f3 a Brasil, una vez all\u00ed, vol\u00f3 hasta Per\u00fa y, finalmente, se escondi\u00f3 en La Habana. Utiliz\u00f3 todo tipo de medios t\u00e9cnicos para poder evitar el seguimiento de las autoridades, ayudado por conocidos en la isla caribe\u00f1a que le dieron cobijo. <\/p>\n<p>La Polic\u00eda curs\u00f3 el pasado 31 de octubre en la Audiencia Provincial de Ourense una orden internacional de detenci\u00f3n para que Cuba arreste a este peligroso violador. \u201cEl problema es que en cuba no hay un acuerdo de extradici\u00f3n, pero eso no significa que no se pueda extraditar\u201d, apunta el jefe de la secci\u00f3n de Fugitivos de la Polic\u00eda Nacional, Fernando Gonz\u00e1lez. <\/p>\n<p>La Polic\u00eda Nacional ha incluido a este pr\u00f3fugo en la lista de los m\u00e1s buscados para intentar que Cuba colabore en su detenci\u00f3n. \u201cSu inclusi\u00f3n en la lista de los m\u00e1s buscados obedece a criterios operativos que se enmarcan en esa estrategia para conseguir la detenci\u00f3n de Marti\u00f1o\u201d, a\u00f1ade el m\u00e1ximo responsables de la unidad dedicada a la b\u00fasqueda de pr\u00f3fugos. <\/p>\n<p>El propio Marti\u00f1o Ramos se jact\u00f3 de su nueva vida en Cuba, a trav\u00e9s de la red social Instagram donde colg\u00f3 todo tipo de fotos, mientras compagina su trabajo como fot\u00f3grafo en desfiles de modelos.<\/p>\n<p>Su arresto a\u00fan no se materializado, existe una alta probabilidad de que Marti\u00f1o Ramos intente escapar despu\u00e9s de que El Espa\u00f1ol revelase este fin de semana su paradero, aunque la Polic\u00eda Nacional conf\u00eda en que las autoridades cubanas impidan que este pederasta escape de nuevo.<\/p>\n","protected":false},"excerpt":{"rendered":"Marti\u00f1o Ramos, el profesor de m\u00fasica condenado por violar a una de sus alumnas en Ourense cuando ten\u00eda&hellip;\n","protected":false},"author":2,"featured_media":253744,"comment_status":"","ping_status":"","sticky":false,"template":"","format":"standard","meta":{"footnotes":""},"categories":[8],"tags":[17,18,25,24,13,14,11,19,20,9,10,15,16,23,12,21,22],"class_list":{"0":"post-253743","1":"post","2":"type-post","3":"status-publish","4":"format-standard","5":"has-post-thumbnail","7":"category-espana","8":"tag-breaking-news","9":"tag-breakingnews","10":"tag-es","11":"tag-espana","12":"tag-featured-news","13":"tag-featurednews","14":"tag-headlines","15":"tag-latest-news","16":"tag-latestnews","17":"tag-news","18":"tag-noticias","19":"tag-noticias-destacadas","20":"tag-noticiasdestacadas","21":"tag-spain","22":"tag-titulares","23":"tag-ultimas-noticias","24":"tag-ultimasnoticias"},"share_on_mastodon":{"url":"https:\/\/pubeurope.com\/@es\/115606385190960913","error":""},"_links":{"self":[{"href":"https:\/\/www.europesays.com\/es\/wp-json\/wp\/v2\/posts\/253743","targetHints":{"allow":["GET"]}}],"collection":[{"href":"https:\/\/www.europesays.com\/es\/wp-json\/wp\/v2\/posts"}],"about":[{"href":"https:\/\/www.europesays.com\/es\/wp-json\/wp\/v2\/types\/post"}],"author":[{"embeddable":true,"href":"https:\/\/www.europesays.com\/es\/wp-json\/wp\/v2\/users\/2"}],"replies":[{"embeddable":true,"href":"https:\/\/www.europesays.com\/es\/wp-json\/wp\/v2\/comments?post=253743"}],"version-history":[{"count":0,"href":"https:\/\/www.europesays.com\/es\/wp-json\/wp\/v2\/posts\/253743\/revisions"}],"wp:featuredmedia":[{"embeddable":true,"href":"https:\/\/www.europesays.com\/es\/wp-json\/wp\/v2\/media\/253744"}],"wp:attachment":[{"href":"https:\/\/www.europesays.com\/es\/wp-json\/wp\/v2\/media?parent=253743"}],"wp:term":[{"taxonomy":"category","embeddable":true,"href":"https:\/\/www.europesays.com\/es\/wp-json\/wp\/v2\/categories?post=253743"},{"taxonomy":"post_tag","embeddable":true,"href":"https:\/\/www.europesays.com\/es\/wp-json\/wp\/v2\/tags?post=253743"}],"curies":[{"name":"wp","href":"https:\/\/api.w.org\/{rel}","templated":true}]}}