{"id":253745,"date":"2025-11-24T19:43:19","date_gmt":"2025-11-24T19:43:19","guid":{"rendered":"https:\/\/www.europesays.com\/es\/253745\/"},"modified":"2025-11-24T19:43:19","modified_gmt":"2025-11-24T19:43:19","slug":"varias-entidades-de-aljaraque-preparan-zapatos-rojos-para-la-lucha-contra-la-violencia-hacia-las-mujeres","status":"publish","type":"post","link":"https:\/\/www.europesays.com\/es\/253745\/","title":{"rendered":"Varias entidades de Aljaraque preparan zapatos rojos para la lucha contra la violencia hacia las mujeres"},"content":{"rendered":"<p>\t\t<a href=\"https:\/\/www.ayto-aljaraque.es\/export\/sites\/aljaraque\/es\/.galleries\/imagenes-noticias\/noticias-2025\/Noviembre-2025\/Zapatos-Rojos-4.jpg\" title=\"\" class=\"wrapper-image zoom-filter \" rel=\"prettyPhoto[gallery1] nofollow noopener\" target=\"_blank\">\t\t\t<\/p>\n<p>\t\t\t\t\t\t<img loading=\"lazy\" decoding=\"async\" class=\"img-responsive\" src=\"https:\/\/www.europesays.com\/es\/wp-content\/uploads\/2025\/11\/Zapatos-Rojos-4.jpg_423443442.jpg\" width=\"1600\" height=\"1143\" title=\"Zapatos Rojos (4)\" alt=\"Zapatos Rojos (4)\"\/><\/p>\n<p>\t\t\t\t<\/a><\/p>\n<p>El Centro de Informaci\u00f3n a la Mujer ha comenzado los preparativos de la exposici\u00f3n \u2018Zapatos rojos\u2019, una de las actividades principales con la que la Concejal\u00eda de Igualdad, dirigida por Josefa Arenas, se unir\u00e1 a la lucha contra la violencia hacia las mujeres como parte de la se\u00f1alada jornada del 25N. El evento coordinado por el propio centro cuenta con la participaci\u00f3n de varias entidades del municipio y de centros educativos, como el centro de adultos SEPER El Pinar.<\/p>\n<p>La iniciativa ver\u00e1 la luz en el acto institucional que, como cada a\u00f1o, realiza el Ayuntamiento de Aljaraque con motivo del \u2018D\u00eda Internacional Contra la Violencia Hacia las Mujeres\u2019.<\/p>\n","protected":false},"excerpt":{"rendered":"El Centro de Informaci\u00f3n a la Mujer ha comenzado los preparativos de la exposici\u00f3n \u2018Zapatos rojos\u2019, una de&hellip;\n","protected":false},"author":2,"featured_media":253746,"comment_status":"","ping_status":"","sticky":false,"template":"","format":"standard","meta":{"footnotes":""},"categories":[5],"tags":[17,18,25,24,13,14,11,19,20,9,10,15,16,23,12,21,22],"class_list":{"0":"post-253745","1":"post","2":"type-post","3":"status-publish","4":"format-standard","5":"has-post-thumbnail","7":"category-titulares","8":"tag-breaking-news","9":"tag-breakingnews","10":"tag-es","11":"tag-espana","12":"tag-featured-news","13":"tag-featurednews","14":"tag-headlines","15":"tag-latest-news","16":"tag-latestnews","17":"tag-news","18":"tag-noticias","19":"tag-noticias-destacadas","20":"tag-noticiasdestacadas","21":"tag-spain","22":"tag-titulares","23":"tag-ultimas-noticias","24":"tag-ultimasnoticias"},"share_on_mastodon":{"url":"https:\/\/pubeurope.com\/@es\/115606389384688550","error":""},"_links":{"self":[{"href":"https:\/\/www.europesays.com\/es\/wp-json\/wp\/v2\/posts\/253745","targetHints":{"allow":["GET"]}}],"collection":[{"href":"https:\/\/www.europesays.com\/es\/wp-json\/wp\/v2\/posts"}],"about":[{"href":"https:\/\/www.europesays.com\/es\/wp-json\/wp\/v2\/types\/post"}],"author":[{"embeddable":true,"href":"https:\/\/www.europesays.com\/es\/wp-json\/wp\/v2\/users\/2"}],"replies":[{"embeddable":true,"href":"https:\/\/www.europesays.com\/es\/wp-json\/wp\/v2\/comments?post=253745"}],"version-history":[{"count":0,"href":"https:\/\/www.europesays.com\/es\/wp-json\/wp\/v2\/posts\/253745\/revisions"}],"wp:featuredmedia":[{"embeddable":true,"href":"https:\/\/www.europesays.com\/es\/wp-json\/wp\/v2\/media\/253746"}],"wp:attachment":[{"href":"https:\/\/www.europesays.com\/es\/wp-json\/wp\/v2\/media?parent=253745"}],"wp:term":[{"taxonomy":"category","embeddable":true,"href":"https:\/\/www.europesays.com\/es\/wp-json\/wp\/v2\/categories?post=253745"},{"taxonomy":"post_tag","embeddable":true,"href":"https:\/\/www.europesays.com\/es\/wp-json\/wp\/v2\/tags?post=253745"}],"curies":[{"name":"wp","href":"https:\/\/api.w.org\/{rel}","templated":true}]}}