{"id":253747,"date":"2025-11-24T19:48:09","date_gmt":"2025-11-24T19:48:09","guid":{"rendered":"https:\/\/www.europesays.com\/es\/253747\/"},"modified":"2025-11-24T19:48:09","modified_gmt":"2025-11-24T19:48:09","slug":"debiamos-estar-aqui-despues-de-todos-estos-anos-de-apoyo-de-marca","status":"publish","type":"post","link":"https:\/\/www.europesays.com\/es\/253747\/","title":{"rendered":"Deb\u00edamos estar aqu\u00ed despu\u00e9s de todos estos a\u00f1os de apoyo de MARCA"},"content":{"rendered":"<p data-mrf-recirculation=\"Links P\u00e1rrafos\" class=\"ue-c-article__paragraph paragraph ue-c-article--first-letter-highlighted\">R<strong>afa Nadal<\/strong> es uno de los protagonista de la Gala Premios MARCA ADN del Deporte. Al llegar al <strong>Real Casino de Madrid<\/strong>, se detuvo ante el micr\u00f3fono de MARCA. \u201cEstoy contento de estar aqu\u00ed, agradecido a MARCA por haberme invitado y haber cre\u00eddo que soy merecedor del reconocimiento. Ver a compa\u00f1eros siempre es un motivo de alegr\u00eda\u201d, coment\u00f3 Nadal, uno de los galardonados de la noche.<\/p>\n<p data-mrf-recirculation=\"Links P\u00e1rrafos\" class=\"ue-c-article__paragraph paragraph\"><strong>Nadal habl\u00f3 de c\u00f3mo ha sido este primer a\u00f1o tras colgar la raqueta<\/strong>: \u00abEs un a\u00f1o complicado, el primero de la retirada, es l\u00f3gico que te quieran en muchos lugares, pero en todos no puedo estar porque tengo mi trabajo. He intentado estar primero en los lugares en los que hemos considerado que deber\u00edamos estar y aqu\u00ed es uno de ellos despu\u00e9s de todos estos a\u00f1os de apoyo de MARCA\u201d<\/p>\n<p data-mrf-recirculation=\"Links P\u00e1rrafos\" class=\"ue-c-article__paragraph paragraph\">El <strong>tenista balear repas\u00f3 tambi\u00e9n lo ocurrido en la Final a 8 de la Copa Davis en Bolonia<\/strong>. \u00abHa sido un torneo espectacular, ha sido una pena al final, Jaume estaba jugando el mejor tenis de su vida. Fue una pena el comienzo del segundo set cuando ya ten\u00eda el break arriba\u00bb.<\/p>\n<p data-mrf-recirculation=\"Links P\u00e1rrafos\" class=\"ue-c-article__paragraph paragraph\">Nadal sigui\u00f3 analizando la final entre Espa\u00f1a e Italia: \u00ab<strong>Normalmente cuando ganas un set con la claridad que hab\u00eda hecho Munar<\/strong>, y jugando al nivel que hab\u00eda hecho, los comienzos de los segundos sets suelen ser cr\u00edticos, pero \u00e9l hizo el break que era lo m\u00e1s complicado y fue una pena que se escaparan unos cuantos puntos para ponerse 2-0 y luego el partido se l\u00eda\u00bb.<\/p>\n<p data-mrf-recirculation=\"Links P\u00e1rrafos\" class=\"ue-c-article__paragraph paragraph\"><strong>Nadal puso en valor el trabajo del capit\u00e1n David Ferrer y de todo el equipo<\/strong>: \u00abLos jugadores han rendido a un nivel enorme,  han demostrado ser un equipo y el capit\u00e1n ha hecho un trabajdo espectacular tras haber perdido a Carlos [Alcaraz] un d\u00eda antes de empezar con lo que ello significa, ha sabido motivar y hacer creer al equipo y tanto Jaume, Marcel, Pablo como Pedro han rendido a un nivel muy alto\u00bb.<\/p>\n","protected":false},"excerpt":{"rendered":"Rafa Nadal es uno de los protagonista de la Gala Premios MARCA ADN del Deporte. Al llegar al&hellip;\n","protected":false},"author":2,"featured_media":253748,"comment_status":"","ping_status":"","sticky":false,"template":"","format":"standard","meta":{"footnotes":""},"categories":[274],"tags":[168,25,24,23,167,327,326],"class_list":{"0":"post-253747","1":"post","2":"type-post","3":"status-publish","4":"format-standard","5":"has-post-thumbnail","7":"category-tenis","8":"tag-deportes","9":"tag-es","10":"tag-espana","11":"tag-spain","12":"tag-sports","13":"tag-tenis","14":"tag-tennis"},"share_on_mastodon":{"url":"https:\/\/pubeurope.com\/@es\/115606409487460285","error":""},"_links":{"self":[{"href":"https:\/\/www.europesays.com\/es\/wp-json\/wp\/v2\/posts\/253747","targetHints":{"allow":["GET"]}}],"collection":[{"href":"https:\/\/www.europesays.com\/es\/wp-json\/wp\/v2\/posts"}],"about":[{"href":"https:\/\/www.europesays.com\/es\/wp-json\/wp\/v2\/types\/post"}],"author":[{"embeddable":true,"href":"https:\/\/www.europesays.com\/es\/wp-json\/wp\/v2\/users\/2"}],"replies":[{"embeddable":true,"href":"https:\/\/www.europesays.com\/es\/wp-json\/wp\/v2\/comments?post=253747"}],"version-history":[{"count":0,"href":"https:\/\/www.europesays.com\/es\/wp-json\/wp\/v2\/posts\/253747\/revisions"}],"wp:featuredmedia":[{"embeddable":true,"href":"https:\/\/www.europesays.com\/es\/wp-json\/wp\/v2\/media\/253748"}],"wp:attachment":[{"href":"https:\/\/www.europesays.com\/es\/wp-json\/wp\/v2\/media?parent=253747"}],"wp:term":[{"taxonomy":"category","embeddable":true,"href":"https:\/\/www.europesays.com\/es\/wp-json\/wp\/v2\/categories?post=253747"},{"taxonomy":"post_tag","embeddable":true,"href":"https:\/\/www.europesays.com\/es\/wp-json\/wp\/v2\/tags?post=253747"}],"curies":[{"name":"wp","href":"https:\/\/api.w.org\/{rel}","templated":true}]}}