{"id":253751,"date":"2025-11-24T19:51:13","date_gmt":"2025-11-24T19:51:13","guid":{"rendered":"https:\/\/www.europesays.com\/es\/253751\/"},"modified":"2025-11-24T19:51:13","modified_gmt":"2025-11-24T19:51:13","slug":"laporta-autoriza-el-primer-fichaje-de-xavi-pascual-para-su-nuevo-barca-de-basket","status":"publish","type":"post","link":"https:\/\/www.europesays.com\/es\/253751\/","title":{"rendered":"Laporta autoriza el primer fichaje de Xavi Pascual para su nuevo Bar\u00e7a de basket"},"content":{"rendered":"<p>                <a href=\"https:\/\/cronicaglobal.elespanol.com\/culemania\/secciones\/\" class=\"kicker--section\" rel=\"nofollow noopener\" target=\"_blank\">Secciones<\/a><\/p>\n<p>\n    El entrenador de Gav\u00e0 habr\u00eda pedido a un ala-p\u00edvot que juega en la liga italiana\n<\/p>\n<p>    Noticias relacionadas<\/p>\n<p class=\"paragraph\" id=\"paragraph_1\">El <strong>primer refuerzo<\/strong> de la era <a href=\"https:\/\/cronicaglobal.elespanol.com\/culemania\/secciones\/20251124\/xavi-pascual-desvela-problema-barca-no-piernas\/1003742710130_0.html?utm_cmp_rs=linksinline\" target=\"_blank\" rel=\"nofollow noopener\"><strong>Xavi Pascual<\/strong><\/a> podr\u00eda estar al caer. El t\u00e9cnico de Gav\u00e0, <a href=\"https:\/\/cronicaglobal.elespanol.com\/culemania\/secciones\/20251119\/xavi-pascual-construir-barca-basket-temporadas-transicion\/1003742708702_0.html?utm_cmp_rs=linksinline\" target=\"_blank\" rel=\"nofollow noopener\">en su primera comparecencia<\/a> como entrenador del <a href=\"https:\/\/cronicaglobal.elespanol.com\/culemania\/culemaniacos\/20251123\/futbol-basket-grandes-atracos-laporta-socios-barca\/1003742709969_0.html?utm_cmp_rs=linksinline\" target=\"_blank\" rel=\"nofollow noopener\"><strong>Bar\u00e7a de basket<\/strong><\/a>, asegur\u00f3 que no quer\u00eda \u00abintentar fichar a nadie hasta tener clara la realidad del equipo\u00bb. En unos d\u00edas, el ext\u00e9cnico del Zenit San Petersburgo parece tener claro que se necesita un <strong>ala-p\u00edvot<\/strong>.<\/p>\n<p class=\"paragraph\" id=\"paragraph_2\"><a href=\"https:\/\/cronicaglobal.elespanol.com\/culemania\/secciones\/20251113\/condiciones-entrenador-posicionado-sustituir-joan-penarroya-barca\/1003742706999_0.html?utm_cmp_rs=linksinline\" target=\"_blank\" rel=\"nofollow noopener\">Tal y como explic\u00f3 Culeman\u00eda<\/a>, una de las condiciones por las que Pascual acab\u00f3 firmando es porque, quitando el contrato hasta 2028 que muestra la apuesta por un proyecto de largo recorrido, quer\u00eda una <strong>plantilla capaz de ganar todos los t\u00edtulos<\/strong>. As\u00ed, Laporta habr\u00eda dado el visto bueno a la primera petici\u00f3n del entrenador catal\u00e1n, <strong>Amar Alibegovic<\/strong>.<\/p>\n<p>Un alero de 2,06 metros<\/p>\n<p class=\"paragraph\" id=\"paragraph_3\">Seg\u00fan adelanta el portal\u00a0Solobasket italiano, <strong>el Bar\u00e7a tiene atado al\u00a0cuatro de 2,06 metros de altura y 30 a\u00f1os<\/strong>. Alibegovic juega en el <strong>Trapani Shark<\/strong>, equipo actualmente clasificado en la quinta posici\u00f3n de la liga italiana. El ala-p\u00edvot no ocupar\u00eda plaza de extracomunitario, al haber nacido en Oreg\u00f3n pero tener el <strong>pasaporte bosnio<\/strong>.\u00a0<\/p>\n<p><img loading=\"lazy\" decoding=\"async\" alt=\"Amar Alibegovic, jugador del Trapani Shark\" height=\"1639\" src=\"https:\/\/www.europesays.com\/es\/wp-content\/uploads\/2025\/11\/1003742710325_15440751_1706x1639.jpg\" width=\"1706\" data-lazy-status=\"processed\" data-lazy-info=\"remove loading item 1\"\/><\/p>\n<p>                                                            Amar Alibegovic, jugador del Trapani Shark<\/p>\n<p>                    REDES<\/p>\n<p class=\"paragraph\" id=\"paragraph_4\">En su cuenta de Instagram, el jugador de Trapani Shark public\u00f3 un v\u00eddeo del pabell\u00f3n de su equipo con un coraz\u00f3n. Fue justo despu\u00e9s del \u00faltimo partido y las im\u00e1genes tienen aires de despedida. Alibegovic podr\u00eda poner en la rampa de salida a <strong>Miles Norris<\/strong>, que juega en su misma posici\u00f3n, ocupa un cupo como estadounidense, y fue <strong>desconvocado<\/strong> <a href=\"https:\/\/cronicaglobal.elespanol.com\/culemania\/secciones\/20251123\/xavi-pascual-estrella-barca-resurreccion-esperada-palau\/1003742710060_0.html?utm_cmp_rs=linksinline\" target=\"_blank\" rel=\"nofollow noopener\">contra el <strong>Gran Canaria<\/strong><\/a>.<\/p>\n<p>Aspecto a mejorar<\/p>\n<p class=\"paragraph\" id=\"paragraph_5\">El internacional con Bosnia est\u00e1 promediando <strong>12 puntos por partido, 2,3 rebotes y 1,3 asistencias<\/strong> en la <strong>Basketball Champions League<\/strong>, con un 62% en tiros de dos y un 35,3% desde el triple.<\/p>\n<p><img decoding=\"async\" alt=\"Amar Alibegovic, jugador del Trapani Shark\" height=\"1579\" loading=\"lazy\" width=\"1706\" data-lazy-status=\"processed\" id=\"1cdad1ad27\" src=\"https:\/\/cronicaglobal.elespanol.com\/culemania\/secciones\/20251124\/laporta-autoriza-primer-fichaje-xavi-pascual-barca\/[\" https:=\"\" data-lazy-info=\"changed src\"\/><\/p>\n<p>                                                            Amar Alibegovic, jugador del Trapani Shark<\/p>\n<p>                    REDES<\/p>\n<p class=\"paragraph\" id=\"paragraph_6\">En su liga, los n\u00fameros bajan hasta los 8,6 puntos, con un 50% en lanzamientos cerca del aro y un pobre <strong>21% desde m\u00e1s all\u00e1 de los 6,75 metros<\/strong>. En Trapani Shark, Alibegovic tiene gran protagonismo. Acostumbra a rebasar la barrera de los 20 minutos por duelo. En caso de llegar al Bar\u00e7a, est\u00e1 por ver qu\u00e9 rol le otorgar\u00eda Pascual.<\/p>\n","protected":false},"excerpt":{"rendered":"Secciones El entrenador de Gav\u00e0 habr\u00eda pedido a un ala-p\u00edvot que juega en la liga italiana Noticias relacionadas&hellip;\n","protected":false},"author":2,"featured_media":253752,"comment_status":"","ping_status":"","sticky":false,"template":"","format":"standard","meta":{"footnotes":""},"categories":[269],"tags":[299,298,168,25,24,4469,11166,4470,23,167,4658],"class_list":{"0":"post-253751","1":"post","2":"type-post","3":"status-publish","4":"format-standard","5":"has-post-thumbnail","7":"category-baloncesto","8":"tag-baloncesto","9":"tag-basketball","10":"tag-deportes","11":"tag-es","12":"tag-espana","13":"tag-fcb-basket","14":"tag-fichajes-barca","15":"tag-secciones","16":"tag-spain","17":"tag-sports","18":"tag-xavi-pascual"},"share_on_mastodon":{"url":"https:\/\/pubeurope.com\/@es\/115606421224561377","error":""},"_links":{"self":[{"href":"https:\/\/www.europesays.com\/es\/wp-json\/wp\/v2\/posts\/253751","targetHints":{"allow":["GET"]}}],"collection":[{"href":"https:\/\/www.europesays.com\/es\/wp-json\/wp\/v2\/posts"}],"about":[{"href":"https:\/\/www.europesays.com\/es\/wp-json\/wp\/v2\/types\/post"}],"author":[{"embeddable":true,"href":"https:\/\/www.europesays.com\/es\/wp-json\/wp\/v2\/users\/2"}],"replies":[{"embeddable":true,"href":"https:\/\/www.europesays.com\/es\/wp-json\/wp\/v2\/comments?post=253751"}],"version-history":[{"count":0,"href":"https:\/\/www.europesays.com\/es\/wp-json\/wp\/v2\/posts\/253751\/revisions"}],"wp:featuredmedia":[{"embeddable":true,"href":"https:\/\/www.europesays.com\/es\/wp-json\/wp\/v2\/media\/253752"}],"wp:attachment":[{"href":"https:\/\/www.europesays.com\/es\/wp-json\/wp\/v2\/media?parent=253751"}],"wp:term":[{"taxonomy":"category","embeddable":true,"href":"https:\/\/www.europesays.com\/es\/wp-json\/wp\/v2\/categories?post=253751"},{"taxonomy":"post_tag","embeddable":true,"href":"https:\/\/www.europesays.com\/es\/wp-json\/wp\/v2\/tags?post=253751"}],"curies":[{"name":"wp","href":"https:\/\/api.w.org\/{rel}","templated":true}]}}