{"id":253761,"date":"2025-11-24T19:57:12","date_gmt":"2025-11-24T19:57:12","guid":{"rendered":"https:\/\/www.europesays.com\/es\/253761\/"},"modified":"2025-11-24T19:57:12","modified_gmt":"2025-11-24T19:57:12","slug":"dua-lipa-llego-a-peru-y-se-tomo-fotos-con-sus-fans-afuera-de-su-hotel-en-lima","status":"publish","type":"post","link":"https:\/\/www.europesays.com\/es\/253761\/","title":{"rendered":"Dua Lipa lleg\u00f3 a Per\u00fa y se tom\u00f3 fotos con sus fans afuera de su hotel en Lima"},"content":{"rendered":"<p>La reconocida artista mostr\u00f3 cercan\u00eda con sus seguidores al compartir un momento con ellos mientras cumpl\u00eda con su agenda en Per\u00fa | TikTok<\/p>\n<p class=\"paragraph\"><a href=\"https:\/\/www.infobae.com\/peru\/2025\/11\/23\/dua-lipa-aterriza-en-lima-y-desata-la-euforia-de-sus-fans-peruanos-con-su-llegada-en-jet-privado\/\" target=\"_blank\" rel=\"noreferrer nofollow noopener\" title=\"https:\/\/www.infobae.com\/peru\/2025\/11\/23\/dua-lipa-aterriza-en-lima-y-desata-la-euforia-de-sus-fans-peruanos-con-su-llegada-en-jet-privado\/\">La llegada de <b>Dua Lipa<\/b> a <b>Lima<\/b> <\/a>desat\u00f3 una ola de emoci\u00f3n entre sus fans locales, que no dudaron en formar filas afuera del <b>Belmond Miraflores Park Hotel<\/b> para intentar ver a la estrella brit\u00e1nica. La artista aterriz\u00f3 en la capital peruana este domingo 23 de noviembre, poco despu\u00e9s de las 14:00 horas, a bordo de un jet privado valuado en m\u00e1s de <b>USD 25 millones<\/b> y procedente de <b>R\u00edo de Janeiro<\/b>. Apenas se supo que la cantante ya estaba en la ciudad, sus seguidores movilizaron redes sociales y reportaron detalles de su trayecto y hospedaje.<\/p>\n<p class=\"paragraph\"><a href=\"https:\/\/www.infobae.com\/peru\/2025\/11\/02\/dua-lipa-presume-su-dominio-del-espanol-y-emociona-a-sus-seguidores-con-un-gesto-especial-antes-de-su-gira-por-sudamerica\/\" target=\"_blank\" rel=\"noreferrer nofollow noopener\" title=\"https:\/\/www.infobae.com\/peru\/2025\/11\/02\/dua-lipa-presume-su-dominio-del-espanol-y-emociona-a-sus-seguidores-con-un-gesto-especial-antes-de-su-gira-por-sudamerica\/\"><b>Dua Lipa<\/b> no solo cumpli\u00f3 con su agenda,<\/a> sino que tambi\u00e9n sorprendi\u00f3 a quienes la esperaban en la puerta del hotel. La artista se mostr\u00f3 cercana y accedi\u00f3 a los pedidos de fotograf\u00edas, generando gran entusiasmo entre el grupo de seguidores que se reuni\u00f3 a saludarla. Uno de los momentos m\u00e1s comentados ocurri\u00f3 cuando la propia cantante tom\u00f3 un celular de los fans y registr\u00f3 la instant\u00e1nea grupal que r\u00e1pidamente se volvi\u00f3 viral en redes como <b>TikTok<\/b>.<\/p>\n<p class=\"paragraph\">El ambiente afuera del hotel era de expectativa y alegr\u00eda. Al ver a la cantante, los fan\u00e1ticos la llamaron y, sin dudarlo, <a href=\"https:\/\/www.infobae.com\/peru\/2025\/04\/01\/dua-lipa-en-peru-precios-de-entradas-zonas-preventa-como-comprar-descuento-interbank-estadio-san-marcos-ticketmaster\/\" target=\"_blank\" rel=\"noreferrer nofollow noopener\" title=\"https:\/\/www.infobae.com\/peru\/2025\/04\/01\/dua-lipa-en-peru-precios-de-entradas-zonas-preventa-como-comprar-descuento-interbank-estadio-san-marcos-ticketmaster\/\"><b>Dua Lipa<\/b> <\/a>se acerc\u00f3, generando gritos de emoci\u00f3n y agradecimiento. Muchos de los presentes hab\u00edan esperado varias horas solo para lograr ese momento. Los videos compartidos muestran la espontaneidad del encuentro y c\u00f3mo la artista dedic\u00f3 unos minutos a compartir con sus admiradores, sin prisas ni gestos de incomodidad.<\/p>\n<p><img alt=\"Dua Lipa se tom\u00f3 fotos\" class=\"global-image\" decoding=\"async\" fetchpriority=\"low\" height=\"899\" loading=\"lazy\" src=\"https:\/\/www.europesays.com\/es\/wp-content\/uploads\/2025\/11\/ZCWEY7QDEVCFBA6DDWSFI4IHRI.png\" width=\"506\"\/>Dua Lipa se tom\u00f3 fotos con sus fans afuera de su hotel en Lima<\/p>\n<p class=\"paragraph\">La visita de la cantante a <b>Per\u00fa<\/b> <a href=\"https:\/\/www.infobae.com\/peru\/2025\/04\/01\/dua-lipa-en-peru-las-divertidas-reacciones-de-sus-fans-a-su-esperado-show-en-lima\/\" target=\"_blank\" rel=\"noreferrer nofollow noopener\" title=\"https:\/\/www.infobae.com\/peru\/2025\/04\/01\/dua-lipa-en-peru-las-divertidas-reacciones-de-sus-fans-a-su-esperado-show-en-lima\/\">se produce en el marco de su primera presentaci\u00f3n en el pa\u00eds,<\/a> hecho que increment\u00f3 la emoci\u00f3n en las calles lime\u00f1as. Los seguidores no solo aprovecharon la oportunidad de verla en persona, sino que tambi\u00e9n comenzaron a organizarse para esperar nuevas salidas de la artista durante su estad\u00eda.<\/p>\n<p class=\"paragraph\">Las plataformas digitales se llenaron de fotos y videos del encuentro. Un usuario bajo el nombre @demisdead public\u00f3 la imagen que se tom\u00f3 junto a <b>Dua Lipa<\/b>, sumando m\u00e1s pruebas del contacto directo y cordial de la artista con su p\u00fablico local. El ambiente afuera del <b>Belmond Miraflores Park Hotel<\/b> continu\u00f3 animado durante horas, con m\u00e1s personas acerc\u00e1ndose en busca de una foto o un saludo antes del show.<\/p>\n<p class=\"paragraph\">En este paso por <b>Lima<\/b>, la cantante mostr\u00f3 facilidad para comunicarse en espa\u00f1ol y dej\u00f3 claro que disfruta compartir con sus seguidores durante sus giras. Su paso por la ciudad, con un recibimiento tan c\u00e1lido y una interacci\u00f3n inesperada, sigue generando conversaci\u00f3n tanto en redes como en las calles.<\/p>\n<p><img alt=\"Dua Lipa se tom\u00f3 fotos\" class=\"global-image\" decoding=\"async\" fetchpriority=\"low\" height=\"1080\" loading=\"lazy\" src=\"https:\/\/www.europesays.com\/es\/wp-content\/uploads\/2025\/11\/BEEQQY6N7RHVRJKNA7NKMJWTEM.jpg\" width=\"1920\"\/>Dua Lipa se tom\u00f3 fotos con sus fans afuera de su hotel en Lima (@demisdead\/TikTok)<\/p>\n<p class=\"paragraph\">El concierto de <b>Dua Lipa<\/b> en <b>Lima<\/b> est\u00e1 programado para el 25 de noviembre de 2025 en el <b>Estadio San Marcos<\/b>, como parte de su gira mundial \u201cRadical Optimism Tour\u201d. El espect\u00e1culo es uno de los eventos m\u00e1s esperados por los fan\u00e1ticos peruanos de la artista brit\u00e1nica, que visitar\u00e1 la capital por primera vez con su show en vivo. <\/p>\n<p class=\"paragraph\">Las entradas a\u00fan est\u00e1n disponibles para diferentes zonas del recinto. Los boletos para <b>Cancha 1<\/b> pueden adquirirse a un precio de <b>552 soles<\/b>, mientras que la secci\u00f3n <b>Cancha 2<\/b> se ofrece a <b>322 soles<\/b>. Ambas opciones permiten disfrutar de una ubicaci\u00f3n cercana al escenario y vivir la experiencia completa del cancionero de la artista, que ha situado varias de sus canciones en los primeros lugares de los rankings mundiales. Las entradas se pueden comprar a trav\u00e9s de la plataforma oficial <a rel=\"noopener noreferrer sponsored nofollow\" href=\"https:\/\/www.ticketmaster.pe\/event\/dua-lipa-2025?utm_source=openai\" target=\"_blank\">ticketmaster.pe<\/a>.<\/p>\n<p><img alt=\"Dua Lipa en Per\u00fa: precios\" class=\"global-image\" decoding=\"async\" fetchpriority=\"low\" height=\"1080\" loading=\"lazy\" src=\"https:\/\/www.europesays.com\/es\/wp-content\/uploads\/2025\/11\/6LTY5Z2HL5C4TJ33JIJOGDGLF4.jpg\" width=\"1920\"\/>Dua Lipa en Per\u00fa: precios de entradas, zonas y cu\u00e1ndo inicia la preventa de su show en el Estadio San Marcos<\/p>\n","protected":false},"excerpt":{"rendered":"La reconocida artista mostr\u00f3 cercan\u00eda con sus seguidores al compartir un momento con ellos mientras cumpl\u00eda con su&hellip;\n","protected":false},"author":2,"featured_media":253762,"comment_status":"","ping_status":"","sticky":false,"template":"","format":"standard","meta":{"footnotes":""},"categories":[170],"tags":[146,147,25,24,184,185,23],"class_list":{"0":"post-253761","1":"post","2":"type-post","3":"status-publish","4":"format-standard","5":"has-post-thumbnail","7":"category-musica","8":"tag-entertainment","9":"tag-entretenimiento","10":"tag-es","11":"tag-espana","12":"tag-music","13":"tag-musica","14":"tag-spain"},"share_on_mastodon":{"url":"https:\/\/pubeurope.com\/@es\/115606444529764931","error":""},"_links":{"self":[{"href":"https:\/\/www.europesays.com\/es\/wp-json\/wp\/v2\/posts\/253761","targetHints":{"allow":["GET"]}}],"collection":[{"href":"https:\/\/www.europesays.com\/es\/wp-json\/wp\/v2\/posts"}],"about":[{"href":"https:\/\/www.europesays.com\/es\/wp-json\/wp\/v2\/types\/post"}],"author":[{"embeddable":true,"href":"https:\/\/www.europesays.com\/es\/wp-json\/wp\/v2\/users\/2"}],"replies":[{"embeddable":true,"href":"https:\/\/www.europesays.com\/es\/wp-json\/wp\/v2\/comments?post=253761"}],"version-history":[{"count":0,"href":"https:\/\/www.europesays.com\/es\/wp-json\/wp\/v2\/posts\/253761\/revisions"}],"wp:featuredmedia":[{"embeddable":true,"href":"https:\/\/www.europesays.com\/es\/wp-json\/wp\/v2\/media\/253762"}],"wp:attachment":[{"href":"https:\/\/www.europesays.com\/es\/wp-json\/wp\/v2\/media?parent=253761"}],"wp:term":[{"taxonomy":"category","embeddable":true,"href":"https:\/\/www.europesays.com\/es\/wp-json\/wp\/v2\/categories?post=253761"},{"taxonomy":"post_tag","embeddable":true,"href":"https:\/\/www.europesays.com\/es\/wp-json\/wp\/v2\/tags?post=253761"}],"curies":[{"name":"wp","href":"https:\/\/api.w.org\/{rel}","templated":true}]}}