{"id":253771,"date":"2025-11-24T20:02:08","date_gmt":"2025-11-24T20:02:08","guid":{"rendered":"https:\/\/www.europesays.com\/es\/253771\/"},"modified":"2025-11-24T20:02:08","modified_gmt":"2025-11-24T20:02:08","slug":"samsung-tambien-ha-puesto-a-dieta-el-precio-del-galaxy-s25-edge-por-el-black-friday-el-de-512-gb-nunca-ha-costado-tan-poco","status":"publish","type":"post","link":"https:\/\/www.europesays.com\/es\/253771\/","title":{"rendered":"Samsung tambi\u00e9n ha puesto a dieta el precio del Galaxy S25 Edge por el Black Friday. El de 512 GB nunca ha costado tan poco"},"content":{"rendered":"<p>Para esa gente que prefieren los m\u00f3viles cuanto m\u00e1s delgados y ligeros, ya sabr\u00e1s que Samsung tiene un modelo pensado para ti. Se trata del <strong>Galaxy S25 Edge<\/strong>, perteneciente a la gama premium de la marca y con un precio igualmente premium&#8230; hasta que llega el Black Friday: ahora mismo, puedes hacerte con el de <strong>512 GB<\/strong> a unos tentadores <a rel=\"nofollow, sponsored, noopener, noreferrer\" target=\"_blank\" class=\"js-ecommerce\" id=\"link-ecommerce-1\" href=\"https:\/\/www.xatakamovil.com\/redirect?url=https%3A%2F%2Fwww.samsung.com%2Fes%2Fsmartphones%2Fgalaxy-s25-ultra%2Fbuy%2F&amp;category=territorio-samsung&amp;ecomPostExpiration=perish&amp;postId=198782\" data-vars-affiliate-url=\"https:\/\/www.samsung.com\/es\/smartphones\/galaxy-s25-ultra\/buy\/\">899 euros<\/a>, que ya es muy buen precio, pero a\u00fan podemos pagar menos por \u00e9l. Te lo contamos.<\/p>\n<p> <a rel=\"nofollow, sponsored, noopener, noreferrer\" target=\"_blank\" href=\"https:\/\/www.xatakamovil.com\/redirect?site=xatakamovil&amp;url=https%3A%2F%2Fwww.samsung.com%2Fes%2Fsmartphones%2Fgalaxy-s25-ultra%2Fbuy%2F%3FmodelCode%3DSM-S937BZKGEUB&amp;affiliate_id=&amp;ecomPostExpiration=perish&amp;postId=198782\"><br \/>\n     <img loading=\"lazy\" decoding=\"async\" src=\"https:\/\/i.blogs.es\/81778e\/31r16afltpl._sl500_\/original.webp\" onerror=\"this.src=\" https:=\"\" false=\"\" alt=\"Samsung Galaxy S25 Edge 512GB\" width=\"500\" height=\"500\"\/><br \/>\n   <\/a><\/p>\n<p class=\"pivot-ecommerce-desc\">Samsung Galaxy S25 Edge 512GB<\/p>\n<p>El precio podr\u00eda variar. Obtenemos comisi\u00f3n por estos enlaces<\/p>\n<p>Como estamos en plena campa\u00f1a de Black Friday, son varias las posibilidades que nos ofrece Samsung para ahorrarnos m\u00e1s dinero sobre este precio ya rebajado de <a rel=\"nofollow, sponsored, noopener, noreferrer\" target=\"_blank\" class=\"js-ecommerce\" id=\"link-ecommerce-2\" href=\"https:\/\/www.xatakamovil.com\/redirect?url=https%3A%2F%2Fwww.samsung.com%2Fes%2Fsmartphones%2Fgalaxy-s25-ultra%2Fbuy%2F&amp;category=territorio-samsung&amp;ecomPostExpiration=perish&amp;postId=198782\" data-vars-affiliate-url=\"https:\/\/www.samsung.com\/es\/smartphones\/galaxy-s25-ultra\/buy\/\">899 euros<\/a>. Por ejemplo, tenemos la opci\u00f3n de aplicar el <strong>c\u00f3digo APP5<\/strong> desde la app Samsung Shop, que nos resta un 5% del precio y nos lo deja en <strong>854,05 euros<\/strong>. (Es el mismo descuento que conseguiremos si pedimos un c\u00f3digo en el chat de atenci\u00f3n al cliente, lo que nos sirve para hacer el pedido online, por ejemplo). A esta cantidad, adem\u00e1s, podemos restarle 50 euros m\u00e1s si hacemos el pago mediante Bizum o Samsung Pay, con lo que se nos quedar\u00e1 en unos ajustad\u00edsimos <a rel=\"nofollow, sponsored, noopener, noreferrer\" target=\"_blank\" class=\"js-ecommerce\" id=\"link-ecommerce-3\" href=\"https:\/\/www.xatakamovil.com\/redirect?url=https%3A%2F%2Fwww.samsung.com%2Fes%2Fsmartphones%2Fgalaxy-s25-ultra%2Fbuy%2F&amp;category=territorio-samsung&amp;ecomPostExpiration=perish&amp;postId=198782\" data-vars-affiliate-url=\"https:\/\/www.samsung.com\/es\/smartphones\/galaxy-s25-ultra\/buy\/\">804,05 euros<\/a>.<\/p>\n<p>A esto podemos a\u00f1adir que <strong>Samsung nos regala el cargador<\/strong> y que, si tambi\u00e9n a\u00f1adimos el <strong>c\u00f3digo BLACKFUNDA<\/strong>, nos regala la carcasa protectora valorada en 34,90 euros para nuestro flamante Galaxy. Y como extra, por si el Galaxy que tienes en mente no es el Edge, Samsung te regala unos <strong>Galaxy Buds3<\/strong> en color gris si tu pedido es superior a 1.000 euros. S\u00f3lo tienes que a\u00f1adir el c\u00f3digo <strong>REGALOBF<\/strong> al hacer el pedido.<\/p>\n<p>Galaxy S25 Edge, ahora tambi\u00e9n \u00abdelgado\u00bb en precio<\/p>\n<p>                    <a rel=\"nofollow, sponsored, noopener, noreferrer\" target=\"_blank\" class=\"js-ecommerce\" id=\"link-ecommerce-4\" href=\"https:\/\/www.xatakamovil.com\/redirect?url=https%3A%2F%2Fwww.samsung.com%2Fes%2Fsmartphones%2Fgalaxy-s25-ultra%2Fbuy%2F%3FmodelCode%3DSM-S937BZKGEUB&amp;category=territorio-samsung&amp;ecomPostExpiration=perish&amp;postId=198782\" data-vars-affiliate-url=\"https:\/\/www.samsung.com\/es\/smartphones\/galaxy-s25-ultra\/buy\/?modelCode=SM-S937BZKGEUB\"><br \/>\n         <img class=\"centro_sinmarco\" height=\"628\" width=\"942\" loading=\"lazy\" decoding=\"async\"  fetchpriority=\"high\"  src=\"https:\/\/i.blogs.es\/ecb9e0\/galaxy-edge-2\/450_1000.webp\" alt=\"Galaxy Edge 2\" onerror=\"this.src=\" https:=\"\" false=\"\"\/><\/p>\n<p>     <\/a><\/p>\n<p>El modelo m\u00e1s nuevo en incorporarse a la familia S ha sido el <strong>Edge<\/strong>, que no ten\u00eda antecesores hasta la fecha. Es un smartphone que va dirigido a un p\u00fablico muy concreto; aquellos que quieren un m\u00f3vil ligero, que no moleste (tanto) en el bolsillo y que ofrezca un dise\u00f1o exclusivo, diferente a lo que estamos acostumbrados a ver. Todo ello sin renunciar a potencia y rendimiento.<\/p>\n<p>Y en todo ello cumple el <a class=\"text-outboundlink\" href=\"https:\/\/www.xatakamovil.com\/samsung\/samsung-galaxy-s25-edge-caracteristicas-precio-ficha-tecnica\" data-vars-post-title=\"Samsung Galaxy S25 Edge: un m\u00f3vil premium y extremadamente delgado que hace algunos sacrificios para lograrlo\" data-vars-post-url=\"https:\/\/www.xatakamovil.com\/samsung\/samsung-galaxy-s25-edge-caracteristicas-precio-ficha-tecnica\" rel=\"nofollow noopener\" target=\"_blank\">Galaxy S25 Edge<\/a>, con una pantalla del mismo tama\u00f1o que la del <a class=\"text-outboundlink\" href=\"https:\/\/www.xatakamovil.com\/samsung\/samsung-galaxy-s25-samsung-galaxy-s25-plus-samsung-galaxy-s25-ultra-caracteristicas-precio-ficha-tecnica\" data-vars-post-title=\"Samsung Galaxy S25, Galaxy S25+ y Samsung Galaxy S25 Ultra, el \u00f3rdago a mejor m\u00f3vil del a\u00f1o esconde varios trucos de IA y potencia a rabiar\" data-vars-post-url=\"https:\/\/www.xatakamovil.com\/samsung\/samsung-galaxy-s25-samsung-galaxy-s25-plus-samsung-galaxy-s25-ultra-caracteristicas-precio-ficha-tecnica\" rel=\"nofollow noopener\" target=\"_blank\">Galaxy S25+<\/a>, con <strong>6,7 pulgadas<\/strong>, de tipo AMOLED con resoluci\u00f3n QHD+ y 120 Hz de refresco.<\/p>\n<p>Bajo esta tenemos la misma potencia que en le resto de la familia, gracias al <a class=\"text-outboundlink\" href=\"https:\/\/www.xatakamovil.com\/movil-y-sociedad\/snapdragon-8-elite-caracteristicas-precio-ficha-tecnica\" data-vars-post-title=\"Snapdragon 8 Elite, Qualcomm desaf\u00eda al Apple A18 Pro con un procesador que promete rebosar de potencia los mejores Android\" data-vars-post-url=\"https:\/\/www.xatakamovil.com\/movil-y-sociedad\/snapdragon-8-elite-caracteristicas-precio-ficha-tecnica\" rel=\"nofollow noopener\" target=\"_blank\">Snapdragon 8 Elite<\/a> elegido como procesador y a los mismos <strong>12 GB de RAM<\/strong> que en aquellos. Adem\u00e1s, aunque se vende en dos capacidades, con 256 y 512 GB, la de la oferta es la versi\u00f3n con m\u00e1s espacio, la de <strong>512 GB<\/strong> que, en este caso, sale pr\u00e1cticamente al mismo precio que la b\u00e1sica.<\/p>\n<p>Del apartado fotogr\u00e1fico, decir que el Edge cuenta con una doble c\u00e1mara trasera, con un sensor principal de <strong>200 Mp<\/strong>, como en el S25 Ultra, mientras que el ultra grana angular se conforma con 12 Mp, los mismos que encontramos en la c\u00e1mara frontal.<\/p>\n<p>    <a href=\"https:\/\/www.xatakamovil.com\/territorio-samsung\/precios-galaxy-suelos-black-friday-asi-puedes-conseguir-baratos-mejores-moviles-samsung\" class=\"pivot-outboundlink\" data-vars-post-title=\"Los precios de los Galaxy por los suelos por el Black Friday. As\u00ed puedes conseguir m\u00e1s baratos los mejores m\u00f3viles de Samsung \" rel=\"nofollow noopener\" target=\"_blank\"><br \/>\n     <img loading=\"lazy\" decoding=\"async\" alt=\"Los precios de los Galaxy por los suelos por el Black Friday. As\u00ed puedes conseguir m\u00e1s baratos los mejores m\u00f3viles de Samsung \" width=\"375\" height=\"142\" src=\"https:\/\/i.blogs.es\/24f713\/black_friday_samsung\/375_142.webp\" onerror=\"this.src=\" https:=\"\"\/><br \/>\n    <\/a><\/p>\n<p>Quiz\u00e1s el aspecto m\u00e1s mejorable de este modelo sea la bater\u00eda, de <strong>3.900 mAh<\/strong>, aunque Samsung ha hecho un gran trabajo con \u00e9l y con su sistema operativo, consiguiendo que se muy eficiente y que d\u00e9 para un d\u00eda de uso sin mucho problema. Adem\u00e1s, cuenta con <strong>carga r\u00e1pida de 25W<\/strong> y con carga inal\u00e1mbrica r\u00e1pida.<\/p>\n<p>Por lo dem\u00e1s, decir que dispone de <strong>5G<\/strong> as\u00ed como de <a class=\"text-outboundlink\" href=\"https:\/\/www.xataka.com\/nuevo\/nuevo-wifi-7-informacion\" data-vars-post-title=\"WiFi 7: qu\u00e9 es, para qu\u00e9 sirve y todas las novedades del nuevo est\u00e1ndar WiFi\" data-vars-post-url=\"https:\/\/www.xataka.com\/nuevo\/nuevo-wifi-7-informacion\" rel=\"nofollow noopener\" target=\"_blank\">WiFi 7<\/a> y <a class=\"text-outboundlink\" href=\"https:\/\/www.xataka.com\/basics\/bluetooth-5-4-novedades-diferencias-nueva-version-estandar-comunicacion-inalambrico\" data-vars-post-title=\"Bluetooth 5.4: novedades y diferencias de la nueva versi\u00f3n del est\u00e1ndar de comunicaci\u00f3n inal\u00e1mbrico \" data-vars-post-url=\"https:\/\/www.xataka.com\/basics\/bluetooth-5-4-novedades-diferencias-nueva-version-estandar-comunicacion-inalambrico\" rel=\"nofollow noopener\" target=\"_blank\">Bluetooth 5.4<\/a>, pr\u00e1cticamente lo \u00faltimo en conectividad inal\u00e1mbrica. Tampoco se queda atr\u00e1s en resistencia al agua y el polvo, <a class=\"text-outboundlink\" href=\"https:\/\/www.xataka.com\/basics\/ip55-ip67-ip68-otras-que-significan-tipos-proteccion-telefono-dispositivo\" data-vars-post-title=\"IP55, IP67, IP68, y otras: qu\u00e9 significan y tipos de protecci\u00f3n de un tel\u00e9fono o dispositivo\" data-vars-post-url=\"https:\/\/www.xataka.com\/basics\/ip55-ip67-ip68-otras-que-significan-tipos-proteccion-telefono-dispositivo\" rel=\"nofollow noopener\" target=\"_blank\">tiene certificaci\u00f3n IP68<\/a> y viene con <a class=\"text-outboundlink\" href=\"https:\/\/www.territorioese.com\/one-ui\/nuevo-one-ui-7-informacion\" data-vars-post-title=\"One UI 7, todo lo que sabemos hasta ahora: novedades, modelos de Samsung Galaxy compatibles y m\u00e1s\" data-vars-post-url=\"https:\/\/www.territorioese.com\/one-ui\/nuevo-one-ui-7-informacion\" rel=\"nofollow noopener\" target=\"_blank\">One UI 7<\/a> sobre Android 15 como sistema operativo, pero nada m\u00e1s sacarlo de su caja podremos actualizar a <a class=\"text-outboundlink\" href=\"https:\/\/www.territorioese.com\/one-ui\/nuevo-one-ui-8-informacion\" data-vars-post-title=\"Qu\u00e9 sabemos de One UI 8 y c\u00f3mo puedo ver si mi Samsung Galaxy ser\u00e1 compatible\" data-vars-post-url=\"https:\/\/www.territorioese.com\/one-ui\/nuevo-one-ui-8-informacion\" rel=\"nofollow noopener\" target=\"_blank\">One UI 8<\/a>. Adem\u00e1s, Samsung nos garantiza 7 a\u00f1os de actualizaciones para \u00e9l.<\/p>\n<p>Im\u00e1genes | Samsung<\/p>\n<p>En Xataka SmartHome | <a class=\"text-outboundlink\" href=\"https:\/\/www.xatakahome.com\/territorio-samsung\/no-no-tu-tele-nueva-actualizacion-tizen-provoca-que-app-youtube-deje-funcionar-hay-solucion\" data-vars-post-title=\"He actualizado a Tizen 9 y Youtube ha dejado de funcionar. La soluci\u00f3n no es complicada, pero est\u00e1 lejos del televisor\" data-vars-post-url=\"https:\/\/www.xatakahome.com\/territorio-samsung\/no-no-tu-tele-nueva-actualizacion-tizen-provoca-que-app-youtube-deje-funcionar-hay-solucion\" rel=\"nofollow noopener\" target=\"_blank\">No, no es tu tele: la nueva actualizaci\u00f3n de Tizen provoca que la app de YouTube deje de funcionar. Pero hay soluci\u00f3n<\/a><\/p>\n<p>En Xataka SmartHome | <a class=\"text-outboundlink\" href=\"https:\/\/www.xatakahome.com\/servicios-de-smart-tv\/guerra-hdr-vuelve-a-recrudecerse-samsung-lanzara-hdr10-advanced-nuevo-formato-para-competir-dolby-vision-2\" data-vars-post-title=\"La guerra por el HDR vuelve a recrudecerse. Samsung lanzar\u00e1 HDR10+ Advanced, un nuevo formato para competir con Dolby Vision 2 \" data-vars-post-url=\"https:\/\/www.xatakahome.com\/servicios-de-smart-tv\/guerra-hdr-vuelve-a-recrudecerse-samsung-lanzara-hdr10-advanced-nuevo-formato-para-competir-dolby-vision-2\" rel=\"nofollow noopener\" target=\"_blank\">La guerra por el HDR vuelve a recrudecerse. Samsung lanzar\u00e1 HDR10+ Advanced, un nuevo formato para competir con Dolby Vision 2<\/a><\/p>\n","protected":false},"excerpt":{"rendered":"Para esa gente que prefieren los m\u00f3viles cuanto m\u00e1s delgados y ligeros, ya sabr\u00e1s que Samsung tiene un&hellip;\n","protected":false},"author":2,"featured_media":253772,"comment_status":"","ping_status":"","sticky":false,"template":"","format":"standard","meta":{"footnotes":""},"categories":[81],"tags":[119,123,124,25,24,117,121,122,23,118,120],"class_list":{"0":"post-253771","1":"post","2":"type-post","3":"status-publish","4":"format-standard","5":"has-post-thumbnail","7":"category-ciencia-y-tecnologia","8":"tag-ciencia","9":"tag-ciencia-y-tecnologia","10":"tag-cienciaytecnologia","11":"tag-es","12":"tag-espana","13":"tag-science","14":"tag-science-and-technology","15":"tag-scienceandtechnology","16":"tag-spain","17":"tag-technology","18":"tag-tecnologia"},"share_on_mastodon":{"url":"https:\/\/pubeurope.com\/@es\/115606464015813432","error":""},"_links":{"self":[{"href":"https:\/\/www.europesays.com\/es\/wp-json\/wp\/v2\/posts\/253771","targetHints":{"allow":["GET"]}}],"collection":[{"href":"https:\/\/www.europesays.com\/es\/wp-json\/wp\/v2\/posts"}],"about":[{"href":"https:\/\/www.europesays.com\/es\/wp-json\/wp\/v2\/types\/post"}],"author":[{"embeddable":true,"href":"https:\/\/www.europesays.com\/es\/wp-json\/wp\/v2\/users\/2"}],"replies":[{"embeddable":true,"href":"https:\/\/www.europesays.com\/es\/wp-json\/wp\/v2\/comments?post=253771"}],"version-history":[{"count":0,"href":"https:\/\/www.europesays.com\/es\/wp-json\/wp\/v2\/posts\/253771\/revisions"}],"wp:featuredmedia":[{"embeddable":true,"href":"https:\/\/www.europesays.com\/es\/wp-json\/wp\/v2\/media\/253772"}],"wp:attachment":[{"href":"https:\/\/www.europesays.com\/es\/wp-json\/wp\/v2\/media?parent=253771"}],"wp:term":[{"taxonomy":"category","embeddable":true,"href":"https:\/\/www.europesays.com\/es\/wp-json\/wp\/v2\/categories?post=253771"},{"taxonomy":"post_tag","embeddable":true,"href":"https:\/\/www.europesays.com\/es\/wp-json\/wp\/v2\/tags?post=253771"}],"curies":[{"name":"wp","href":"https:\/\/api.w.org\/{rel}","templated":true}]}}