{"id":253781,"date":"2025-11-24T20:11:09","date_gmt":"2025-11-24T20:11:09","guid":{"rendered":"https:\/\/www.europesays.com\/es\/253781\/"},"modified":"2025-11-24T20:11:09","modified_gmt":"2025-11-24T20:11:09","slug":"la-defensa-de-toni-nadal-a-david-ferrer-en-el-caso-alejandro-davidovich-seria-incapaz-de","status":"publish","type":"post","link":"https:\/\/www.europesays.com\/es\/253781\/","title":{"rendered":"La defensa de Toni Nadal a David Ferrer en el caso Alejandro Davidovich: \u00abSer\u00eda incapaz de&#8230;\u00bb"},"content":{"rendered":"<p class=\"L6-news-detail__text\">Espa\u00f1a se qued\u00f3 a las puertas del t\u00edtulo en la <b><a title=\"Copa Davis\" href=\"https:\/\/www.lasexta.com\/noticias\/deportes\/tenis\/numero-uno-dentro-fuera-campo-emotivo-mensaje-alcaraz-espana-final-copa-davis_202511236923690f8080bd5ad621977c.html\" target=\"_blank\" rel=\"nofollow noopener\">Copa Davis<\/a><\/b>. El combinado nacional perdi\u00f3 en la final ante Italia y, con <b><a title=\"Carlos Alcaraz\" href=\"https:\/\/www.lasexta.com\/noticias\/deportes\/tenis\/tajante-pronostico-exentrenador-federer-rivalidad-carlos-alcaraz-sinner_20251124692449d28080bd5ad6226449.html\" target=\"_blank\" rel=\"nofollow noopener\">Carlos Alcaraz<\/a><\/b> lesionado, muchos han criticado la ausencia de <b>Alejandro Davidovich<\/b> en el equipo (mejor tenista espa\u00f1ol en el ranking despu\u00e9s del murciano).<\/p>\n<p class=\"L6-news-detail__text\">La oleada de cr\u00edticas dirigidas hacia <b>David Ferrer<\/b> han despertado la defensa de <b><a title=\"Toni Nadal\" href=\"https:\/\/www.lasexta.com\/noticias\/deportes\/tenis\/toni-nadal-sinner-nivel-djokovic-tienen-cosas-comun-pero_2025111269146f6420a810129a2b1d58.html\" target=\"_blank\" rel=\"nofollow noopener\">Toni Nadal<\/a><\/b>: \u00abSin ning\u00fan atisbo de duda, <b>no conocen a David; me refiero a su integridad y bonhom\u00eda. <\/b>Los que le conocemos bien sabemos que<b> \u00e9l ser\u00eda incapaz de actuar por despecho y, menos a\u00fan, perjudicar al equipo espa\u00f1ol<\/b>\u00ab.<\/p>\n<p class=\"L6-news-detail__text\">En este contexto, el t\u00edo de Rafa Nadal destaca la integridad del capit\u00e1n nacional en respuesta a los que se\u00f1alan que la ausencia de <b>Davidovich <\/b>se justifica en el <b>ego de Ferrer<\/b> despu\u00e9s de que el malague\u00f1o rechazara a \u00faltima hora participar en las dos \u00faltimas eliminatorias.<\/p>\n<p class=\"L6-news-detail__text\">De hecho, Toni se\u00f1ala al n\u00famero catorce del mundo como la persona a la que se deber\u00eda pedir responsabilidades: \u00abProbablemente, la baja de Davidovich ha sido sensible, pero creo que es atribuible s\u00f3lo a \u00e9l <b>no haberse querido dar la oportunidad de contribuir al que hubiera podido ser el mayor \u00e9xito de su carrera<\/b>\u00ab.<\/p>\n<p class=\"L6-news-detail__text\">Adem\u00e1s, Nadal ha destacado la labor de Ferrer y todo el equipo que, a pesar de no contar con los dos mejores jugadores del panorama nacional, han conseguido ofrecer un desempe\u00f1o extraordinario: \u00abDavid Ferrer, ha sabido trasladar a su equipo el esp\u00edritu de lucha, la confianza y el empe\u00f1o en no desfallecer. Hemos visto c\u00f3mo ha sido capaz de <b>crear el ambiente id\u00f3neo para que cada miembro del equipo diera lo mejor de s\u00ed mismo<\/b>\u00ab.<\/p>\n<p class=\"L6-support-news-video__title\">&#8216;El Cafelito&#8217;<\/p>\n<p>            <a href=\"https:\/\/www.lasexta.com\/noticias\/deportes\/futbol\/ezequiel-garay-revela-mal-que-pasan-futbolistas-cuando-retiran-pozo_2025112169207c366c137a6987771ee2.html\" class=\"L6-news__link\" rel=\"nofollow noopener\" target=\"_blank\"><br \/>\n                Ezequiel Garay revela lo mal que lo pasan los futbolistas cuando se retiran: \u00abEs ir al pozo&#8230;\u00bb<\/p>\n<p class=\"recirculation-video-desc\">El exjugador, en &#8216;El Cafelito&#8217; de Josep Pedrerol, cuenta c\u00f3mo fue su salida del f\u00fatbol: \u00abYo no estaba preparado\u00bb.<\/p>\n<p>            <\/a><\/p>\n","protected":false},"excerpt":{"rendered":"Espa\u00f1a se qued\u00f3 a las puertas del t\u00edtulo en la Copa Davis. El combinado nacional perdi\u00f3 en la&hellip;\n","protected":false},"author":2,"featured_media":253782,"comment_status":"","ping_status":"","sticky":false,"template":"","format":"standard","meta":{"footnotes":""},"categories":[274],"tags":[168,25,24,23,167,327,326],"class_list":{"0":"post-253781","1":"post","2":"type-post","3":"status-publish","4":"format-standard","5":"has-post-thumbnail","7":"category-tenis","8":"tag-deportes","9":"tag-es","10":"tag-espana","11":"tag-spain","12":"tag-sports","13":"tag-tenis","14":"tag-tennis"},"share_on_mastodon":{"url":"https:\/\/pubeurope.com\/@es\/115606499259046495","error":""},"_links":{"self":[{"href":"https:\/\/www.europesays.com\/es\/wp-json\/wp\/v2\/posts\/253781","targetHints":{"allow":["GET"]}}],"collection":[{"href":"https:\/\/www.europesays.com\/es\/wp-json\/wp\/v2\/posts"}],"about":[{"href":"https:\/\/www.europesays.com\/es\/wp-json\/wp\/v2\/types\/post"}],"author":[{"embeddable":true,"href":"https:\/\/www.europesays.com\/es\/wp-json\/wp\/v2\/users\/2"}],"replies":[{"embeddable":true,"href":"https:\/\/www.europesays.com\/es\/wp-json\/wp\/v2\/comments?post=253781"}],"version-history":[{"count":0,"href":"https:\/\/www.europesays.com\/es\/wp-json\/wp\/v2\/posts\/253781\/revisions"}],"wp:featuredmedia":[{"embeddable":true,"href":"https:\/\/www.europesays.com\/es\/wp-json\/wp\/v2\/media\/253782"}],"wp:attachment":[{"href":"https:\/\/www.europesays.com\/es\/wp-json\/wp\/v2\/media?parent=253781"}],"wp:term":[{"taxonomy":"category","embeddable":true,"href":"https:\/\/www.europesays.com\/es\/wp-json\/wp\/v2\/categories?post=253781"},{"taxonomy":"post_tag","embeddable":true,"href":"https:\/\/www.europesays.com\/es\/wp-json\/wp\/v2\/tags?post=253781"}],"curies":[{"name":"wp","href":"https:\/\/api.w.org\/{rel}","templated":true}]}}