{"id":253794,"date":"2025-11-24T20:20:09","date_gmt":"2025-11-24T20:20:09","guid":{"rendered":"https:\/\/www.europesays.com\/es\/253794\/"},"modified":"2025-11-24T20:20:09","modified_gmt":"2025-11-24T20:20:09","slug":"guns-n-roses-anuncia-su-gran-regreso-a-sudamerica-en-2026-con-ciudades-y-fechas-vuelven-a-colombia","status":"publish","type":"post","link":"https:\/\/www.europesays.com\/es\/253794\/","title":{"rendered":"Guns N&#8217; Roses anuncia su gran regreso a Sudam\u00e9rica en 2026 con ciudades y fechas: \u00bfVuelven a Colombia?"},"content":{"rendered":"<p>Guns N\u2019 Roses sorprendi\u00f3 a sus fan\u00e1ticos con un gran anuncio este 24 de noviembre. En tempranas horas del d\u00eda l<strong>a banda de los rev\u00f3lver y las rosas revel\u00f3 fechas de una nueva gira que llevar\u00e1 el nombre de \u2018World Tour 2026\u2019.<\/strong><\/p>\n<p>La ic\u00f3nica agrupaci\u00f3n de Axl Rose, Slash, Duff McKagan y compa\u00f1\u00eda <a href=\"https:\/\/www.radioacktiva.com\/2025\/las-3-de-canciones-de-guns-n-roses-con-letras-profundas-y-llenas-de-nostalgia-383931.html\" rel=\"nofollow noopener\" target=\"_blank\">volver\u00e1 a girar por el mundo, luego de un 2025 bastante movido que incluy\u00f3 un gran paso por Sudam\u00e9rica.<\/a><\/p>\n<p><strong>M\u00e1s noticias: <a href=\"https:\/\/www.radioacktiva.com\/2025\/anuncian-festival-que-reune-a-guns-n-roses-the-killers-los-fabulosos-cadillacs-y-mas-donde-y-cuando-sera-387847.html\" rel=\"nofollow noopener\" target=\"_blank\">Anuncian festival que re\u00fane a Guns N\u2019 Roses, The Killers, Los Fabulosos Cadillacs y m\u00e1s \u00bfD\u00f3nde y cu\u00e1ndo ser\u00e1?<\/a><\/strong><\/p>\n<p>En este caso, la banda present\u00f3 una serie de fechas por todo el mundo, <strong>donde revel\u00f3 su gran regreso a este continente, y aqu\u00ed les tenemos los detalles.<\/strong><\/p>\n<p>Guns N\u2019 Roses regresa a Sudam\u00e9rica en 2026<\/p>\n<p>Guns N\u2019 Roses fue uno de los grandes atractivos de la escena rock en Sudam\u00e9rica en este 2025. <strong>La hist\u00f3rica agrupaci\u00f3n que estremece escenarios desde 2025 volvi\u00f3 al continente con una gira imperdible.<\/strong><\/p>\n<p>Entre los pa\u00edses privilegiados por ver a estas leyendas en vivo estuvo Colombia, <a href=\"https:\/\/www.radioacktiva.com\/2025\/duff-mckagan-bajista-de-guns-n-roses-estuvo-en-exclusiva-en-radioacktiva-hicimos-historia-386280.html\" rel=\"nofollow noopener\" target=\"_blank\">con una visita exclusiva de Duff McKagan a la cabina de Radioacktiva como adicional.<\/a><\/p>\n<p>Muchos pensaban que ser\u00eda uno de los \u00faltimos shows de la banda en Sudam\u00e9rica,<strong> al menos en un largo tiempo, pero la agrupaci\u00f3n revel\u00f3 su regreso al continente este 24 de noviembre.<\/strong><\/p>\n<p>Luego de un peque\u00f1o \u2018teaser\u2019 revelado en sus redes sociales el pasado 23 de noviembre, <a href=\"https:\/\/www.radioacktiva.com\/2025\/por-que-duff-mckagan-de-guns-n-roses-estuvo-en-radioacktiva-fue-toda-una-sorpresa-386365.html\" rel=\"nofollow noopener\" target=\"_blank\">la banda dio a conocer que volver\u00e1 a salir de tour en 2026, con una gira que ya tiene fechas por todo el mundo.<\/a><\/p>\n<p><strong>M\u00e1s noticias: <a href=\"https:\/\/www.radioacktiva.com\/2025\/la-cancion-que-guns-n-roses-solo-ha-tocado-2-veces-desde-1993-volvio-al-setlist-380076.html\" rel=\"nofollow noopener\" target=\"_blank\">La canci\u00f3n que Guns N\u2019 Roses solo ha tocado 2 veces desde 1993: volvi\u00f3 al setlist<\/a><\/strong><\/p>\n<p>La banda lamentablemente no dir\u00e1 presente en Colombia, al menos por el momento, <strong>pero si estar\u00e1 por varias ciudades de Brasil, incluida una participaci\u00f3n en el festival de Monsters of Rock.<\/strong><\/p>\n<p>Todas las fechas de la banda<\/p>\n<p>Las fechas al completo son las siguientes:<\/p>\n<ul class=\"wp-block-list\">\n<li>Monterrey, M\u00e9xico \u2013 28 de marzo<\/li>\n<li>Porto Alegre, Brasil \u2013 1 de abril<\/li>\n<li>Sao Paulo, Brasil \u2013 4 de abril<\/li>\n<li>San Jos\u00e9 de Rio Preto, Brasil \u2013 7 de abril<\/li>\n<li>Rio de Janeiro, Brasil \u2013 10 de abril<\/li>\n<li>Vitoria, Brasil \u2013 12 de abril<\/li>\n<li>Salvador, Brasil \u2013 15 de abril<\/li>\n<li>Fortaleza, Brasil \u2013 18 de abril<\/li>\n<li>Sao Luiz, Brasil \u2013 21 de abril<\/li>\n<li>Belem do Para, Brasil \u2013 25 de abril<\/li>\n<li>Hollywood, Estados Unidos \u2013 5 de mayo<\/li>\n<li>Daytona Beach, Estados Unidos \u2013 7 de mayo<\/li>\n<li>Gliwice, Polonia \u2013 4 y 6 de junio<\/li>\n<li>Dublin, Irlanda \u2013 10 de junio<\/li>\n<li>Donington, Reino Unido \u2013 12 y 14 de junio<\/li>\n<li>Amsterdam, Pa\u00edses Bajos \u2013 18 y 20 de junio<\/li>\n<li>Berl\u00edn, Alemania \u2013 23 y 25 de junio<\/li>\n<li>Antwerp, B\u00e9lgica \u2013 28 de junio<\/li>\n<li>Paris, Francia \u2013 1 y 3 de julio<\/li>\n<li>Raleigh, Estados Unidos \u2013 23 de julio<\/li>\n<li>Saratoga Springs, Estados Unidos \u2013 26 de julio<\/li>\n<li>Tinley Park, Estados Unidos \u2013 29 de julio<\/li>\n<li>Hershey, Estados Unidos \u2013 1 de agosto<\/li>\n<li>Toronto, Canad\u00e1 \u2013 5 de agosto<\/li>\n<li>Shakopee, Estados Unidos \u2013 8 de agosto<\/li>\n<li>East Rutherford, Estados Unidos \u2013 12 de agosto<\/li>\n<li>St. Louis, Estados Unidos \u2013 16 de agosto<\/li>\n<li>Kansas City, Estados Unidos \u2013 19 de agosto<\/li>\n<li>Las Vegas, Estados Unidos \u2013 22 de agosto<\/li>\n<li>Edmonton, Canad\u00e1 \u2013 26 de agosto<\/li>\n<li>Vancouver, Canad\u00e1 \u2013 29 de agosto<\/li>\n<li>San Diego, Estados Unidos \u2013 2 de septiembre<\/li>\n<li>Pasadena, Estados Unidos \u2013 5 de septiembre<\/li>\n<li>Arlington, Estados Unidos \u2013 9 de septiembre<\/li>\n<li>Ridgebale, Estados Unidos \u2013 12 de septiembre<\/li>\n<li>San Antonio, Estados Unidos \u2013 16 de septiembre<\/li>\n<li>Atlanta, Estados Unidos \u2013 19 de septiembre<\/li>\n<\/ul>\n<blockquote class=\"instagram-media\" data-instgrm-captioned=\"\" data-instgrm-permalink=\"https:\/\/www.instagram.com\/p\/DRcLQKjEZ5h\/?utm_source=ig_embed&amp;utm_campaign=loading\" data-instgrm-version=\"14\" style=\" background:#FFF; border:0; border-radius:3px; box-shadow:0 0 1px 0 rgba(0,0,0,0.5),0 1px 10px 0 rgba(0,0,0,0.15); margin: 1px; max-width:540px; min-width:326px; padding:0; width:99.375%; width:-webkit-calc(100% - 2px); width:calc(100% - 2px);\"\/>\n<p>Del mismo modo, <strong><a href=\"https:\/\/www.radioacktiva.com\/2025\/guns-n-roses-lanzara-un-nuevo-album-slash-confirmo-el-sueno-de-todos-los-fanaticos-386305.html\" rel=\"nofollow noopener\" target=\"_blank\">Guns N\u2019 Roses revel\u00f3 que lanzar\u00e1 nueva m\u00fasica con sus sencillos \u2018Nothin\u201d y \u2018Atlas\u2019<\/a> el pr\u00f3ximo 2 de diciembre.<\/strong><\/p>\n<p>                <script async src=\"\/\/www.instagram.com\/embed.js\"><\/script><\/p>\n","protected":false},"excerpt":{"rendered":"Guns N\u2019 Roses sorprendi\u00f3 a sus fan\u00e1ticos con un gran anuncio este 24 de noviembre. En tempranas horas&hellip;\n","protected":false},"author":2,"featured_media":253795,"comment_status":"","ping_status":"","sticky":false,"template":"","format":"standard","meta":{"footnotes":""},"categories":[170],"tags":[64031,146,147,25,24,184,185,23],"class_list":{"0":"post-253794","1":"post","2":"type-post","3":"status-publish","4":"format-standard","5":"has-post-thumbnail","7":"category-musica","8":"tag-64031","9":"tag-entertainment","10":"tag-entretenimiento","11":"tag-es","12":"tag-espana","13":"tag-music","14":"tag-musica","15":"tag-spain"},"share_on_mastodon":{"url":"https:\/\/pubeurope.com\/@es\/115606534624213530","error":""},"_links":{"self":[{"href":"https:\/\/www.europesays.com\/es\/wp-json\/wp\/v2\/posts\/253794","targetHints":{"allow":["GET"]}}],"collection":[{"href":"https:\/\/www.europesays.com\/es\/wp-json\/wp\/v2\/posts"}],"about":[{"href":"https:\/\/www.europesays.com\/es\/wp-json\/wp\/v2\/types\/post"}],"author":[{"embeddable":true,"href":"https:\/\/www.europesays.com\/es\/wp-json\/wp\/v2\/users\/2"}],"replies":[{"embeddable":true,"href":"https:\/\/www.europesays.com\/es\/wp-json\/wp\/v2\/comments?post=253794"}],"version-history":[{"count":0,"href":"https:\/\/www.europesays.com\/es\/wp-json\/wp\/v2\/posts\/253794\/revisions"}],"wp:featuredmedia":[{"embeddable":true,"href":"https:\/\/www.europesays.com\/es\/wp-json\/wp\/v2\/media\/253795"}],"wp:attachment":[{"href":"https:\/\/www.europesays.com\/es\/wp-json\/wp\/v2\/media?parent=253794"}],"wp:term":[{"taxonomy":"category","embeddable":true,"href":"https:\/\/www.europesays.com\/es\/wp-json\/wp\/v2\/categories?post=253794"},{"taxonomy":"post_tag","embeddable":true,"href":"https:\/\/www.europesays.com\/es\/wp-json\/wp\/v2\/tags?post=253794"}],"curies":[{"name":"wp","href":"https:\/\/api.w.org\/{rel}","templated":true}]}}