{"id":253796,"date":"2025-11-24T20:21:10","date_gmt":"2025-11-24T20:21:10","guid":{"rendered":"https:\/\/www.europesays.com\/es\/253796\/"},"modified":"2025-11-24T20:21:10","modified_gmt":"2025-11-24T20:21:10","slug":"el-musical-de-dagoll-dagom-mar-i-cel-da-salto-al-cine","status":"publish","type":"post","link":"https:\/\/www.europesays.com\/es\/253796\/","title":{"rendered":"El musical de Dagoll Dagom &#8216;Mar i cel&#8217; da salto al cine"},"content":{"rendered":"<p>24\/11\/2025 a las 20:42h.<\/p>\n<p class=\"voc-save-news__paragraph\">Esta funcionalidad es s\u00f3lo para suscriptores<\/p>\n<p><a href=\"https:\/\/secure.abc.es\/suscripcion#vca=suscribete&amp;vso=abc&amp;vmc=on&amp;vli=comentarios-btn-flujo\" data-voc-vtm-id=\"comienzoSuscripcionON\" data-voc-vtm-info=\"btncomentar\" class=\"voc-btn voc-btn--w voc-btn--xs voc-save-news__btn\" rel=\"nofollow noopener\" target=\"_blank\"><br \/>\nSuscribete<br \/>\n<\/a><\/p>\n<p class=\"voc-p\" style=\"\">Barcelona, 24 nov (EFE).- El m\u00edtico musical &#8216;Mar i cel&#8217; del grupo Dagoll Dagom se ha convertido en una pelicula, dirigida por Paul\u00ed Subir\u00e1 Claramunt, una versi\u00f3n que se ha presentado este martes en Barcelona y que llegar\u00e1 a las pantallas el pr\u00f3ximo d\u00eda 28  &#8230; de noviembre. TRA\u00cdLER DE LA PEL\u00cdCULA FACILITADA POR LA PRODUCTORA<\/p>\n<p>\nArt\u00edculo solo para suscriptores\n<\/p>\n<p>Reportar un error<\/p>\n<p class=\"voc-save-news__paragraph\">Esta funcionalidad es s\u00f3lo para suscriptores<\/p>\n<p><a href=\"https:\/\/secure.abc.es\/suscripcion#vca=suscribete&amp;vso=abc&amp;vmc=on&amp;vli=comentarios-btn-flujo\" data-voc-vtm-id=\"comienzoSuscripcionON\" data-voc-vtm-info=\"btncomentar\" class=\"voc-btn voc-btn--w voc-btn--xs voc-save-news__btn\" rel=\"nofollow noopener\" target=\"_blank\"><br \/>\nSuscribete<br \/>\n<\/a><\/p>\n","protected":false},"excerpt":{"rendered":"24\/11\/2025 a las 20:42h. Esta funcionalidad es s\u00f3lo para suscriptores Suscribete Barcelona, 24 nov (EFE).- El m\u00edtico musical&hellip;\n","protected":false},"author":2,"featured_media":253797,"comment_status":"","ping_status":"","sticky":false,"template":"","format":"standard","meta":{"footnotes":""},"categories":[169],"tags":[64034,177,64032,64033,146,147,25,24,176,195,175,12212,1434,23],"class_list":{"0":"post-253796","1":"post","2":"type-post","3":"status-publish","4":"format-standard","5":"has-post-thumbnail","7":"category-cine","8":"tag-cel","9":"tag-cine","10":"tag-dagoll","11":"tag-dagom","12":"tag-entertainment","13":"tag-entretenimiento","14":"tag-es","15":"tag-espana","16":"tag-film","17":"tag-mar","18":"tag-movies","19":"tag-musical","20":"tag-salto","21":"tag-spain"},"share_on_mastodon":{"url":"https:\/\/pubeurope.com\/@es\/115606538497982352","error":""},"_links":{"self":[{"href":"https:\/\/www.europesays.com\/es\/wp-json\/wp\/v2\/posts\/253796","targetHints":{"allow":["GET"]}}],"collection":[{"href":"https:\/\/www.europesays.com\/es\/wp-json\/wp\/v2\/posts"}],"about":[{"href":"https:\/\/www.europesays.com\/es\/wp-json\/wp\/v2\/types\/post"}],"author":[{"embeddable":true,"href":"https:\/\/www.europesays.com\/es\/wp-json\/wp\/v2\/users\/2"}],"replies":[{"embeddable":true,"href":"https:\/\/www.europesays.com\/es\/wp-json\/wp\/v2\/comments?post=253796"}],"version-history":[{"count":0,"href":"https:\/\/www.europesays.com\/es\/wp-json\/wp\/v2\/posts\/253796\/revisions"}],"wp:featuredmedia":[{"embeddable":true,"href":"https:\/\/www.europesays.com\/es\/wp-json\/wp\/v2\/media\/253797"}],"wp:attachment":[{"href":"https:\/\/www.europesays.com\/es\/wp-json\/wp\/v2\/media?parent=253796"}],"wp:term":[{"taxonomy":"category","embeddable":true,"href":"https:\/\/www.europesays.com\/es\/wp-json\/wp\/v2\/categories?post=253796"},{"taxonomy":"post_tag","embeddable":true,"href":"https:\/\/www.europesays.com\/es\/wp-json\/wp\/v2\/tags?post=253796"}],"curies":[{"name":"wp","href":"https:\/\/api.w.org\/{rel}","templated":true}]}}