{"id":253802,"date":"2025-11-24T20:24:20","date_gmt":"2025-11-24T20:24:20","guid":{"rendered":"https:\/\/www.europesays.com\/es\/253802\/"},"modified":"2025-11-24T20:24:20","modified_gmt":"2025-11-24T20:24:20","slug":"el-homenaje-de-sergio-peris-mencheta-a-veronica-echegui-con-ella-siempre-se-rompia-la-rutina-y-aparecia-la-vida-carajo-gente","status":"publish","type":"post","link":"https:\/\/www.europesays.com\/es\/253802\/","title":{"rendered":"El homenaje de Sergio Peris-Mencheta a Ver\u00f3nica Echegui: \u201cCon ella siempre se romp\u00eda la rutina, y aparec\u00eda la vida, carajo\u201d | Gente"},"content":{"rendered":"<p class=\"\">Han pasado tres meses desde que la actriz que se hizo un hueco permanente en la industria del cine gracias a Yo soy Juani,<a href=\"https:\/\/elpais.com\/cultura\/2025-08-25\/muere-la-actriz-veronica-echegui-presencia-ineludible-del-cine-espanol-de-las-ultimas-decadas.html\" target=\"_blank\" rel=\"nofollow noopener\" title=\"https:\/\/elpais.com\/cultura\/2025-08-25\/muere-la-actriz-veronica-echegui-presencia-ineludible-del-cine-espanol-de-las-ultimas-decadas.html\"> Ver\u00f3nica Echegui, falleci\u00f3 de un c\u00e1ncer a los 42 a\u00f1os<\/a>. Una enfermedad que la int\u00e9rprete madrile\u00f1a, que en 2022 gan\u00f3 el Goya al mejor cortometraje de ficci\u00f3n como directora, guionista y coproductora del aterrador T\u00f3tem Loba, llev\u00f3 con mucha discreci\u00f3n. Tras su fallecimiento, el 24 de agosto, fueron incontables los mensajes de duelo de personas del sector. Especialmente sentida fue <a href=\"https:\/\/elpais.com\/gente\/2025-10-14\/alex-garcia-habla-del-duelo-por-la-muerte-de-veronica-echegui-es-hermoso-aunque-muy-doloroso-crecer-a-traves-de-una-situacion-tan-dura.html\" target=\"_blank\" rel=\"noreferrer nofollow noopener\" title=\"https:\/\/elpais.com\/gente\/2025-10-14\/alex-garcia-habla-del-duelo-por-la-muerte-de-veronica-echegui-es-hermoso-aunque-muy-doloroso-crecer-a-traves-de-una-situacion-tan-dura.html\">la carta que public\u00f3 el actor \u00c1lex Garc\u00eda<\/a>, que comparti\u00f3 su vida con ella durante 13 a\u00f1os. Sergio Peris-Mencheta, quien a\u00fan se encuentra <a href=\"https:\/\/elpais.com\/gente\/2024-12-20\/sergio-peris-mencheta-se-sincera-sobre-su-leucemia-queria-demostrarles-a-mis-hijos-que-podia-sobrevivir.html\" target=\"_blank\" rel=\"nofollow noopener\" title=\"https:\/\/elpais.com\/gente\/2024-12-20\/sergio-peris-mencheta-se-sincera-sobre-su-leucemia-queria-demostrarles-a-mis-hijos-que-podia-sobrevivir.html\">en proceso de recuperaci\u00f3n de un trasplante de m\u00e9dula debido a una leucemia<\/a>, despidi\u00f3 a su compa\u00f1era un d\u00eda despu\u00e9s de su muerte: \u201cNos duele que no est\u00e9s\u201d, escrib\u00eda en la cuenta en la que re\u00fane m\u00e1s de 90.000 seguidores. <\/p>\n<p class=\"\">Ahora, el actor y director, que en agosto <a href=\"https:\/\/elpais.com\/gente\/2025-08-24\/sergio-peris-mencheta-recibe-la-orden-del-merito-civil-en-una-intima-ceremonia-en-los-angeles.html\" target=\"_self\" rel=\"nofollow noopener\" title=\"https:\/\/elpais.com\/gente\/2025-08-24\/sergio-peris-mencheta-recibe-la-orden-del-merito-civil-en-una-intima-ceremonia-en-los-angeles.html\">recibi\u00f3 la Orden del M\u00e9rito Civil en Los \u00c1ngeles <\/a>como un reconocimiento a la supervivencia y a su trayectoria, ha querido homenajear a su amiga con una larga dedicatoria en su perfil de <a href=\"https:\/\/www.instagram.com\/p\/DRZTEZ3CPSz\/?hl=es\" target=\"_blank\" rel=\"nofollow noopener\" title=\"https:\/\/www.instagram.com\/p\/DRZTEZ3CPSz\/?hl=es\">Instagram<\/a>. \u201c\u2026 Y me encuentro esta foto que le rob\u00e9 hace unos a\u00f1os en Los \u00c1ngeles. Y es que llevo d\u00edas teniendo muy presente a Vero. Despierto, en sue\u00f1os y en el duermevela. Y me vienen los recuerdos de ella siempre sali\u00e9ndose de \u2018lo com\u00fan\u2019. Derram\u00e1ndose. Siempre riendo, siempre con la risa por bandera. Es la escena que tengo de ella. No la fantaseo correctita\u2019, vaya\u00bb, comienza la dedicatoria.<\/p>\n<p>M\u00e1s informaci\u00f3n<\/p>\n<p class=\"\">\u201cCon ella siempre se romp\u00eda la rutina, y aparec\u00eda la vida, carajo. Era una sorpresa continua. Con ella se escacharraba lo ordinario. Como si hubiera venido a este mundo a exprimir al m\u00e1ximo los 40 a\u00f1os que iba a vivir. Como si su ser superior ya supiera que ser\u00eda una estrella fugaz, y le planteara un all-in a cada instante, por cotidiano que fuese. Como si hubiera encarnado para darnos una lecci\u00f3n a todos de c\u00f3mo se debe vivir una vida\u201d, escribe. Y contin\u00faa: \u201cHasta en los photocalls no posaba, jugaba en otra liga, daba la sensaci\u00f3n de estar pensando: \u2018No os tom\u00e9is esto tan en serio, que en 100 a\u00f1os todos calvos\u2019. Y esa manera de mirar, como con una mira telesc\u00f3pica detr\u00e1s de la cual se imaginaba un pa\u00eds de las maravillas. Jugaba en otra liga. Como si hubiera venido a este mundo solo a recordar de qu\u00e9 iba esto de vivir, y a re\u00edrse un poco de la seriedad, de las preocupaciones, de los estreses\u2026 como si con sus ojos telesc\u00f3picos ya supiera m\u00e1s que ninguno que s\u00f3lo estamos de paso, y que no somos tan importantes como nos vivimos\u2026\u201c. <\/p>\n<p class=\"\">Al contrario de Echegui, el actor ha hecho p\u00fablico todo el proceso <a href=\"https:\/\/elpais.com\/gente\/2024-01-22\/el-actor-sergio-peris-mencheta-anuncia-que-tiene-cancer-me-siento-mas-vulnerable-aterrorizado-y-pequenito-que-nunca.html\" target=\"_blank\" rel=\"noreferrer nofollow noopener\" title=\"https:\/\/elpais.com\/gente\/2024-01-22\/el-actor-sergio-peris-mencheta-anuncia-que-tiene-cancer-me-siento-mas-vulnerable-aterrorizado-y-pequenito-que-nunca.html\">desde que le diagnosticaron c\u00e1ncer a principios de 2024<\/a>. A principios de este a\u00f1o, public\u00f3 el libro 730 d\u00edas, La enfermedad como espejo del tiempo, en el que revela aquellas cosas que considera fundamentales para vivir la vida con plenitud. \u201cNo me cambio por el Sergio de antes de la enfermedad. No recomiendo a nadie que atraviese lo que yo he atravesado, pero una vez que lo atraviesas me enfrento a tope a ello y tambi\u00e9n a sus consecuencias. Me duele todo el cuerpo, pero me he acostumbrado y he aceptado el dolor. \u00bfQu\u00e9 tiene de bueno esto? Que estoy permanentemente en contacto con mi cuerpo. Antes, todo lo hac\u00eda sin darme cuenta, beber, ir al ba\u00f1o, respirar. Ahora, de repente, el dolor, las n\u00e1useas, las molestias hacen que me ocupe de mi cuerpo, hacen que me cuide a cada instante. \u00bfEs malo lo que me est\u00e1 pasando? Claro, es una putada, pero bendita sea esta putada\u201d,<a href=\"https:\/\/elpais.com\/cultura\/2025-05-28\/sergio-peris-mencheta-no-me-cambio-por-el-de-antes-de-la-enfermedad.html\" target=\"_blank\" rel=\"nofollow noopener\" title=\"https:\/\/elpais.com\/cultura\/2025-05-28\/sergio-peris-mencheta-no-me-cambio-por-el-de-antes-de-la-enfermedad.html\"> cont\u00f3 el actor en entrevista<\/a> con EL PA\u00cdS.<\/p>\n<p class=\"\">En su homenaje a la actriz, Peris-Mencheta finaliza la dedicatoria honrando el tiempo en vida de su amiga: \u201cS\u00ed, la Echegui era el paradigma de las ganas de vivir sin cortapisas. A cada instante. Como si fuera su se\u00f1a de identidad. Como si descubriera una jugueter\u00eda o un parque de atracciones en cada momento. Como si no tuviera tiempo que perder en conversaciones de ascensor\u2026 no me la imagino en un ascensor teniendo una conversaci\u00f3n de ascensor. Me la imagino entrando a saco siempre. Un ascensor con un vecino muermo pero ella saca un tema y no es \u2018hablar del tiempo\u2019. Es que se ha fijado en algo que solo ella se fijar\u00eda, y como a una ni\u00f1a le llama la atenci\u00f3n, y como una ni\u00f1a en una jugueter\u00eda le comenta al vecino muermo. Y algo se rompe. Y ese vecino resulta que no era tan muermo. Y aparece la vida\u00bb. Y termina: \u201cNota: nunca un post contuvo tanto la palabra vida\u201d.<\/p>\n<p><script async src=\"\/\/www.instagram.com\/embed.js\"><\/script><\/p>\n","protected":false},"excerpt":{"rendered":"Han pasado tres meses desde que la actriz que se hizo un hueco permanente en la industria del&hellip;\n","protected":false},"author":2,"featured_media":253803,"comment_status":"","ping_status":"","sticky":false,"template":"","format":"standard","meta":{"footnotes":""},"categories":[91],"tags":[1014,1015,1066,1293,146,147,25,24,256,260,753,1922,27928,8189,23,28225],"class_list":{"0":"post-253802","1":"post","2":"type-post","3":"status-publish","4":"format-standard","5":"has-post-thumbnail","7":"category-entretenimiento","8":"tag-actores","9":"tag-actrices","10":"tag-cancer","11":"tag-enfermedades","12":"tag-entertainment","13":"tag-entretenimiento","14":"tag-es","15":"tag-espana","16":"tag-famosos","17":"tag-gente","18":"tag-peliculas","19":"tag-redes-sociales","20":"tag-sergio-peris-mencheta","21":"tag-series-television","22":"tag-spain","23":"tag-veronica-echegui"},"share_on_mastodon":{"url":"https:\/\/pubeurope.com\/@es\/115606550337361170","error":""},"_links":{"self":[{"href":"https:\/\/www.europesays.com\/es\/wp-json\/wp\/v2\/posts\/253802","targetHints":{"allow":["GET"]}}],"collection":[{"href":"https:\/\/www.europesays.com\/es\/wp-json\/wp\/v2\/posts"}],"about":[{"href":"https:\/\/www.europesays.com\/es\/wp-json\/wp\/v2\/types\/post"}],"author":[{"embeddable":true,"href":"https:\/\/www.europesays.com\/es\/wp-json\/wp\/v2\/users\/2"}],"replies":[{"embeddable":true,"href":"https:\/\/www.europesays.com\/es\/wp-json\/wp\/v2\/comments?post=253802"}],"version-history":[{"count":0,"href":"https:\/\/www.europesays.com\/es\/wp-json\/wp\/v2\/posts\/253802\/revisions"}],"wp:featuredmedia":[{"embeddable":true,"href":"https:\/\/www.europesays.com\/es\/wp-json\/wp\/v2\/media\/253803"}],"wp:attachment":[{"href":"https:\/\/www.europesays.com\/es\/wp-json\/wp\/v2\/media?parent=253802"}],"wp:term":[{"taxonomy":"category","embeddable":true,"href":"https:\/\/www.europesays.com\/es\/wp-json\/wp\/v2\/categories?post=253802"},{"taxonomy":"post_tag","embeddable":true,"href":"https:\/\/www.europesays.com\/es\/wp-json\/wp\/v2\/tags?post=253802"}],"curies":[{"name":"wp","href":"https:\/\/api.w.org\/{rel}","templated":true}]}}