{"id":253806,"date":"2025-11-24T20:26:21","date_gmt":"2025-11-24T20:26:21","guid":{"rendered":"https:\/\/www.europesays.com\/es\/253806\/"},"modified":"2025-11-24T20:26:21","modified_gmt":"2025-11-24T20:26:21","slug":"movistar-subira-sus-tarifas-de-fibra-y-movil-una-media-del-4-en-2026-economia","status":"publish","type":"post","link":"https:\/\/www.europesays.com\/es\/253806\/","title":{"rendered":"Movistar subir\u00e1 sus tarifas de fibra y m\u00f3vil una media del 4% en 2026 | Econom\u00eda"},"content":{"rendered":"<p class=\"\"><a href=\"https:\/\/elpais.com\/economia\/2024-11-25\/telefonica-subira-sus-tarifas-de-fibra-y-movil-y-tv-en-enero-hasta-cuatro-euros.html\" target=\"_self\" rel=\"nofollow noopener\" title=\"https:\/\/elpais.com\/economia\/2024-11-25\/telefonica-subira-sus-tarifas-de-fibra-y-movil-y-tv-en-enero-hasta-cuatro-euros.html\">Movistar incrementar\u00e1 sus tarifas una media del 4% en sus paquetes convergentes<\/a> miMovistar, aquellos que agrupan m\u00f3vil, fijo y fibra (y en algunos casos televisi\u00f3n), a partir del pr\u00f3ximo 13 de enero de 2026. La operadora iniciar\u00e1 la comunicaci\u00f3n a sus clientes inform\u00e1ndoles sobre el aumento de las tarifas, que tambi\u00e9n se aplicar\u00e1 a los contratos de solo m\u00f3vil, esta misma semana para cumplir con la ley que obliga a avisar con un mes de antelaci\u00f3n. <\/p>\n<p class=\"\">Alrededor del 70% de las subidas que experimentar\u00e1n los clientes de ofertas convergentes se situar\u00e1 entre los 3 y los 4 euros. As\u00ed, por ejemplo, un cliente que tenga una tarifa miMovistar MAX experimentar\u00e1 una subida de 2 euros al mes, y el que disponga de MAX con TVB\u00e1sica, sumar\u00e1 al aumento eneral de 2 euros otro de un euro por la televisi\u00f3n.<\/p>\n<p class=\"\">Tambi\u00e9n subir\u00e1n las tarifas de los servicios solo de m\u00f3vil, de fibra o de sat\u00e9lite. Para este segmento, el encarecimiento m\u00e1s habitual ser\u00e1 de 2 euros al mes, sumando 24 euros al a\u00f1o, por lo que el aumento en algunos casos ser\u00e1 muy superior al 4%, dado que estas tarifas son m\u00e1s baratas.<\/p>\n<p class=\"\">No todas las tarifas se ver\u00e1n afectadas, ya que paquetes como Movistar Base y Movistar Aut\u00f3nomos se mantendr\u00e1n sin cambios, haciendo que el impacto econ\u00f3mico dependa directamente de los servicios contratados por cada cliente.<\/p>\n<p class=\"\">En la justificaci\u00f3n que se distribuir\u00e1 a los usuarios, la compa\u00f1\u00eda esgrime que el principal motivo detr\u00e1s de esta decisi\u00f3n es el aumento de los costes operativos del sector. No obstante, hace especial hincapi\u00e9 en el encarecimiento de los \u201cproveedores de contenido de televisi\u00f3n\u201d m\u00e1s relevantes, cuyos precios han experimentado incrementos de doble d\u00edgito en Espa\u00f1a en los \u00faltimos meses. <\/p>\n<p class=\"\">De esta forma, Movistar vincula directamente la necesidad de elevar sus tarifas al aumento de los precios de plataformas de streaming como Netflix, HBO Max o Disney, contenidos que forman parte de varios de sus paquetes ofrecidos, que tambi\u00e9n incluyen derechos audiovisuales importantes como todas las competiciones de la UEFA (Champions League, Europa League, Europa Conference League, Youth League y Supercopa de Europa).<\/p>\n<p class=\"\"><a href=\"https:\/\/elpais.com\/economia\/2025-11-20\/telefonica-se-adjudica-la-champions-de-futbol-hasta-2031-por-1464-millones.html\" target=\"_self\" rel=\"nofollow noopener\" title=\"https:\/\/elpais.com\/economia\/2025-11-20\/telefonica-se-adjudica-la-champions-de-futbol-hasta-2031-por-1464-millones.html\">Telef\u00f3nica se adjudic\u00f3 la pasada semana en exclusiva los derechos de emisi\u00f3n de las competiciones de la UEFA,<\/a> extendiendo su dominio sobre el f\u00fatbol europeo hasta el a\u00f1o 2031. La operadora desembolsar\u00e1 1.464 millones de euros por el nuevo ciclo de cuatro temporadas (2027\/2028 a 2030\/2031), lo que implica un coste de 366 millones por curso, un notable incremento del 14% respecto al acuerdo anterior. Esta adjudicaci\u00f3n, provisionalmente concedida por la UEFA y pendiente de la firma final del contrato, no solo incluye la Champions League, la UEFA Europa League, la Europa Conference League, la Youth League y la Supercopa de Europa. <\/p>\n<p class=\"\"><a href=\"https:\/\/elpais.com\/economia\/2024-11-25\/telefonica-subira-sus-tarifas-de-fibra-y-movil-y-tv-en-enero-hasta-cuatro-euros.html\" target=\"_self\" rel=\"nofollow noopener\" title=\"https:\/\/elpais.com\/economia\/2024-11-25\/telefonica-subira-sus-tarifas-de-fibra-y-movil-y-tv-en-enero-hasta-cuatro-euros.html\">La subida es similar a la que aplic\u00f3 Movistar en 2025, y que entr\u00f3 en vigor el 13 de enero pasado. <\/a>Entonces como ahora la compa\u00f1\u00eda que dirige Marc Murtra justific\u00f3 la subida \u201cdebido al aumento generalizado de los costes del sector y especialmente de los principales proveedores de contenidos de televisi\u00f3n\u201d. <\/p>\n","protected":false},"excerpt":{"rendered":"Movistar incrementar\u00e1 sus tarifas una media del 4% en sus paquetes convergentes miMovistar, aquellos que agrupan m\u00f3vil, fijo&hellip;\n","protected":false},"author":2,"featured_media":253807,"comment_status":"","ping_status":"","sticky":false,"template":"","format":"standard","meta":{"footnotes":""},"categories":[80],"tags":[82,95,94,25,24,14473,303,23,41957,41956,21372,1826],"class_list":{"0":"post-253806","1":"post","2":"type-post","3":"status-publish","4":"format-standard","5":"has-post-thumbnail","7":"category-economia","8":"tag-business","9":"tag-economia","10":"tag-economy","11":"tag-es","12":"tag-espana","13":"tag-fibra-optica","14":"tag-movistar","15":"tag-spain","16":"tag-tarifas-internet","17":"tag-tarifas-telefono","18":"tag-telefonia-movil","19":"tag-telefonica"},"share_on_mastodon":{"url":"https:\/\/pubeurope.com\/@es\/115606558267201787","error":""},"_links":{"self":[{"href":"https:\/\/www.europesays.com\/es\/wp-json\/wp\/v2\/posts\/253806","targetHints":{"allow":["GET"]}}],"collection":[{"href":"https:\/\/www.europesays.com\/es\/wp-json\/wp\/v2\/posts"}],"about":[{"href":"https:\/\/www.europesays.com\/es\/wp-json\/wp\/v2\/types\/post"}],"author":[{"embeddable":true,"href":"https:\/\/www.europesays.com\/es\/wp-json\/wp\/v2\/users\/2"}],"replies":[{"embeddable":true,"href":"https:\/\/www.europesays.com\/es\/wp-json\/wp\/v2\/comments?post=253806"}],"version-history":[{"count":0,"href":"https:\/\/www.europesays.com\/es\/wp-json\/wp\/v2\/posts\/253806\/revisions"}],"wp:featuredmedia":[{"embeddable":true,"href":"https:\/\/www.europesays.com\/es\/wp-json\/wp\/v2\/media\/253807"}],"wp:attachment":[{"href":"https:\/\/www.europesays.com\/es\/wp-json\/wp\/v2\/media?parent=253806"}],"wp:term":[{"taxonomy":"category","embeddable":true,"href":"https:\/\/www.europesays.com\/es\/wp-json\/wp\/v2\/categories?post=253806"},{"taxonomy":"post_tag","embeddable":true,"href":"https:\/\/www.europesays.com\/es\/wp-json\/wp\/v2\/tags?post=253806"}],"curies":[{"name":"wp","href":"https:\/\/api.w.org\/{rel}","templated":true}]}}