{"id":253808,"date":"2025-11-24T20:27:15","date_gmt":"2025-11-24T20:27:15","guid":{"rendered":"https:\/\/www.europesays.com\/es\/253808\/"},"modified":"2025-11-24T20:27:15","modified_gmt":"2025-11-24T20:27:15","slug":"estas-son-las-17-zonas-candidatas-para-instalar-primera-planta-en-europa","status":"publish","type":"post","link":"https:\/\/www.europesays.com\/es\/253808\/","title":{"rendered":"estas son las 17 zonas candidatas para instalar primera planta en Europa"},"content":{"rendered":"<p>Espa\u00f1a podr\u00eda albergar la primera central de fusi\u00f3n nuclear en Europa, ya que cuenta con<b> 17 cl\u00fasteres con condiciones id\u00f3neas para ello<\/b>. As\u00ed lo ha acreditado Gauss Fusion, la empresa fundada en 2022 por varias compa\u00f1\u00edas industriales del continente \u2014entre ellas, la espa\u00f1ola IDOM\u2014 para desarrollar esta prometedora fuente de energ\u00eda, a trav\u00e9s de un estudio encargado a la Universidad T\u00e9cnica de M\u00fanich (TUM).<\/p>\n<p>Como paso siguiente a la publicaci\u00f3n del Informe de Dise\u00f1o Conceptual (CDR), en el que la compa\u00f1\u00eda abord\u00f3 todos los sistemas cr\u00edticos necesarios para construir la primera central comercial de fusi\u00f3n, Gauss ha publicado un estudio para identificar potenciales emplazamientos para la primera generaci\u00f3n de centrales en <b>nueve pa\u00edses europeos.<\/b><\/p>\n<p>\u00abEste estudio marca la transici\u00f3n del dise\u00f1o al despliegue de la tecnolog\u00eda en Europa. Ha proporcionado a Gauss Fusion una metodolog\u00eda s\u00f3lida y una base de datos geoespacial para evaluar sistem\u00e1ticamente posibles emplazamientos de fusi\u00f3n en toda Europa. Con este marco, podemos analizar cualquier nueva ubicaci\u00f3n propuesta por gobiernos o socios utilizando criterios coherentes, transparentes y basados en la evidencia, convirtiendo el camino europeo hacia la energ\u00eda de fusi\u00f3n en una realidad pr\u00e1ctica y ejecutable\u00bb, ha destacado <b>Fr\u00e9d\u00e9rick Bordry<\/b>, CTO de Gauss Fusi\u00f3n.<\/p>\n<p>En total, el estudio identifica<b> 150 cl\u00fasteres<\/b> que contienen hasta 900 emplazamientos en toda Europa, en pa\u00edses como Alemania, Francia, Italia, Austria, Dinamarca, Pa\u00edses Bajos, Rep\u00fablica Checa o Suiza, adem\u00e1s de Espa\u00f1a.<\/p>\n<p>En cuanto a <b>Espa\u00f1a<\/b>, los investigadores de la TUM han identificado hasta 17 cl\u00fasteres que cumplen con los criterios para albergar una central de fusi\u00f3n, situando al pa\u00eds por detr\u00e1s de Alemania (53) e Italia (22), pero por delante de Francia (14), Austria (7), Pa\u00edses Bajos (7), Suiza (7), entre otros.<\/p>\n<p>                            <img decoding=\"async\" src=\"https:\/\/www.europesays.com\/es\/wp-content\/uploads\/2025\/11\/770x_251125-fusion-nuclear.gif\" loading=\"lazy\"\/><\/p>\n<p>Estas potenciales ubicaciones se encuentran en <b>varias comunidades aut\u00f3nomas <\/b>(Andaluc\u00eda, Arag\u00f3n, Castilla y Le\u00f3n, Catalu\u00f1a, Extremadura, Galicia, Pa\u00eds Vasco, Valencia), tanto en zonas industriales con alta demanda el\u00e9ctrica y buena conectividad, como en lugares donde ya operan o se proyectaron centrales nucleares.<\/p>\n<p>Para <b><a href=\"https:\/\/www.eleconomista.es\/energia\/noticias\/13345342\/05\/25\/milena-roveda-gauss-fusion-tenemos-la-vision-de-hacer-una-especie-de-airbus-o-de-eurofighter-de-la-fusion-nuclear.html\" title=\"Milena Roveda (Gauss Fusion): &quot;Tenemos la visi\u00f3n de hacer una especie de Airbus o de Eurofighter de la fusi\u00f3n nuclear&quot;\" rel=\"nofollow noopener\" target=\"_blank\">Milena Roveda<\/a><\/b>, CEO de Gauss Fusi\u00f3n, \u00ablas futuras plantas de energ\u00eda de fusi\u00f3n no deber\u00edan existir de forma aislada, sino integrarse en el tejido de la base industrial existente de Europa. Este estudio acerca ese futuro, demostrando que en todo el continente ya existen la infraestructura, la industria y las redes energ\u00e9ticas necesarias para hacer de la fusi\u00f3n una fuente de energ\u00eda pr\u00e1ctica, escalable y soberana. La selecci\u00f3n y evaluaci\u00f3n de emplazamientos son procesos de gran importancia, ya que pueden afectar considerablemente a los plazos de construcci\u00f3n, costes, aceptaci\u00f3n p\u00fablica y la seguridad de la instalaci\u00f3n durante el periodo de explotaci\u00f3n\u00bb.<\/p>\n<p>Tras su publicaci\u00f3n, la compa\u00f1\u00eda pretende analizar los datos junto a los gobiernos europeos, socios industriales y reguladores de todo el continente, a la par que avanzar\u00e1 en colaboraciones. Se espera que la decisi\u00f3n sobre el emplazamiento culmine<b> a finales de 2027<\/b>.<\/p>\n<p>El pasado mes de mayo, el Congreso de los Diputados aprob\u00f3 una Proposici\u00f3n No de Ley (<b>PNL<\/b>), presentada por el Grupo Parlamentario Socialista, para la elaboraci\u00f3n de una Estrategia Nacional de Fusi\u00f3n Nuclear. Esta Hoja de Ruta, que deber\u00e1 reforzar el ecosistema nacional en torno a esta prometedora fuente de energ\u00eda, tambi\u00e9n deber\u00e1 estar alineada con la estrategia europea.<\/p>\n<p>Esta energ\u00eda, que trata de emular a peque\u00f1a escala algunas de las reacciones que suceden en el Sol con la fusi\u00f3n de n\u00facleos at\u00f3micos ligeros, no es para nada desconocida para Espa\u00f1a, que ya cuenta con algunos proyectos destacados.<\/p>\n<p>Este es el caso del proyecto<b> IFMIF-DONES<\/b> en Granada, que recientemente recibi\u00f3 el respaldo financiero de entidades internacionales, adem\u00e1s del Gobierno de Espa\u00f1a y de la Junta de Andaluc\u00eda. Tambi\u00e9n son destacables los avances del Laboratorio Nacional de Fusi\u00f3n del <b>Ciemat <\/b>o la contribuci\u00f3n de compa\u00f1\u00edas espa\u00f1olas en el reactor experimental <b>ITER<\/b>, en Francia.<\/p>\n<p>WhatsApp<a href=\"https:\/\/api.whatsapp.com\/send?text=https:\/\/www.eleconomista.es\/energia\/noticias\/13658761\/11\/25\/identifican-las-zonas-en-las-que-espana-podria-albergar-la-primera-central-de-fusion-nuclear.html?utm_source%3Dwhatsapp%26utm_medium%3Dshare_button&amp;id=1648118629957_whatsapp\" target=\"_blank\" data-action=\"share\/whatsapp\/share\" aria-label=\"Compartir en Whatsapp\" rel=\"nofollow noopener\"><\/a>Facebook<a id=\"fb-share\" href=\"#\" target=\"_blank\" rel=\"noopener noreferrer\" aria-label=\"Compartir en Facebook\"><\/a>Twitter<a href=\"https:\/\/twitter.com\/share?text=La+fusi%C3%B3n+nuclear+mira+a+Espa%C3%B1a%3A+un+estudio+propone+17+ubicaciones+para+la+primera+planta+en+Europa&amp;url=https:\/\/www.eleconomista.es\/energia\/noticias\/13658761\/11\/25\/identifican-las-zonas-en-las-que-espana-podria-albergar-la-primera-central-de-fusion-nuclear.html&amp;via=elEconomistaes&amp;id=1648118839245_twitter\" target=\"_blank\" aria-label=\"Compartir en Twitter\" rel=\"nofollow noopener\"><\/a>Linkedin<a href=\"https:\/\/linkedin.com\/share?text=https:\/\/www.eleconomista.es\/energia\/noticias\/13658761\/11\/25\/identifican-las-zonas-en-las-que-espana-podria-albergar-la-primera-central-de-fusion-nuclear.html&amp;via=elEconomistaes\" target=\"_blank\" aria-label=\"Compartir en linkedin\" rel=\"nofollow noopener\"><\/a>Beloud<a href=\"https:\/\/beloud.com\/share?text=La+fusi%C3%B3n+nuclear+mira+a+Espa%C3%B1a%3A+un+estudio+propone+17+ubicaciones+para+la+primera+planta+en+Europa&amp;url=https:\/\/www.eleconomista.es\/energia\/noticias\/13658761\/11\/25\/identifican-las-zonas-en-las-que-espana-podria-albergar-la-primera-central-de-fusion-nuclear.html&amp;via=elEconomistaes&amp;id=1648118839245_beloud\" target=\"_blank\" aria-label=\"Compartir en beloud\" rel=\"nofollow noopener\"><\/a>Bluesky<a href=\"https:\/\/bsky.app\/intent\/compose?text=https:\/\/bsky.app\/intent\/compose?text=https:\/\/www.eleconomista.es\/energia\/noticias\/13658761\/11\/25\/identifican-las-zonas-en-las-que-espana-podria-albergar-la-primera-central-de-fusion-nuclear.html&amp;url=https:\/\/www.eleconomista.es\/energia\/noticias\/13658761\/11\/25\/identifican-las-zonas-en-las-que-espana-podria-albergar-la-primera-central-de-fusion-nuclear.html&amp;via=elEconomistaes&amp;id=1648118839245_bluesky\" target=\"_blank\" aria-label=\"Compartir en bluesky\" rel=\"nofollow noopener\"><\/a><\/p>\n<p><script async src=\"https:\/\/platform.twitter.com\/widgets.js\" charset=\"utf-8\"><\/script><\/p>\n","protected":false},"excerpt":{"rendered":"Espa\u00f1a podr\u00eda albergar la primera central de fusi\u00f3n nuclear en Europa, ya que cuenta con 17 cl\u00fasteres con&hellip;\n","protected":false},"author":2,"featured_media":253809,"comment_status":"","ping_status":"","sticky":false,"template":"","format":"standard","meta":{"footnotes":""},"categories":[42],"tags":[17,18,5220,13,14,11,61,62,63,64,19,20,9,10,15,16,12,21,22,65,66,67],"class_list":{"0":"post-253808","1":"post","2":"type-post","3":"status-publish","4":"format-standard","5":"has-post-thumbnail","7":"category-internacional","8":"tag-breaking-news","9":"tag-breakingnews","10":"tag-energia","11":"tag-featured-news","12":"tag-featurednews","13":"tag-headlines","14":"tag-internacional","15":"tag-international","16":"tag-international-news","17":"tag-internationalnews","18":"tag-latest-news","19":"tag-latestnews","20":"tag-news","21":"tag-noticias","22":"tag-noticias-destacadas","23":"tag-noticiasdestacadas","24":"tag-titulares","25":"tag-ultimas-noticias","26":"tag-ultimasnoticias","27":"tag-world","28":"tag-world-news","29":"tag-worldnews"},"share_on_mastodon":{"url":"https:\/\/pubeurope.com\/@es\/115606562441103038","error":""},"_links":{"self":[{"href":"https:\/\/www.europesays.com\/es\/wp-json\/wp\/v2\/posts\/253808","targetHints":{"allow":["GET"]}}],"collection":[{"href":"https:\/\/www.europesays.com\/es\/wp-json\/wp\/v2\/posts"}],"about":[{"href":"https:\/\/www.europesays.com\/es\/wp-json\/wp\/v2\/types\/post"}],"author":[{"embeddable":true,"href":"https:\/\/www.europesays.com\/es\/wp-json\/wp\/v2\/users\/2"}],"replies":[{"embeddable":true,"href":"https:\/\/www.europesays.com\/es\/wp-json\/wp\/v2\/comments?post=253808"}],"version-history":[{"count":0,"href":"https:\/\/www.europesays.com\/es\/wp-json\/wp\/v2\/posts\/253808\/revisions"}],"wp:featuredmedia":[{"embeddable":true,"href":"https:\/\/www.europesays.com\/es\/wp-json\/wp\/v2\/media\/253809"}],"wp:attachment":[{"href":"https:\/\/www.europesays.com\/es\/wp-json\/wp\/v2\/media?parent=253808"}],"wp:term":[{"taxonomy":"category","embeddable":true,"href":"https:\/\/www.europesays.com\/es\/wp-json\/wp\/v2\/categories?post=253808"},{"taxonomy":"post_tag","embeddable":true,"href":"https:\/\/www.europesays.com\/es\/wp-json\/wp\/v2\/tags?post=253808"}],"curies":[{"name":"wp","href":"https:\/\/api.w.org\/{rel}","templated":true}]}}