{"id":253810,"date":"2025-11-24T20:28:14","date_gmt":"2025-11-24T20:28:14","guid":{"rendered":"https:\/\/www.europesays.com\/es\/253810\/"},"modified":"2025-11-24T20:28:14","modified_gmt":"2025-11-24T20:28:14","slug":"los-mossos-siguen-los-pasos-de-la-ertzaintza-y-detallaran-el-origen-de-los-detenidos","status":"publish","type":"post","link":"https:\/\/www.europesays.com\/es\/253810\/","title":{"rendered":"Los Mossos siguen los pasos de la Ertzaintza y detallar\u00e1n el origen de los detenidos"},"content":{"rendered":"<p style=\"\">Los<strong> Mossos<\/strong> d&#8217;Esquadra <a href=\"https:\/\/www.abc.es\/espana\/pais-vasco\/ertzaintza-informa-sobre-origen-delincuentes-solo-concreta-20251112102541-nt.html\" target=\"_self\" data-voc-vtm-id=\"in-text-traffic\" title=\"siguen los pasos Ertzaintza\" data-mrf-link=\"www.abc.es\" rel=\"nofollow noopener\">siguen los pasos Ertzaintza<\/a> y detallar\u00e1n el <strong>origen de los detenidos<\/strong> en un balance sobre la actividad policial, cuya publicaci\u00f3n se prev\u00e9 para el pr\u00f3ximo enero y que podr\u00eda repetirse cada semestre. As\u00ed lo ha explicado este  &#8230; lunes el director general del Cuerpo, Josep Llu\u00eds Trapero, para precisar que, en el \u00e1mbito delincuencial, \u00abel concepto extranjero\u00bb, sin ir m\u00e1s all\u00e1, \u00abdice poco\u00bb. \u00abTampoco preguntamos por qu\u00e9 hay mayor\u00eda de hombres [entre los arrestados]; no es el objeto de debate\u00bb, ha zanjado. <\/p>\n<p class=\"voc-p\" style=\"\">El anuncio se ha producido durante la rueda de prensa para desgranar los logros del plan Kanpai <a href=\"https:\/\/www.abc.es\/espana\/cataluna\/multirreincidencia-enquista-percepcion-inseguridad-barcelona-20251012191747-nt.html\" target=\"_self\" data-voc-vtm-id=\"in-text-traffic\" title=\"contra la multirreincidencia\" data-mrf-link=\"www.abc.es\" rel=\"nofollow noopener\">contra la multirreincidencia<\/a>. Cumplidos seis meses de su despliegue en Catalu\u00f1a, se ha saldado con <strong>470 detenidos, que acumulan m\u00e1s de 4.000 antecedentes<\/strong>. De los mismos no se ha proporcionado informaci\u00f3n sobre el origen, es decir, si son nacionales o extranjeros, por eso Trapero ha avanzado que ser\u00e1 a principios del pr\u00f3ximo a\u00f1o cuando en el informe sobre la actividad policial s\u00ed se aportar\u00e1n los datos, desgranados por tipolog\u00eda delictiva. <\/p>\n<p class=\"voc-p\" style=\"\">Al respecto, ha apuntado: \u00abVeremos que muchos <strong>hurtos o robos<\/strong>, sobre todo en interior de veh\u00edculo, son protagonizados por personas de origen extranjero, pero veremos que a nivel sexual, son mayoritariamente espa\u00f1oles. Tambi\u00e9n delitos de corrupci\u00f3n. Pero se tiene que ver el por qu\u00e9. Mayoritariamente <strong>tiene que ver con la condici\u00f3n social de la persona<\/strong>\u00bb, ha matizado. Por eso ha emplazado a esperar a ese balance para examinar \u00abdelito por delito, a partir de la estad\u00edstica\u00bb. <\/p>\n<p class=\"voc-p\" style=\"\">Hace unos d\u00edas, ABC se dirigi\u00f3 al Departamento de Interior para preguntar por esta misma cuesti\u00f3n: si tras la decisi\u00f3n del Gobierno vasco de detallar el origen de los detenidos, en <strong>Catalu\u00f1a<\/strong> se planteaban seguir sus pasos. Al respecto, Interior deriv\u00f3 la cuesti\u00f3n a la propia Polic\u00eda catalana -pese a ser una decisi\u00f3n pol\u00edtica- y desde el Cuerpo aclararon a este diario que \u00abel criterio comunicativo de los Mossos se basa en el c\u00f3digo deontol\u00f3gico del Colegio de Periodistas de Catalu\u00f1a, donde <strong>se recomienda no facilitar la nacionalidad de v\u00edctimas y autores<\/strong>, siempre y cuando no sea un dato relevante para entender la noticia\u00bb. <\/p>\n<p class=\"voc-p\" style=\"\">En este l\u00ednea, desde la Polic\u00eda catalana precisaron que se publica \u00fanicamente la nacionalidad en casos como el de una mujer dominicana que es enga\u00f1ada para venir a Espa\u00f1a y acaba siendo obligada a prostituirse; o de un grupo criminal portugu\u00e9s que entraba en el Estado para hacer secuestros expr\u00e9s de empresarios nacionales, y una vez perpetrado el delito y cobrado el rescate, volv\u00edan a Portugal a esconderse. \u00abEn estos casos hay que explicar la nacionalidad para entender la noticia\u00bb, puntualizaron. <\/p>\n<p class=\"voc-p\" style=\"\">Tambi\u00e9n recordaron, tal y como hoy ha defendido en la misma rueda de prensa la titular catalana de Interior, N\u00faria Parlon, que para saber si las detenciones son de nacionales o extranjeros los datos se pueden reclamar a trav\u00e9s del Sistema Acceso a la Informaci\u00f3n P\u00fablica. Lo cierto es que, pese a las reticencias iniciales para evitar que a nivel pol\u00edtico las cifras se empleen para <strong>azuzar la inseguridad<\/strong> como arma electoral, y vincular inmigraci\u00f3n con delincuencia, el Govern ha decidido finalmente seguir los pasos del Departamento de Seguridad del Pa\u00eds Vasco, y hacer p\u00fablico, sin tener que requerirlo previamente -como ahora es necesario-, el origen de los detenidos. <\/p>\n<p class=\"voc-p\" style=\"\">Eso s\u00ed, no han precisado si har\u00e1n lo mismo que la Ertzaina, que desgrana origen sin especificar pa\u00eds de procedencia (procedencia europea, origen magreb\u00ed) o si se limitar\u00e1n a indicar simplemente si el detenido es \u00abnacional\u00bb o \u00abextranjero\u00bb. S\u00ed har\u00e1n una relaci\u00f3n entre dicho origen y la tipolog\u00eda delictiva por la que ha sido detenido. Por ejemplo, este lunes, en cuanto al perfil del multirreincidente s\u00ed han detallado que entre ellos, la mayor\u00eda, son <strong>personas \u00abcon poco arraigo\u00bb<\/strong>, as\u00ed como con \u00abescasa integraci\u00f3n\u00bb, se\u00f1alando as\u00ed a un posible origen extranjero. <\/p>\n<p>\nDelincuentes activos\n<\/p>\n<p class=\"voc-p\" style=\"\">En esa misma comparecencia, a preguntas de este diario, Parlon ha precisado que el objetivo de esta decisi\u00f3n, que sigue los pasos de la del Gobierno vasco, es \u00abque los datos nos ayuden a interpretar mejor el fen\u00f3meno de la delincuencia\u00bb y \u00abponer en valor el trabajo policial\u00bb. Una labor que, en el \u00e1mbito de la <strong>multirreincidencia<\/strong>, ha dado sus frutos <a href=\"https:\/\/www.abc.es\/espana\/cataluna\/diferentes-uniformes-objetivo-caza-multirreincidente-barcelona-20250406184446-nt.html\" target=\"_self\" data-voc-vtm-id=\"in-text-traffic\" title=\"con el plan Kanpai\" data-mrf-link=\"www.abc.es\" rel=\"nofollow noopener\">con el plan Kanpai<\/a>, tras analizar los datos y establecer un nuevo perfil m\u00e1s espec\u00edfico: el de los <strong>delincuentes activos con riesgo de persistencia<\/strong>.<\/p>\n<p class=\"voc-p\" style=\"\">Si hasta ahora, el del denominado multirreincidente era el de un individuo que hab\u00eda cometido al menos siete delitos; o cinco, si alguno de ellos se hab\u00eda perpetrado con fuerza, ahora la Polic\u00eda catalana peina el criterio a aquellos que hayan delinquido dos veces en los \u00faltimos seis meses. \u00bfEl motivo? Establecer un \u00edndice de reiteraci\u00f3n delictiva, y poner el foco sobre quienes han convertido la delincuencia en su &#8216;modus vivendi&#8217;. De los <strong>4.000 identificados en toda Catalu\u00f1a,<\/strong> el 78 por ciento operan en Barcelona y su \u00e1rea metropolitana. Los dem\u00e1s, en el resto de la comunidad. <\/p>\n","protected":false},"excerpt":{"rendered":"Los Mossos d&#8217;Esquadra siguen los pasos Ertzaintza y detallar\u00e1n el origen de los detenidos en un balance sobre&hellip;\n","protected":false},"author":2,"featured_media":253811,"comment_status":"","ping_status":"","sticky":false,"template":"","format":"standard","meta":{"footnotes":""},"categories":[8],"tags":[17,18,1562,64035,25,24,13,14,11,19,20,51346,9,10,15,16,3338,7442,64036,1262,23,12,21,22],"class_list":{"0":"post-253810","1":"post","2":"type-post","3":"status-publish","4":"format-standard","5":"has-post-thumbnail","7":"category-espana","8":"tag-breaking-news","9":"tag-breakingnews","10":"tag-detenidos","11":"tag-erzainatza","12":"tag-es","13":"tag-espana","14":"tag-featured-news","15":"tag-featurednews","16":"tag-headlines","17":"tag-latest-news","18":"tag-latestnews","19":"tag-mossos","20":"tag-news","21":"tag-noticias","22":"tag-noticias-destacadas","23":"tag-noticiasdestacadas","24":"tag-origen","25":"tag-pasos","26":"tag-publicaran","27":"tag-sigue","28":"tag-spain","29":"tag-titulares","30":"tag-ultimas-noticias","31":"tag-ultimasnoticias"},"share_on_mastodon":{"url":"https:\/\/pubeurope.com\/@es\/115606566007614303","error":""},"_links":{"self":[{"href":"https:\/\/www.europesays.com\/es\/wp-json\/wp\/v2\/posts\/253810","targetHints":{"allow":["GET"]}}],"collection":[{"href":"https:\/\/www.europesays.com\/es\/wp-json\/wp\/v2\/posts"}],"about":[{"href":"https:\/\/www.europesays.com\/es\/wp-json\/wp\/v2\/types\/post"}],"author":[{"embeddable":true,"href":"https:\/\/www.europesays.com\/es\/wp-json\/wp\/v2\/users\/2"}],"replies":[{"embeddable":true,"href":"https:\/\/www.europesays.com\/es\/wp-json\/wp\/v2\/comments?post=253810"}],"version-history":[{"count":0,"href":"https:\/\/www.europesays.com\/es\/wp-json\/wp\/v2\/posts\/253810\/revisions"}],"wp:featuredmedia":[{"embeddable":true,"href":"https:\/\/www.europesays.com\/es\/wp-json\/wp\/v2\/media\/253811"}],"wp:attachment":[{"href":"https:\/\/www.europesays.com\/es\/wp-json\/wp\/v2\/media?parent=253810"}],"wp:term":[{"taxonomy":"category","embeddable":true,"href":"https:\/\/www.europesays.com\/es\/wp-json\/wp\/v2\/categories?post=253810"},{"taxonomy":"post_tag","embeddable":true,"href":"https:\/\/www.europesays.com\/es\/wp-json\/wp\/v2\/tags?post=253810"}],"curies":[{"name":"wp","href":"https:\/\/api.w.org\/{rel}","templated":true}]}}