{"id":253812,"date":"2025-11-24T20:29:12","date_gmt":"2025-11-24T20:29:12","guid":{"rendered":"https:\/\/www.europesays.com\/es\/253812\/"},"modified":"2025-11-24T20:29:12","modified_gmt":"2025-11-24T20:29:12","slug":"es-mas-grande-que-muchos-pueblos-de-la-zona","status":"publish","type":"post","link":"https:\/\/www.europesays.com\/es\/253812\/","title":{"rendered":"\u00abEs m\u00e1s grande que muchos pueblos de la zona\u00bb"},"content":{"rendered":"<p style=\"\">El objetivo de los militares desplazados a la <strong>base Miguel de Cervantes<\/strong>, en el <strong>L\u00edbano, en la frontera con Israel<\/strong>, es claro: controlar la tensi\u00f3n entre los dos pa\u00edses. Para tratar de que no vaya a m\u00e1s y garantizar que se cumpla la  &#8230; resoluci\u00f3n de Naciones Unidas, las <strong>tropas espa\u00f1olas<\/strong> que trabajan sobre el terreno se afanan d\u00eda a d\u00eda poniendo en riesgo su vida, una cotidianeidad en primera l\u00ednea del frente sobre la que se van conociendo detalles. Se estructuran en diferentes grupos para dar respuesta a las necesidades que se dan, tanto de seguridad propia como de civiles que viven en la zona y dotando de asistencia m\u00e9dica y sanitaria a quienes est\u00e1n all\u00ed. <\/p>\n<p class=\"voc-p\" style=\"\">Uno de los profesionales que forman parte de este destacamento y que ha compartido con reporteros de &#8216;<strong>Informativos Telecinco<\/strong>&#8216; es Daniel Alag\u00f3n, que es capit\u00e1n del Regimiento de Infanter\u00eda Soria 9, que forma parte del Ej\u00e9rcito de Tierra de Espa\u00f1a. Este ha explicado c\u00f3mo se estructuran, con \u00abdistintos tipos de patrulla\u00bb, a pie o en veh\u00edculos, y c\u00f3mo se ocupan de realizar un itinerario muy espec\u00edfico, \u00abcon puestos de observaci\u00f3n\u00bb, para supervisar las principales localidades afectadas por el conflicto. Una de estas es el poblado de Ghajar, de origen sirio pero ahora en manos de Israel, donde act\u00faa el capit\u00e1n V\u00edctor Mendoza. Es un emplazamiento complicado por su estado de \u00abviolaci\u00f3n permanente\u00bb, afirma, al estar en ese punto fronterizo. <\/p>\n<p class=\"voc-p\" style=\"\">Como apoyo cuentan con la ayuda de un <strong>equipo canino<\/strong>, supervisado por Ra\u00fal Ronda Leiva \u2013operaci\u00f3n &#8216;Libre Hidalgo&#8217;. Este refiere la \u00abgran ayuda para los compa\u00f1eros\u00bb que llegan a ser los perros, que permiten confirmar si existieran artefactos explosivos en la zona. En caso de dar con alguno entrar\u00eda en escena un equipo formado por soldados como Miguel \u00c1ngel Trujillo, del equipo de desactivaci\u00f3n: \u00abNuestra ruta es asegurar que la zona est\u00e1 limpia de munici\u00f3n que haya ca\u00eddo en L\u00edbano\u00bb. Y como este, el papel de otras unidades, como la de Caballer\u00eda, con Iker Pascual al frente, \u00abpara apoyo a la poblaci\u00f3n civil o local\u00bb.<\/p>\n<p>\nApoyo m\u00e9dico y sanitario para los locales\n<\/p>\n<p class=\"voc-p\" style=\"\">Una de las misiones de los militares desplazados a destinos como L\u00edbano consisten en dar <strong>soporte sanitario<\/strong> a la ciudadan\u00eda de la regi\u00f3n. Esta es la labor que realizan el &#8216;Medical Camp&#8217;, en el caso que ha mostrado &#8216;Informativos Telecinco&#8217; con el capit\u00e1n Castillo, jefe de la C\u00e9lula S5, al frente. Se les facilitan medicamentos y se les atiende en una peque\u00f1a consulta. \u00abIntentamos ir a todos los pueblos y solo repetimos si es necesario\u00bb, sentencia Castillo.<\/p>\n<p class=\"voc-p\" style=\"\">Juan de Dios de la Calzada, capit\u00e1n jefe de Sanidad de la base Miguel de Cervantes, a\u00f1ade que coordinan los diagn\u00f3sticos con el <strong>hospital G\u00f3mez Ulla, en Madrid<\/strong>. \u00abSi hay duda o necesitamos un diagn\u00f3stico y no podemos hacer las pruebas suficientes\u00bb se recurre a \u00abla telemedicina\u00bb, para \u00abintentar dar soluci\u00f3n al problema m\u00e9dico\u00bb. <\/p>\n<p class=\"voc-p\" style=\"\">Para llevar a cabo tanto estas como el resto de actuaciones se hace imprescindible contar con el material necesario, algo que se ve reflejado a trav\u00e9s de profesionales como Sol Garc\u00eda Guti\u00e9rrez, teniente y jefe de enlace de la <strong>Unidad para la Cooperaci\u00f3n C\u00edvico Militar<\/strong>. La din\u00e1mica pasa por \u00abevaluar las necesidades y realizar un estudio con los medios y presupuestos que tenemos para ver la mejor forma de apoyarles\u00bb. A continuaci\u00f3n, seg\u00fan sigue explicando a c\u00e1mara, \u00abse realiza la compra de ese material\u00bb. \u00abCualquier granito de arena que podamos aportar siempre es bien recibido\u00bb, sentencia Garc\u00eda Guti\u00e9rrez.<\/p>\n<p>\nMantenimiento de las instalaciones militares\n<\/p>\n<p class=\"voc-p\" style=\"\">Los citados en el reportaje y otros tantos militares espa\u00f1oles mantienen as\u00ed en perfectas condiciones la <strong>base Miguel de Cervantes<\/strong>. El capit\u00e1n Alberto Angulo, otro de los intervinientes, refiere que este asentamiento llega a ser \u00abbastante m\u00e1s grande que muchos pueblos de la zona y, adem\u00e1s de peque\u00f1os arreglos, llevamos grandes obras, como un edificio\u00bb. Las instalaciones est\u00e1n dotadas de dos gimnasios, \u00e1rea de fisioterapia, peluquer\u00eda y est\u00e9tica e incluso \u00abse organizan competiciones deportivas y juegos de mesa para qu ella gente se pueda distraer\u00bb.<\/p>\n<p class=\"voc-p\" style=\"\">Son muchas personas al servicio de Espa\u00f1a y cada uno con su misi\u00f3n clara. A los anteriores se a\u00f1aden desde el responsable de <strong>Mantenimiento<\/strong>, Nacho Knapik, que explica sobre el mantenimiento de los veh\u00edculos blindados, a la teniente de veterinaria Marina Almaz\u00e1n, que forma parte del equipo que supervisa los alimentos que llegan a la base \u00abpara garantizar la <strong>seguridad alimentaria<\/strong>\u00bb.<\/p>\n","protected":false},"excerpt":{"rendered":"El objetivo de los militares desplazados a la base Miguel de Cervantes, en el L\u00edbano, en la frontera&hellip;\n","protected":false},"author":2,"featured_media":253813,"comment_status":"","ping_status":"","sticky":false,"template":"","format":"standard","meta":{"footnotes":""},"categories":[5],"tags":[5715,17,18,64037,25,24,11907,31065,13,14,699,11,19,20,13831,6363,23480,9,10,15,16,8419,23,12,21,22,2606,6420],"class_list":{"0":"post-253812","1":"post","2":"type-post","3":"status-publish","4":"format-standard","5":"has-post-thumbnail","7":"category-titulares","8":"tag-base","9":"tag-breaking-news","10":"tag-breakingnews","11":"tag-destinados","12":"tag-es","13":"tag-espana","14":"tag-espanoles","15":"tag-explican","16":"tag-featured-news","17":"tag-featurednews","18":"tag-grande","19":"tag-headlines","20":"tag-latest-news","21":"tag-latestnews","22":"tag-libano","23":"tag-militar","24":"tag-militares","25":"tag-news","26":"tag-noticias","27":"tag-noticias-destacadas","28":"tag-noticiasdestacadas","29":"tag-pueblos","30":"tag-spain","31":"tag-titulares","32":"tag-ultimas-noticias","33":"tag-ultimasnoticias","34":"tag-vida","35":"tag-zona"},"share_on_mastodon":{"url":"https:\/\/pubeurope.com\/@es\/115606569877331581","error":""},"_links":{"self":[{"href":"https:\/\/www.europesays.com\/es\/wp-json\/wp\/v2\/posts\/253812","targetHints":{"allow":["GET"]}}],"collection":[{"href":"https:\/\/www.europesays.com\/es\/wp-json\/wp\/v2\/posts"}],"about":[{"href":"https:\/\/www.europesays.com\/es\/wp-json\/wp\/v2\/types\/post"}],"author":[{"embeddable":true,"href":"https:\/\/www.europesays.com\/es\/wp-json\/wp\/v2\/users\/2"}],"replies":[{"embeddable":true,"href":"https:\/\/www.europesays.com\/es\/wp-json\/wp\/v2\/comments?post=253812"}],"version-history":[{"count":0,"href":"https:\/\/www.europesays.com\/es\/wp-json\/wp\/v2\/posts\/253812\/revisions"}],"wp:featuredmedia":[{"embeddable":true,"href":"https:\/\/www.europesays.com\/es\/wp-json\/wp\/v2\/media\/253813"}],"wp:attachment":[{"href":"https:\/\/www.europesays.com\/es\/wp-json\/wp\/v2\/media?parent=253812"}],"wp:term":[{"taxonomy":"category","embeddable":true,"href":"https:\/\/www.europesays.com\/es\/wp-json\/wp\/v2\/categories?post=253812"},{"taxonomy":"post_tag","embeddable":true,"href":"https:\/\/www.europesays.com\/es\/wp-json\/wp\/v2\/tags?post=253812"}],"curies":[{"name":"wp","href":"https:\/\/api.w.org\/{rel}","templated":true}]}}