{"id":253814,"date":"2025-11-24T20:34:14","date_gmt":"2025-11-24T20:34:14","guid":{"rendered":"https:\/\/www.europesays.com\/es\/253814\/"},"modified":"2025-11-24T20:34:14","modified_gmt":"2025-11-24T20:34:14","slug":"dos-estilos-diferentes-en-dos-cracks-del-tenis","status":"publish","type":"post","link":"https:\/\/www.europesays.com\/es\/253814\/","title":{"rendered":"dos estilos diferentes en dos \u2018cracks\u2019 del tenis"},"content":{"rendered":"<p>Hace unos d\u00edas, <strong><a href=\"https:\/\/theobjective.com\/etiqueta\/carlos-alcaraz\/\" rel=\"nofollow noopener\" target=\"_blank\">Carlos Alcaraz<\/a><\/strong> comparti\u00f3 una imagen de su sal\u00f3n en sus redes sociales. El jugador de tenis se volvi\u00f3 viral despu\u00e9s de mostrar una casa que luce como la de cualquier espa\u00f1ol; con objetos de por medio, muebles sin demasiada ostentosidad y con mucha naturalidad. Algo de lo que ha presumido siempre el murciano que, a pesar de los millones que se ha embolsado por su carrera en el tenis y sus publicidades, ha intentado mantener los pies sobre la tierra. Un estilo de decoraci\u00f3n que, sin duda, dista mucho de lo que hemos podido conocer de Rafa Nadal, quien posee una bonita casa \u2014de nueva construcci\u00f3n\u2014 en Mallorca, donde cuenta hasta con tres salones. <\/p>\n<p>La casa de Rafa Nadal en Mallorca es un refugio pensado tanto para la familia como para el descanso y la contemplaci\u00f3n del entorno mediterr\u00e1neo. Entre los espacios m\u00e1s destacables, el sal\u00f3n refleja perfectamente su estilo;<strong> elegante, sobrio, funcional y acogedor<\/strong>. El sal\u00f3n es amplio y luminoso, con ventanales de gran tama\u00f1o que permiten que entre abundante luz natural y ofrecen vistas directas al jard\u00edn, a las terrazas y al mar. Esta <strong>conexi\u00f3n <\/strong>con el exterior crea una sensaci\u00f3n de amplitud y calma, convirti\u00e9ndolo en un espacio donde relajarse y disfrutar del paisaje. Los colores claros de las paredes y las cortinas en tonos marfil refuerzan esta sensaci\u00f3n de serenidad, aportando armon\u00eda y elegancia al conjunto. <\/p>\n<p>Los tres salones de Rafa Nadal en su casa de Mallorca <\/p>\n<blockquote class=\"instagram-media\" data-instgrm-permalink=\"https:\/\/www.instagram.com\/p\/DHt3_89obq6\/?utm_source=ig_embed&amp;utm_campaign=loading\" data-instgrm-version=\"14\" style=\" background:#FFF; border:0; border-radius:3px; box-shadow:0 0 1px 0 rgba(0,0,0,0.5),0 1px 10px 0 rgba(0,0,0,0.15); margin: 1px; max-width:540px; min-width:326px; padding:0; width:99.375%; width:-webkit-calc(100% - 2px); width:calc(100% - 2px);\"\/>\n<p>El mobiliario est\u00e1 cuidadosamente elegido. Cuenta con dos grandes sof\u00e1s de piel oscura dominan el espacio, acompa\u00f1ados de una mesita baja que a\u00f1ade funcionalidad y confort. Una alfombra suave y c\u00e1lida aporta un toque acogedor, mientras que la chimenea a\u00f1ade calidez y un car\u00e1cter familiar, convirtiendo el sal\u00f3n en un lugar perfecto para charlas, lecturas o reuniones \u00edntimas. La <strong>decoraci\u00f3n <\/strong>es discreta y sobria, sin elementos excesivamente ostentosos. Algunos cuadros y jarrones complementan el espacio, equilibrando la modernidad con detalles personales que transmiten serenidad y buen gusto. Detr\u00e1s del sal\u00f3n se puede apreciar un <strong>comedor espacioso, pensado para la familia y las visitas,<\/strong> con ventanales que amplifican la sensaci\u00f3n de luminosidad y apertura.<\/p>\n<p>El sal\u00f3n combina perfectamente <strong>comodidad y funcionalidad<\/strong>. Rafa Nadal ha incorporado tecnolog\u00eda y ocio, como una televisi\u00f3n de gran tama\u00f1o, que permite disfrutar de momentos de entretenimiento familiar o seguir eventos deportivos. A la vez, se mantiene un ambiente \u00edntimo, relajante y c\u00e1lido, ideal para la vida diaria de la familia y para compartir con amigos en un entorno informal. De esta manera, el tenista combina cierto equilibrio con un estilo discreto, familiar y cercano a la naturaleza. Adem\u00e1s, es un espacio pensado para la vida cotidiana, donde la funcionalidad, la comodidad y la est\u00e9tica se combinan para crear un hogar acogedor, sereno y lleno de luz, que conecta a la perfecci\u00f3n con el entorno mediterr\u00e1neo que lo rodea.<\/p>\n<p>Combina funcionalidad con decoraci\u00f3n exclusiva y lujo <\/p>\n<p>Adem\u00e1s del sal\u00f3n, que es uno de los pulmones de la casa y donde m\u00e1s tiempo pasa la familia Nadal-Perell\u00f3, la casa posee una enorme <strong>parcela <\/strong>que hace las delicias de lo m\u00e1s apasionados del mar. Este terreno, que ha adquirido y transformado a lo largo de una d\u00e9cada, tiene un profundo valor sentimental para \u00e9l: no solo por la cercan\u00eda a su Manacor natal, sino tambi\u00e9n por su conexi\u00f3n con el mar y la tradici\u00f3n balear.\u00a0El dise\u00f1o arquitect\u00f3nico ha sido obra del arquitecto mallorqu\u00edn\u00a0<strong>Tomeu Esteva<\/strong>, quien ha sabido combinar materiales nobles \u2014como piedra local y madera\u2014 con un estilo contempor\u00e1neo y mediterr\u00e1neo. Las construcciones se organizan en\u00a0<strong>cuatro vol\u00famenes distintos<\/strong>, conectados entre s\u00ed por pasarelas y terrazas, lo que permite que cada secci\u00f3n de la casa respire de forma independiente y a la vez se integre con el entorno.\u00a0<\/p>\n<blockquote class=\"instagram-media\" data-instgrm-permalink=\"https:\/\/www.instagram.com\/p\/CzPFY9pNqv0\/?utm_source=ig_embed&amp;utm_campaign=loading\" data-instgrm-version=\"14\" style=\" background:#FFF; border:0; border-radius:3px; box-shadow:0 0 1px 0 rgba(0,0,0,0.5),0 1px 10px 0 rgba(0,0,0,0.15); margin: 1px; max-width:540px; min-width:326px; padding:0; width:99.375%; width:-webkit-calc(100% - 2px); width:calc(100% - 2px);\"\/>\n<p>Como dec\u00edamos, una de las se\u00f1as de identidad de la casa es su\u00a0<strong>salida directa al mar<\/strong>; desde la finca se puede acceder a trav\u00e9s de una escalera sobre roca hasta la costa, lo que le da un toque muy exclusivo y personal. El terreno baja de forma dram\u00e1tica hacia el mar, con muros de piedra que parecen mimetizarse con la roca natural, y varias terrazas permiten contemplar unas vistas panor\u00e1micas espectaculares del puerto de Porto Cristo, donde est\u00e1 amarrado el catamar\u00e1n de Nadal. Los <strong>jardines <\/strong>ocupan buena parte de la parcela. Nada es demasiado formal: predominan zonas verdes amplias con vegetaci\u00f3n aut\u00f3ctona, bancales de piedra y rincones de descanso donde se puede sentir la tranquilidad del paisaje mallorqu\u00edn. Esta conexi\u00f3n con la naturaleza es esencial en su hogar: no es solo un lugar para vivir, sino un refugio para desconectar. <\/p>\n<p>La casa de Alcaraz en Murcia, al detalle  <\/p>\n<p>Tienen, tambi\u00e9n, <strong>un gimnasio privado integrado en la casa<\/strong>. Su dise\u00f1o es r\u00fastico, con paredes de ladrillo, techos altos y grandes ventanales que ofrecen vistas al exterior, permitiendo entrenar en un ambiente que no rompe la armon\u00eda con la naturaleza circundante.\u00a0Por su parte, como el propio Alcaraz nos ha mostrado, su vivienda es m\u00e1s discreta. Carlos Alcaraz vive en una\u00a0<strong>casita prefabricada de madera<\/strong>\u00a0de unos 90\u202fm\u00b2 situada en la\u00a0<strong>Academia Equelite<\/strong>, el centro de alto rendimiento entrenado por Juan Carlos Ferrero, en Villena (Alicante).\u00a0Aunque ahora tiene mucho \u00e9xito, ha elegido una vivienda modesta dentro del complejo para mantener su rutina de entrenamiento sin distracciones.\u00a0<\/p>\n<blockquote class=\"instagram-media\" data-instgrm-permalink=\"https:\/\/www.instagram.com\/p\/DHTrqK8K8JL\/?utm_source=ig_embed&amp;utm_campaign=loading\" data-instgrm-version=\"14\" style=\" background:#FFF; border:0; border-radius:3px; box-shadow:0 0 1px 0 rgba(0,0,0,0.5),0 1px 10px 0 rgba(0,0,0,0.15); margin: 1px; max-width:540px; min-width:326px; padding:0; width:99.375%; width:-webkit-calc(100% - 2px); width:calc(100% - 2px);\"\/>\n<p>La <strong>estructura <\/strong>de su casa es muy b\u00e1sica pero acogedora. Tiene un porche que da al jard\u00edn, lo que le permite disfrutar de la naturaleza y respirar aire fresco entre sesiones de entrenamiento.\u00a0En su interior, la vivienda est\u00e1 distribuida con lo esencial: un dormitorio, un ba\u00f1o, un sal\u00f3n-cocina, y adem\u00e1s dispone de aire acondicionado y conexi\u00f3n wifi, lo que la hace pr\u00e1ctica para su estilo de vida.\u00a0El dise\u00f1o es simple y funcional, sin excesos. Alcaraz prioriza la eficiencia y la comodidad frente al lujo.\u00a0Las paredes de madera y el mobiliario r\u00fastico comparten protagonismo con algunos toques personales; en la casa hay fotos familiares, peque\u00f1os trofeos y detalles que le recuerdan sus logros.<\/p>\n<p>Un sal\u00f3n con un hule de formas geom\u00e9tricas y sus trofeos <\/p>\n<blockquote class=\"twitter-tweet\">\n<p lang=\"es\" dir=\"ltr\">VAMOOOOOOOS!!!! <a href=\"https:\/\/t.co\/ogM6gmqLIs\" rel=\"nofollow\">pic.twitter.com\/ogM6gmqLIs<\/a><\/p>\n<p>\u2014 Carlos Alcaraz (@carlosalcaraz) <a href=\"https:\/\/twitter.com\/carlosalcaraz\/status\/1991531108794843405?ref_src=twsrc%5Etfw\" rel=\"nofollow noopener\" target=\"_blank\">November 20, 2025<\/a><\/p><\/blockquote>\n<p>Desde la casa, tiene acceso inmediato a las pistas de tenis, al gimnasio, al \u00e1rea de recuperaci\u00f3n y a otros espacios de la academia. Esa cercan\u00eda entre su hogar y las instalaciones deportivas es clave para mantener su nivel competitivo y su disciplina. M\u00e1s all\u00e1 de su casita en Villena, tambi\u00e9n cuenta con una vivienda en pleno centro de Murcia, en un edificio con viviendas de alta calidad. Si observamos con m\u00e1s detalle podemos ver que Alcaraz cuenta con un mueble de televisi\u00f3n de conglomerado en color beige y blanco. Adem\u00e1s, la televisi\u00f3n est\u00e1 colgada y alrededor de esta, est\u00e1n colocados cada uno de sus trofeos. Tambi\u00e9n, tiene algunas im\u00e1genes junto a su familia. Justamente delante del mueble, Alcaraz tiene colocada una mesa cuadrada, baja, que est\u00e1 protegida con <strong>un hule con estampados de diversas formas geom\u00e9tricas en color blanco, azul, verde y gris<\/strong>. Adem\u00e1s, se observa una peque\u00f1a terraza, por la que se accede a trav\u00e9s de una puerta, al lado de donde hay apiladas varias sillas de pl\u00e1stico. <\/p>\n<p>                                                    <script async src=\"https:\/\/platform.twitter.com\/widgets.js\" charset=\"utf-8\"><\/script><script async src=\"\/\/www.instagram.com\/embed.js\"><\/script><\/p>\n","protected":false},"excerpt":{"rendered":"Hace unos d\u00edas, Carlos Alcaraz comparti\u00f3 una imagen de su sal\u00f3n en sus redes sociales. El jugador de&hellip;\n","protected":false},"author":2,"featured_media":253815,"comment_status":"","ping_status":"","sticky":false,"template":"","format":"standard","meta":{"footnotes":""},"categories":[274],"tags":[545,3738,255,4719,168,35663,25,24,2457,1478,6894,23,167,327,326],"class_list":{"0":"post-253814","1":"post","2":"type-post","3":"status-publish","4":"format-standard","5":"has-post-thumbnail","7":"category-tenis","8":"tag-carlos-alcaraz","9":"tag-casas","10":"tag-celebrities","11":"tag-decoraciu00f3n","12":"tag-deportes","13":"tag-diseu00f1o","14":"tag-es","15":"tag-espana","16":"tag-mallorca","17":"tag-murcia","18":"tag-rafa-nadal","19":"tag-spain","20":"tag-sports","21":"tag-tenis","22":"tag-tennis"},"share_on_mastodon":{"url":"https:\/\/pubeurope.com\/@es\/115606589663826993","error":""},"_links":{"self":[{"href":"https:\/\/www.europesays.com\/es\/wp-json\/wp\/v2\/posts\/253814","targetHints":{"allow":["GET"]}}],"collection":[{"href":"https:\/\/www.europesays.com\/es\/wp-json\/wp\/v2\/posts"}],"about":[{"href":"https:\/\/www.europesays.com\/es\/wp-json\/wp\/v2\/types\/post"}],"author":[{"embeddable":true,"href":"https:\/\/www.europesays.com\/es\/wp-json\/wp\/v2\/users\/2"}],"replies":[{"embeddable":true,"href":"https:\/\/www.europesays.com\/es\/wp-json\/wp\/v2\/comments?post=253814"}],"version-history":[{"count":0,"href":"https:\/\/www.europesays.com\/es\/wp-json\/wp\/v2\/posts\/253814\/revisions"}],"wp:featuredmedia":[{"embeddable":true,"href":"https:\/\/www.europesays.com\/es\/wp-json\/wp\/v2\/media\/253815"}],"wp:attachment":[{"href":"https:\/\/www.europesays.com\/es\/wp-json\/wp\/v2\/media?parent=253814"}],"wp:term":[{"taxonomy":"category","embeddable":true,"href":"https:\/\/www.europesays.com\/es\/wp-json\/wp\/v2\/categories?post=253814"},{"taxonomy":"post_tag","embeddable":true,"href":"https:\/\/www.europesays.com\/es\/wp-json\/wp\/v2\/tags?post=253814"}],"curies":[{"name":"wp","href":"https:\/\/api.w.org\/{rel}","templated":true}]}}