{"id":253816,"date":"2025-11-24T20:35:12","date_gmt":"2025-11-24T20:35:12","guid":{"rendered":"https:\/\/www.europesays.com\/es\/253816\/"},"modified":"2025-11-24T20:35:12","modified_gmt":"2025-11-24T20:35:12","slug":"tadej-pogacar-ya-esta-en-gran-canaria","status":"publish","type":"post","link":"https:\/\/www.europesays.com\/es\/253816\/","title":{"rendered":"Tadej Poga\u010dar ya est\u00e1 en Gran Canaria"},"content":{"rendered":"<p><img fetchpriority=\"high\" class=\"v-a-img\" src=\"https:\/\/www.europesays.com\/es\/wp-content\/uploads\/2025\/11\/pogacar.jpg\" loading=\"eager\" decoding=\"async\" alt=\"Daniel Gonz\u00e1lez, gerente de DG Eventos; Tadej Poga\u010dar; Ur\u0161ka \u017digart; y Be\u00f1at Intxausti, Manager Riders in A&amp;J All Sports Agency.\"  width=\"1200\" height=\"840\"\/><\/p>\n<p>Daniel Gonz\u00e1lez, gerente de DG Eventos; Tadej Poga\u010dar; Ur\u0161ka \u017digart; y Be\u00f1at Intxausti, Manager Riders in A&amp;J All Sports Agency.          C7        <\/p>\n<p>El laureado ciclista esloveno, cuatro veces campe\u00f3n del mundo, pasar\u00e1 una semana en la isla gracias a la iniciativa Gran Canaria 365<\/p>\n<p><a class=\"v-mdl-ath__fig-a\" href=\"https:\/\/www.canarias7.es\/autor\/canarias7-6545.html\" title=\"CANARIAS7\" rel=\"nofollow noopener\" target=\"_blank\"><br \/>\n<img decoding=\"async\" class=\"v-mdl-ath__img\" src=\"https:\/\/www.europesays.com\/es\/wp-content\/uploads\/2025\/08\/1754689268_701_autor-6545-foto-1.png\" alt=\"CANARIAS7\"\/><br \/>\n<\/a><\/p>\n<p class=\"v-mdl-ath__p v-mdl-ath__p--6\">\nLunes, 24 de noviembre 2025, 17:11<\/p>\n<p>| Actualizado 17:30h.<\/p>\n<p class=\"v-p\">El ciclista esloveno, cuatro veces campe\u00f3n del mundo,<strong> Tadej Poga\u010dar<\/strong>, ha llegado este lunes a Gran Canaria, donde permanecer\u00e1 durante una semana para realizar entrenamientos como parte de la iniciativa <strong>Gran Canaria 365<\/strong>, de la que es uno de sus embajadores.<\/p>\n<p class=\"v-p\">Asimismo, ya ha arribado a la isla la multicampeona nacional eslovena Ur\u0161ka \u017digart, del equipo AG Insurance \u2013 Soudal. Los ciclistas fueron recibidos por Daniel Gonz\u00e1lez, gerente de DG Eventos, y Be\u00f1at Intxausti, Manager Riders in A&amp;J All Sports Agency.<\/p>\n<p class=\"v-p\"><strong>Del 24 al 30 de noviembre<\/strong>, m\u00e1s de una veintena de ciclistas del pelot\u00f3n internacional llevar\u00e1n a cabo entrenamientos en distintos puntos de la isla, que culminar\u00e1n con la exigente TotalEnergies Gran Fondo Pico de las Nieves, este pr\u00f3ximo 30 de noviembre.<\/p>\n<p class=\"v-p\">La iniciativa incluye, adem\u00e1s, un press trip con medios internacionales para reforzar la promoci\u00f3n de Gran Canaria como escenario privilegiado para el entrenamiento profesional y el turismo activo.<\/p>\n<p class=\"v-p\">Gran Canaria 365 es un proyecto creado por <strong>DG Evento<\/strong>s e impulsado por Turismo de Gran Canaria, a trav\u00e9s de Gran Canaria Tri Bike &amp; Run, con el objetivo de consolidar un modelo de desarrollo sostenible en torno al deporte, la naturaleza y el clima privilegiado de la isla.<\/p>\n<p>Reporta un error<\/p>\n","protected":false},"excerpt":{"rendered":"Daniel Gonz\u00e1lez, gerente de DG Eventos; Tadej Poga\u010dar; Ur\u0161ka \u017digart; y Be\u00f1at Intxausti, Manager Riders in A&amp;J All&hellip;\n","protected":false},"author":2,"featured_media":253817,"comment_status":"","ping_status":"","sticky":false,"template":"","format":"standard","meta":{"footnotes":""},"categories":[273],"tags":[7221,313,312,168,25,24,3956,549,23,167,548],"class_list":{"0":"post-253816","1":"post","2":"type-post","3":"status-publish","4":"format-standard","5":"has-post-thumbnail","7":"category-ciclismo","8":"tag-canaria","9":"tag-ciclismo","10":"tag-cycling","11":"tag-deportes","12":"tag-es","13":"tag-espana","14":"tag-gran","15":"tag-pogacar","16":"tag-spain","17":"tag-sports","18":"tag-tadej"},"share_on_mastodon":{"url":"https:\/\/pubeurope.com\/@es\/115606594009981072","error":""},"_links":{"self":[{"href":"https:\/\/www.europesays.com\/es\/wp-json\/wp\/v2\/posts\/253816","targetHints":{"allow":["GET"]}}],"collection":[{"href":"https:\/\/www.europesays.com\/es\/wp-json\/wp\/v2\/posts"}],"about":[{"href":"https:\/\/www.europesays.com\/es\/wp-json\/wp\/v2\/types\/post"}],"author":[{"embeddable":true,"href":"https:\/\/www.europesays.com\/es\/wp-json\/wp\/v2\/users\/2"}],"replies":[{"embeddable":true,"href":"https:\/\/www.europesays.com\/es\/wp-json\/wp\/v2\/comments?post=253816"}],"version-history":[{"count":0,"href":"https:\/\/www.europesays.com\/es\/wp-json\/wp\/v2\/posts\/253816\/revisions"}],"wp:featuredmedia":[{"embeddable":true,"href":"https:\/\/www.europesays.com\/es\/wp-json\/wp\/v2\/media\/253817"}],"wp:attachment":[{"href":"https:\/\/www.europesays.com\/es\/wp-json\/wp\/v2\/media?parent=253816"}],"wp:term":[{"taxonomy":"category","embeddable":true,"href":"https:\/\/www.europesays.com\/es\/wp-json\/wp\/v2\/categories?post=253816"},{"taxonomy":"post_tag","embeddable":true,"href":"https:\/\/www.europesays.com\/es\/wp-json\/wp\/v2\/tags?post=253816"}],"curies":[{"name":"wp","href":"https:\/\/api.w.org\/{rel}","templated":true}]}}