{"id":253818,"date":"2025-11-24T20:37:14","date_gmt":"2025-11-24T20:37:14","guid":{"rendered":"https:\/\/www.europesays.com\/es\/253818\/"},"modified":"2025-11-24T20:37:14","modified_gmt":"2025-11-24T20:37:14","slug":"el-unicaja-anade-talento-a-su-plantilla-con-un-fichaje-de-ultima-hora","status":"publish","type":"post","link":"https:\/\/www.europesays.com\/es\/253818\/","title":{"rendered":"El Unicaja a\u00f1ade talento a su plantilla con un fichaje de \u00faltima hora"},"content":{"rendered":"<p data-gtm-element-container=\"modulo-texto-link\" class=\"paragraph\">El <strong>Unicaja <\/strong>ha hecho oficial este lunes el fichaje de<strong>\u00a0Augustine Rubit<\/strong>, de 36 a\u00f1os, procedente del <strong>Lietkabelis lituano<\/strong>. El conjunto andaluz a\u00f1ade talento y experiencia a su juego interior hasta final de temporada a falta del reconocimiento m\u00e9dico.\u00a0<\/p>\n<p data-gtm-element-container=\"modulo-texto-link\" class=\"paragraph\">Augustine <strong>Rubit<\/strong>, p\u00edvot de 2,03 de altura, cuenta con una amplia experiencia en <strong>Euroliga<\/strong>. El estadounidense ha jugado un total de 143 partidos en la competici\u00f3n de la mano del <strong>Brose Bamberg<\/strong> (2017-19), <strong>Olympiacos<\/strong> (2019-20), <strong>Zalgiris <\/strong>(2020-21) y <strong>Bayern <\/strong>(2021-23), con promedios totales de 9,2 puntos y 11,1 cr\u00e9ditos de valoraci\u00f3n.<\/p>\n<p>        Lee tambi\u00e9n<\/p>\n<p>    Redacci\u00f3n<\/p>\n<p>             <img loading=\"lazy\" decoding=\"async\" data-full-src=\"https:\/\/www.mundodeportivo.com\/uploads\/2025\/11\/24\/69245b24513e8.jpeg\" alt=\"Jabari Parker en su \u00faltimo partido con el Partizan\" width=\"334\" height=\"164\" src=\"https:\/\/www.europesays.com\/es\/wp-content\/uploads\/2025\/11\/69245b24513e8.r_d.1023-381.jpeg\" class=\"lazy\"\/><\/p>\n<p data-gtm-element-container=\"modulo-texto-link\" class=\"paragraph\">Ahora, <strong>Rubit <\/strong>estaba dejando buenos n\u00fameros en el\u00a0Lietkabelis lituano, convirtiendo 14 puntos por partido y 6,2 rebotes con 24 minutos de promedio a sus 36 a\u00f1os. El interior, con mucho talento y recursos en la pintura, aportar\u00e1 veteran\u00eda a un juego interior formado por <strong>Balcerowski, P\u00e9rez, Tillie, Sulejmanovic y Webb II.<\/strong>\u00a0<\/p>\n<p>Kravish ya tiene reemplazo<\/p>\n<p data-gtm-element-container=\"modulo-texto-link\" class=\"paragraph\">El fichaje de <strong>Rubit <\/strong>llega para cubrir la baja de\u00a0<strong>David Kravish<\/strong>, que estar\u00e1 cuatro meses alejado de las pistas al sufrir una fractura en su peron\u00e9 izquierdo de la que ya fue operado. La secretar\u00eda t\u00e9cnica del <strong>Unicaja <\/strong>ha trabajado hasta entonces para cerrar lo antes posible su sustituto.\u00a0<\/p>\n<p>        Lee tambi\u00e9n<\/p>\n<p>    Eloy Rodellar<\/p>\n<p>             <img loading=\"lazy\" decoding=\"async\" data-full-src=\"https:\/\/www.mundodeportivo.com\/uploads\/2022\/11\/04\/63659032107ae.jpeg\" alt=\"Jasikevicius y Laprovittola, al final del partido ante los turcos\" width=\"334\" height=\"164\" src=\"https:\/\/www.europesays.com\/es\/wp-content\/uploads\/2025\/11\/1764016634_501_63659032107ae.jpeg\" class=\"lazy\"\/><\/p>\n<p data-gtm-element-container=\"modulo-texto-link\" class=\"paragraph\">Natural de Texas,\u00a0<strong>Rubit <\/strong>inici\u00f3 su carrera profesional en 2014 en Alemania con los <strong>Walter Tigers T\u00fcbingen<\/strong> despu\u00e9s de su paso por <strong>South Alabama<\/strong> en la NCAA. Tras pasar por varios equipos del m\u00e1ximo nivel, el estadounidense llega a M\u00e1laga este lunes para incorporarse al equipo que dirige Ibon <strong>Navarro <\/strong>hasta final de temporada.<\/p>\n","protected":false},"excerpt":{"rendered":"El Unicaja ha hecho oficial este lunes el fichaje de\u00a0Augustine Rubit, de 36 a\u00f1os, procedente del Lietkabelis lituano.&hellip;\n","protected":false},"author":2,"featured_media":253819,"comment_status":"","ping_status":"","sticky":false,"template":"","format":"standard","meta":{"footnotes":""},"categories":[269],"tags":[299,298,168,25,24,23,167],"class_list":{"0":"post-253818","1":"post","2":"type-post","3":"status-publish","4":"format-standard","5":"has-post-thumbnail","7":"category-baloncesto","8":"tag-baloncesto","9":"tag-basketball","10":"tag-deportes","11":"tag-es","12":"tag-espana","13":"tag-spain","14":"tag-sports"},"share_on_mastodon":{"url":"https:\/\/pubeurope.com\/@es\/115606601698121526","error":""},"_links":{"self":[{"href":"https:\/\/www.europesays.com\/es\/wp-json\/wp\/v2\/posts\/253818","targetHints":{"allow":["GET"]}}],"collection":[{"href":"https:\/\/www.europesays.com\/es\/wp-json\/wp\/v2\/posts"}],"about":[{"href":"https:\/\/www.europesays.com\/es\/wp-json\/wp\/v2\/types\/post"}],"author":[{"embeddable":true,"href":"https:\/\/www.europesays.com\/es\/wp-json\/wp\/v2\/users\/2"}],"replies":[{"embeddable":true,"href":"https:\/\/www.europesays.com\/es\/wp-json\/wp\/v2\/comments?post=253818"}],"version-history":[{"count":0,"href":"https:\/\/www.europesays.com\/es\/wp-json\/wp\/v2\/posts\/253818\/revisions"}],"wp:featuredmedia":[{"embeddable":true,"href":"https:\/\/www.europesays.com\/es\/wp-json\/wp\/v2\/media\/253819"}],"wp:attachment":[{"href":"https:\/\/www.europesays.com\/es\/wp-json\/wp\/v2\/media?parent=253818"}],"wp:term":[{"taxonomy":"category","embeddable":true,"href":"https:\/\/www.europesays.com\/es\/wp-json\/wp\/v2\/categories?post=253818"},{"taxonomy":"post_tag","embeddable":true,"href":"https:\/\/www.europesays.com\/es\/wp-json\/wp\/v2\/tags?post=253818"}],"curies":[{"name":"wp","href":"https:\/\/api.w.org\/{rel}","templated":true}]}}