{"id":253822,"date":"2025-11-24T20:39:08","date_gmt":"2025-11-24T20:39:08","guid":{"rendered":"https:\/\/www.europesays.com\/es\/253822\/"},"modified":"2025-11-24T20:39:08","modified_gmt":"2025-11-24T20:39:08","slug":"dos-anos-de-carcel-para-tono-sanchis-por-apropiarse-de-casi-medio-millon-de-euros-de-belen-esteban","status":"publish","type":"post","link":"https:\/\/www.europesays.com\/es\/253822\/","title":{"rendered":"Dos a\u00f1os de c\u00e1rcel para To\u00f1o Sanch\u00eds por apropiarse de casi medio mill\u00f3n de euros de Bel\u00e9n Esteban"},"content":{"rendered":"<p class=\"v-mdl-ath__p v-mdl-ath__p--6\">\nLunes, 24 de noviembre 2025, 15:47<\/p>\n<p class=\"v-p\">La guerra entre Bel\u00e9n Esteban y su exrepresentante To\u00f1o Sanch\u00eds ha vivido este lunes su \u00faltimo cap\u00edtulo. La Audiencia de Madrid ha condenado a dos a\u00f1os de c\u00e1rcel a Sanch\u00eds al considerar probado que el representante se apropi\u00f3 ilegalmente de 475.571 euros -cantidad fijada en la sentencia- que pertenec\u00edan a Bel\u00e9n Esteban. Seg\u00fan la resoluci\u00f3n, a la que ha tenido acceso EFE, el acusado se vali\u00f3 de la \u00abconfianza plena\u00bb de la colaboradora televisiva para cobrarle durante a\u00f1os una comisi\u00f3n mayor a la estipulada. Concretamente \u00abse llevaba el 30% o el 40%\u00bb, incluso \u00abel 85%\u00bb, de los contratos firmados, lejos de percibir el 20% acordado entre las partes, seg\u00fan se public\u00f3 en la prensa del coraz\u00f3n hace ya una d\u00e9cada cuando estall\u00f3 el caso.<\/p>\n<p class=\"v-p\">Antes de este proceso, la justicia ya hab\u00eda dado la raz\u00f3n a Bel\u00e9n en un proceso civil por el que To\u00f1o fue condenado a pagar 388.868 euros a su exrepresentada. Sin embargo, hasta el momento solo hab\u00eda abonado unos 50.000, lo que llev\u00f3 a la colaboradora a acudir a la v\u00eda penal. En aquel proceso civil, To\u00f1o Sanch\u00eds le entreg\u00f3 una vivienda como parte del pago, valorada en 375.000 euros, con una hipoteca de m\u00e1s de 200.000. La colaboradora televisiva vendi\u00f3 despu\u00e9s ese inmueble por lo que la Audiencia de Madrid considera que la cantidad con la que Sanch\u00eds debe indemnizar a Esteban debe ser modificada. A los 475.571 euros los 49.000 euros que Esteban ya cobr\u00f3 en un proceso civil anterior y el dinero realmente percibido por la adjudicaci\u00f3n de la vivienda mencionada.<\/p>\n<p class=\"v-p\">En la resoluci\u00f3n publicada este lunes, los magistrados tambi\u00e9n condenan al expresentante de Esteban a una multa de 2.100 euros, poco m\u00e1s de la mitad de la cantidad que demandaba la Fiscal\u00eda. Tambi\u00e9n los jueces han rebajado la petici\u00f3n de c\u00e1rcel en 18 meses.<\/p>\n<p class=\"v-p\">Queda probado que la empresa participada por To\u00f1o al 50%, Agencia de Servicios Lorant S.L., representaba a Bel\u00e9n de manera exclusiva para Espa\u00f1a y el mundo, por lo que recib\u00eda los pagos por los trabajos de su clienta. Luego, la empresa de Bel\u00e9n, Bem Imaging S.L., recib\u00eda el pago previa emisi\u00f3n de unas facturas que hac\u00eda el propio acusado \u00abpor la confianza existente entre las partes\u00bb. To\u00f1o habr\u00eda aprovechado esta situaci\u00f3n para \u00abobtener un il\u00edcito enriquecimiento patrimonial\u00bb.<\/p>\n<p>Reporta un error<\/p>\n","protected":false},"excerpt":{"rendered":"Lunes, 24 de noviembre 2025, 15:47 La guerra entre Bel\u00e9n Esteban y su exrepresentante To\u00f1o Sanch\u00eds ha vivido&hellip;\n","protected":false},"author":2,"featured_media":253823,"comment_status":"","ping_status":"","sticky":false,"template":"","format":"standard","meta":{"footnotes":""},"categories":[174],"tags":[988,49028,3848,4280,255,1563,146,147,25,24,16142,1557,256,697,7818,49027,23,12206],"class_list":{"0":"post-253822","1":"post","2":"type-post","3":"status-publish","4":"format-standard","5":"has-post-thumbnail","7":"category-famosos","8":"tag-anos","9":"tag-apropiarse","10":"tag-belen","11":"tag-carcel","12":"tag-celebrities","13":"tag-dos","14":"tag-entertainment","15":"tag-entretenimiento","16":"tag-es","17":"tag-espana","18":"tag-esteban","19":"tag-euros","20":"tag-famosos","21":"tag-medio","22":"tag-millon","23":"tag-sanchis","24":"tag-spain","25":"tag-tono"},"share_on_mastodon":{"url":"https:\/\/pubeurope.com\/@es\/115606609417463884","error":""},"_links":{"self":[{"href":"https:\/\/www.europesays.com\/es\/wp-json\/wp\/v2\/posts\/253822","targetHints":{"allow":["GET"]}}],"collection":[{"href":"https:\/\/www.europesays.com\/es\/wp-json\/wp\/v2\/posts"}],"about":[{"href":"https:\/\/www.europesays.com\/es\/wp-json\/wp\/v2\/types\/post"}],"author":[{"embeddable":true,"href":"https:\/\/www.europesays.com\/es\/wp-json\/wp\/v2\/users\/2"}],"replies":[{"embeddable":true,"href":"https:\/\/www.europesays.com\/es\/wp-json\/wp\/v2\/comments?post=253822"}],"version-history":[{"count":0,"href":"https:\/\/www.europesays.com\/es\/wp-json\/wp\/v2\/posts\/253822\/revisions"}],"wp:featuredmedia":[{"embeddable":true,"href":"https:\/\/www.europesays.com\/es\/wp-json\/wp\/v2\/media\/253823"}],"wp:attachment":[{"href":"https:\/\/www.europesays.com\/es\/wp-json\/wp\/v2\/media?parent=253822"}],"wp:term":[{"taxonomy":"category","embeddable":true,"href":"https:\/\/www.europesays.com\/es\/wp-json\/wp\/v2\/categories?post=253822"},{"taxonomy":"post_tag","embeddable":true,"href":"https:\/\/www.europesays.com\/es\/wp-json\/wp\/v2\/tags?post=253822"}],"curies":[{"name":"wp","href":"https:\/\/api.w.org\/{rel}","templated":true}]}}