{"id":253824,"date":"2025-11-24T20:40:12","date_gmt":"2025-11-24T20:40:12","guid":{"rendered":"https:\/\/www.europesays.com\/es\/253824\/"},"modified":"2025-11-24T20:40:12","modified_gmt":"2025-11-24T20:40:12","slug":"la-estatua-de-salvador-soria-en-elche-se-desplazara-al-pla-y-su-hueco-lo-ocupara-una-maredeu","status":"publish","type":"post","link":"https:\/\/www.europesays.com\/es\/253824\/","title":{"rendered":"La estatua de Salvador Soria en Elche se desplazar\u00e1 al Pla y su hueco lo ocupar\u00e1 una Mared\u00e9u"},"content":{"rendered":"<p>ELCHE. Era un runr\u00fan y casi secreto a voces en la Pla\u00e7a Baix en los \u00faltimos d\u00edas. <strong>El Ayuntamiento sustituir\u00e1 la estatua dedicada al rey Jaume I realizada por el escultor valenciano Salvador Soria por una Mared\u00e9u<\/strong>. Se sustituri\u00e1 por una alegor\u00eda a la Venida de la Virgen, como ha confirmado este lunes el alcalde Pablo Ruz en los ruegos y preguntas que ha trasladado la oposici\u00f3n. En cuanto a la figura que ya se retir\u00f3 hace unas semanas, <strong>se instalar\u00e1 en la calle Pedro Juan Perpi\u00f1\u00e1n<\/strong>, con la que entronca el Pont de la Generalitat.<\/p>\n<p>A preguntas del PSOE, que <a href=\"https:\/\/alicanteplaza.es\/alicanteplaza\/elcheplaza\/el-psoe-de-elche-denuncia-caos-municipal-en-bolsas-de-trabajo-personal-sin-fichar-o-un-010-colapsado\" rel=\"nofollow noopener\" target=\"_blank\">ya inquir\u00eda hace unos d\u00edas qu\u00e9 pasaba con\u00a0la escultura de Soria<\/a>, que fue Premio de las Artes de la Generalitat en 2009, acusando al bipartito de retirarla \u00abcon nocturnidad y alevos\u00eda\u00bb, el alcalde ha revelado los planes que guardan para la misma. La escultura, que representa el drag\u00f3n de Jaume I e instalada en 2001, fue retirada hace semanas, como se hizo eco Informaci\u00f3n, \u00abest\u00e1\u00a0oxidada y con su base semiperforada\u00bb, ha indicado el alcalde <strong>Pablo Ruz<\/strong>. Adem\u00e1s de una parte desconchada de su superficie.\u00a0<\/p>\n<p>Ruz defiende que se llevar\u00e1 a Pedro Juan Perpi\u00f1\u00e1n, que \u00abest\u00e1 cerca\u00bb, y que en la ubicaci\u00f3n actual, a la entrada de Portes Encarnades y Raval, que lleva meses en obras de renovaci\u00f3n de suministros con quejas vecinales, se instalar\u00e1 una escultura de Ram\u00f3n Cuenca. \u00abUn artista\u00a0ilicitano que har\u00e1 una figura\u00a0de bronce, alusiva a la Venida de la Virgen\u00bb, explicaba el regidor. <strong>Adem\u00e1s, estar\u00e1 rodeada de una fuente<\/strong>. Algo que tambi\u00e9n se ven\u00eda especulando porque en la peque\u00f1a rotonda donde se instalar\u00e1 estaba actuando una subcontrata de Aig\u00fces d&#8217;Elx.<\/p>\n<p>Para el equipo de gobierno tiene m\u00e1s sentido esta figura al estar frente al Hort de Portes Encarnades y la restaurada casa de la Virgen. No obstante, a\u00fan no se ha especificado cu\u00e1ndo se instalar\u00e1, ni el coste que tendr\u00e1, o qui\u00e9n la financiar\u00e1. Aunque en estos \u00faltimos tiempos, el bipartito lo ha hecho con algunos de sus organismos municipales para la instalaci\u00f3n de otras esculturas, como la del homenaje del Domingo de Ramos en el Paseo de la Estaci\u00f3n.<\/p>\n<p>Eso s\u00ed, el alcalde ha aprovechado para contestar que no hay informe de Cultura por el que preguntaba el PSOE: \u00abUstedes no bucaron el consenso para derribar la cruz, o para cambiar nombres de calles como Jos\u00e9 Mar\u00eda Pem\u00e1n\u00bb.\u00a0<\/p>\n","protected":false},"excerpt":{"rendered":"ELCHE. Era un runr\u00fan y casi secreto a voces en la Pla\u00e7a Baix en los \u00faltimos d\u00edas. El&hellip;\n","protected":false},"author":2,"featured_media":253825,"comment_status":"","ping_status":"","sticky":false,"template":"","format":"standard","meta":{"footnotes":""},"categories":[173],"tags":[229,233,231,230,232,234,146,147,25,24,23],"class_list":{"0":"post-253824","1":"post","2":"type-post","3":"status-publish","4":"format-standard","5":"has-post-thumbnail","7":"category-arte-y-diseno","8":"tag-arte","9":"tag-arte-y-diseno","10":"tag-arts","11":"tag-arts-and-design","12":"tag-design","13":"tag-diseno","14":"tag-entertainment","15":"tag-entretenimiento","16":"tag-es","17":"tag-espana","18":"tag-spain"},"share_on_mastodon":{"url":"https:\/\/pubeurope.com\/@es\/115606613019587637","error":""},"_links":{"self":[{"href":"https:\/\/www.europesays.com\/es\/wp-json\/wp\/v2\/posts\/253824","targetHints":{"allow":["GET"]}}],"collection":[{"href":"https:\/\/www.europesays.com\/es\/wp-json\/wp\/v2\/posts"}],"about":[{"href":"https:\/\/www.europesays.com\/es\/wp-json\/wp\/v2\/types\/post"}],"author":[{"embeddable":true,"href":"https:\/\/www.europesays.com\/es\/wp-json\/wp\/v2\/users\/2"}],"replies":[{"embeddable":true,"href":"https:\/\/www.europesays.com\/es\/wp-json\/wp\/v2\/comments?post=253824"}],"version-history":[{"count":0,"href":"https:\/\/www.europesays.com\/es\/wp-json\/wp\/v2\/posts\/253824\/revisions"}],"wp:featuredmedia":[{"embeddable":true,"href":"https:\/\/www.europesays.com\/es\/wp-json\/wp\/v2\/media\/253825"}],"wp:attachment":[{"href":"https:\/\/www.europesays.com\/es\/wp-json\/wp\/v2\/media?parent=253824"}],"wp:term":[{"taxonomy":"category","embeddable":true,"href":"https:\/\/www.europesays.com\/es\/wp-json\/wp\/v2\/categories?post=253824"},{"taxonomy":"post_tag","embeddable":true,"href":"https:\/\/www.europesays.com\/es\/wp-json\/wp\/v2\/tags?post=253824"}],"curies":[{"name":"wp","href":"https:\/\/api.w.org\/{rel}","templated":true}]}}