{"id":253826,"date":"2025-11-24T20:42:18","date_gmt":"2025-11-24T20:42:18","guid":{"rendered":"https:\/\/www.europesays.com\/es\/253826\/"},"modified":"2025-11-24T20:42:18","modified_gmt":"2025-11-24T20:42:18","slug":"las-series-diarias-espanolas-la-promesa-suenos-de-libertad-y-valle-salvaje-arrasan-en-premios-internacionales","status":"publish","type":"post","link":"https:\/\/www.europesays.com\/es\/253826\/","title":{"rendered":"Las series diarias espa\u00f1olas &#8216;La Promesa&#8217; &#8216;Sue\u00f1os de libertad&#8217; y &#8216;Valle Salvaje&#8217; arrasan en premios internacionales"},"content":{"rendered":"<p data-journey-content=\"true\" data-node-id=\"4\" class=\"css-6wxqfj emevuu60\">El cierre del <strong data-node-id=\"4.1\">Festival Internacional de Cine de Almer\u00eda<\/strong> (FICAL) dej\u00f3 una clara evidencia: la ficci\u00f3n diaria espa\u00f1ola vive uno de sus momentos m\u00e1s brillantes. Tres de las producciones m\u00e1s seguidas del pa\u00eds, &#8216;<a href=\"https:\/\/www.diezminutos.es\/telenovela-la-promesa\/\" target=\"_blank\" data-vars-ga-outbound-link=\"https:\/\/www.diezminutos.es\/telenovela-la-promesa\/\" data-vars-ga-ux-element=\"Hyperlink\" data-vars-ga-call-to-action=\"La Promesa\" data-node-id=\"4.3\" class=\"body-link css-177bzfx emevuu60\" rel=\"nofollow noopener\">La Promesa<\/a>&#8216;, &#8216;<a href=\"https:\/\/www.diezminutos.es\/suenos-de-libertad\/\" target=\"_blank\" data-vars-ga-outbound-link=\"https:\/\/www.diezminutos.es\/suenos-de-libertad\/\" data-vars-ga-ux-element=\"Hyperlink\" data-vars-ga-call-to-action=\"Sue\u00f1os de Libertad\" data-node-id=\"4.5\" class=\"body-link css-177bzfx emevuu60\" rel=\"nofollow noopener\">Sue\u00f1os de Libertad<\/a>&#8216; y &#8216;<a href=\"https:\/\/www.diezminutos.es\/valle-salvaje\/\" target=\"_blank\" data-vars-ga-outbound-link=\"https:\/\/www.diezminutos.es\/valle-salvaje\/\" data-vars-ga-ux-element=\"Hyperlink\" data-vars-ga-call-to-action=\"Valle Salvaje\" data-node-id=\"4.7\" class=\"body-link css-177bzfx emevuu60\" rel=\"nofollow noopener\">Valle Salvaje<\/a>&#8216;, han sido reconocidas en distintos escenarios, reafirmando el prestigio de un g\u00e9nero tradicionalmente infravalorado y que hoy se ha convertido en uno de los favoritos. <\/p>\n<p data-journey-content=\"true\" data-node-id=\"8\" class=\"css-6wxqfj emevuu60\">La serie de Antena 3 <a href=\"https:\/\/www.diezminutos.es\/telenovela\/espanolas\/a69525296\/suenos-de-libertad-mejor-serie-diaria-gesto-especial-promesa-valle-salvaje\/\" target=\"_blank\" data-vars-ga-outbound-link=\"https:\/\/www.diezminutos.es\/telenovela\/espanolas\/a69525296\/suenos-de-libertad-mejor-serie-diaria-gesto-especial-promesa-valle-salvaje\/\" data-vars-ga-ux-element=\"Hyperlink\" data-vars-ga-call-to-action=\"&#039;Sue\u00f1os de libertad&#039; se alz\u00f3 con el t\u00edtulo de Mejor Serie Diaria\" data-node-id=\"8.1\" class=\"body-link css-177bzfx emevuu60\" rel=\"nofollow noopener\">&#8216;Sue\u00f1os de libertad&#8217; se alz\u00f3 con el t\u00edtulo de Mejor Serie Diaria<\/a> en una gala cargada de emoci\u00f3n. Parte del reparto, como son <strong data-node-id=\"8.3\">Oriol Tarras\u00f3n, Dani Tatay, Jos\u00e9 Mil\u00e1n e Isabel Moreno<\/strong>, subi\u00f3 al escenario para recoger el premio en nombre de todos los compa\u00f1eros. La productora ejecutiva de Atresmedia, Luc\u00eda Alonso, aprovech\u00f3 el momento para reivindicar el inmenso trabajo detr\u00e1s de una ficci\u00f3n diaria: \u00abEs una aut\u00e9ntica carrera contrarreloj de fondo\u00bb, se\u00f1al\u00f3, destacando la coordinaci\u00f3n milim\u00e9trica entre guionistas, directores, t\u00e9cnicos y actores. El director Joan Noguera fue muy aplaudido al acordarse de &#8216;La Promesa&#8217; y &#8216;Valle Salvaje&#8217; en su discurso.<\/p>\n<p>La bonita ovaci\u00f3n al reparto de &#8216;La Promesa&#8217;<img draggable=\"true\" alt=\"xavi lock de la promesa con el premio festival de cine de almeria\" title=\"Xavi Lock de la promesa con el premio festival de cine de almeria\" loading=\"lazy\" width=\"1920\" height=\"1080\" decoding=\"async\" data-nimg=\"1\" style=\"color:transparent;width:100%;height:auto;\"   src=\"https:\/\/www.europesays.com\/es\/wp-content\/uploads\/2025\/11\/la-promesa-curro-premio-69244ca85a40b.jpg\" class=\"css-0 e1g79fud0\"\/><\/p>\n<p>RTVE<\/p>\n<p data-journey-content=\"true\" data-node-id=\"12\" class=\"css-6wxqfj emevuu60\">Pero si hubo un momento culminante en FICAL fue <strong data-node-id=\"12.1\">la entrega del Premio de Honor a &#8216;La Promesa&#8217;<\/strong>, la superproducci\u00f3n de TVE que ya <a href=\"https:\/\/www.diezminutos.es\/telenovela\/espanolas\/a69014747\/la-promesa-avance-capitulo-700-lunes-20-octubre-2025-tve\/\" target=\"_blank\" data-vars-ga-outbound-link=\"https:\/\/www.diezminutos.es\/telenovela\/espanolas\/a69014747\/la-promesa-avance-capitulo-700-lunes-20-octubre-2025-tve\/\" data-vars-ga-ux-element=\"Hyperlink\" data-vars-ga-call-to-action=\"acumula m\u00e1s de 700 episodios\" data-node-id=\"12.3\" class=\"body-link css-177bzfx emevuu60\" rel=\"nofollow noopener\">acumula m\u00e1s de 700 episodios<\/a>, una <a href=\"https:\/\/www.diezminutos.es\/telenovela\/espanolas\/a67994620\/la-promesa-tve-renovacion-capitulos-temporada-5\/\" target=\"_blank\" data-vars-ga-outbound-link=\"https:\/\/www.diezminutos.es\/telenovela\/espanolas\/a67994620\/la-promesa-tve-renovacion-capitulos-temporada-5\/\" data-vars-ga-ux-element=\"Hyperlink\" data-vars-ga-call-to-action=\"renovaci\u00f3n asegurada hasta 2027\" data-node-id=\"12.5\" class=\"body-link css-177bzfx emevuu60\" rel=\"nofollow noopener\">renovaci\u00f3n asegurada hasta 2027<\/a> y un <a href=\"https:\/\/www.diezminutos.es\/telenovela\/espanolas\/a63016791\/la-promesa-premio-emmy-internacional-2024-mejor-telenovela\/\" target=\"_blank\" data-vars-ga-outbound-link=\"https:\/\/www.diezminutos.es\/telenovela\/espanolas\/a63016791\/la-promesa-premio-emmy-internacional-2024-mejor-telenovela\/\" data-vars-ga-ux-element=\"Hyperlink\" data-vars-ga-call-to-action=\"Premio Emmy Internacional en 2024\" data-node-id=\"12.7\" class=\"body-link css-177bzfx emevuu60\" rel=\"nofollow noopener\">Premio Emmy Internacional en 2024<\/a> por su distribuci\u00f3n global.<\/p>\n<p data-journey-content=\"true\" data-node-id=\"17\" class=\"css-6wxqfj emevuu60\">El p\u00fablico ovacion\u00f3 al amplio elenco presente: <strong data-node-id=\"17.1\">Arturo Garc\u00eda Sancho, Carmen Flores, Manuel Regueiro, Teresa Quintero, Andrea del R\u00edo, Xavi Lock, Sara Molina, Amparo Pi\u00f1ero y Marga Mart\u00ednez<\/strong>. La organizaci\u00f3n resalt\u00f3 la influencia cultural de la serie, su \u00e9xito internacional a trav\u00e9s de RTVE Play y Netflix, y su capacidad para crear comunidad, convirti\u00e9ndose en un fen\u00f3meno social que trasciende la pantalla.<\/p>\n<p>&#8216;Valle Salvaje&#8217;, rumbo a los Emmy<img draggable=\"true\" alt=\"valle salvaje\" title=\"Valle Salvaje\" loading=\"lazy\" width=\"4096\" height=\"2731\" decoding=\"async\" data-nimg=\"1\" style=\"color:transparent;width:100%;height:auto;\"   src=\"https:\/\/www.europesays.com\/es\/wp-content\/uploads\/2025\/11\/gvvqoa9wcaakcos-68777fe1cd951.jpeg\" class=\"css-0 e1g79fud0\"\/><\/p>\n<p>RTVE<\/p>\n<p data-journey-content=\"true\" data-node-id=\"21\" class=\"css-6wxqfj emevuu60\">La tercera alegr\u00eda para la ficci\u00f3n diaria lleg\u00f3 de la mano de &#8216;Valle Salvaje&#8217;. La serie, producida tambi\u00e9n por RTVE, <a href=\"https:\/\/www.diezminutos.es\/telenovela\/espanolas\/a68076104\/valle-salvaje-nominada-emmy-internacional-mejor-la-promesa\/\" target=\"_blank\" data-vars-ga-outbound-link=\"https:\/\/www.diezminutos.es\/telenovela\/espanolas\/a68076104\/valle-salvaje-nominada-emmy-internacional-mejor-la-promesa\/\" data-vars-ga-ux-element=\"Hyperlink\" data-vars-ga-call-to-action=\"ha sido nominada a los Emmy Internacionales\" data-node-id=\"21.1\" class=\"body-link css-177bzfx emevuu60\" rel=\"nofollow noopener\">ha sido nominada a los Emmy Internacionales<\/a>, motivo por el cual su productor viaj\u00f3 hasta Estados Unidos para representar a Espa\u00f1a en la gala. La nominaci\u00f3n supone un hito para una ficci\u00f3n de emisi\u00f3n diaria.<\/p>\n<p><img src=\"https:\/\/www.europesays.com\/es\/wp-content\/uploads\/2025\/11\/1764016938_154_04c0b0af-4dfe-409a-8e0c-876f8f325877_1664867977.file\" alt=\"Headshot of Ignacio Herruzo Mart\u00ednez\" title=\"Headshot of Ignacio Herruzo Mart\u00ednez\" width=\"100%\" height=\"100%\" decoding=\"async\" loading=\"lazy\" class=\"css-o0wq4v ev8dhu53\"\/><\/p>\n<p>Ignacio es experto en cultura, pero desde hace m\u00e1s de 10 a\u00f1os se ha especializado en cine y series, tanto las que se estrenan en la gran pantalla como en las plataformas de streaming. Lo mismo te habla de los estrenos de Netflix, HBO Max o Amazon Prime Video, como que te cuenta la \u00faltima hora de \u2018Masterchef\u2019 o de cualquier otro programa de televisi\u00f3n. \u00a0\u00a0<\/p>\n<p>Con ya una larga experiencia como cr\u00edtico, conoce las mejores series y pel\u00edculas y le encanta verlas antes que t\u00fa para poder decirte si merecen la pena o no. Conoce todos los estrenos de la semana y le encanta recomendar series y pel\u00edculas a sus amigos, familiares y a los lectores, algo que ha ido haciendo en diferentes blogs personales y a trav\u00e9s de las redes sociales. Le gusta todo: sigue a grandes directores como Martin Scorsese, Quentin Tarantino o Steven Spielberg, y se sabe de memoria todo el universo de Marvel, Star Wars, El se\u00f1or de los anillos y el mundo Disney. \u00a0\u00a0\u00a0<\/p>\n<p>La cultura es su principal hobby y aunque se considera un cin\u00e9filo, tambi\u00e9n le encanta la m\u00fasica, sobre todo internacional, y los videojuegos, a los que dedica todo el tiempo que le deja el cine y las series, claro. El deporte es su otra pasi\u00f3n, que desarroll\u00f3 en sus inicios en el diario deportivo MARCA. \u00a0\u00a0Ignacio Herruzo es Graduado en Periodismo por la Universidad Rey Juan Carlos en 2012. Desde entonces no ha parado de escribir desde que comenz\u00f3 en 2013 en el grupo Hearst, donde ha ejercido de redactor en diferentes webs y revistas como Teleprograma, Supertele y Diez Minutos. \u00a0<\/p>\n","protected":false},"excerpt":{"rendered":"El cierre del Festival Internacional de Cine de Almer\u00eda (FICAL) dej\u00f3 una clara evidencia: la ficci\u00f3n diaria espa\u00f1ola&hellip;\n","protected":false},"author":2,"featured_media":253827,"comment_status":"","ping_status":"","sticky":false,"template":"","format":"standard","meta":{"footnotes":""},"categories":[171],"tags":[253,146,147,25,24,23,214],"class_list":{"0":"post-253826","1":"post","2":"type-post","3":"status-publish","4":"format-standard","5":"has-post-thumbnail","7":"category-tv","8":"tag-discover","9":"tag-entertainment","10":"tag-entretenimiento","11":"tag-es","12":"tag-espana","13":"tag-spain","14":"tag-tv"},"share_on_mastodon":{"url":"https:\/\/pubeurope.com\/@es\/115606621603102696","error":""},"_links":{"self":[{"href":"https:\/\/www.europesays.com\/es\/wp-json\/wp\/v2\/posts\/253826","targetHints":{"allow":["GET"]}}],"collection":[{"href":"https:\/\/www.europesays.com\/es\/wp-json\/wp\/v2\/posts"}],"about":[{"href":"https:\/\/www.europesays.com\/es\/wp-json\/wp\/v2\/types\/post"}],"author":[{"embeddable":true,"href":"https:\/\/www.europesays.com\/es\/wp-json\/wp\/v2\/users\/2"}],"replies":[{"embeddable":true,"href":"https:\/\/www.europesays.com\/es\/wp-json\/wp\/v2\/comments?post=253826"}],"version-history":[{"count":0,"href":"https:\/\/www.europesays.com\/es\/wp-json\/wp\/v2\/posts\/253826\/revisions"}],"wp:featuredmedia":[{"embeddable":true,"href":"https:\/\/www.europesays.com\/es\/wp-json\/wp\/v2\/media\/253827"}],"wp:attachment":[{"href":"https:\/\/www.europesays.com\/es\/wp-json\/wp\/v2\/media?parent=253826"}],"wp:term":[{"taxonomy":"category","embeddable":true,"href":"https:\/\/www.europesays.com\/es\/wp-json\/wp\/v2\/categories?post=253826"},{"taxonomy":"post_tag","embeddable":true,"href":"https:\/\/www.europesays.com\/es\/wp-json\/wp\/v2\/tags?post=253826"}],"curies":[{"name":"wp","href":"https:\/\/api.w.org\/{rel}","templated":true}]}}