{"id":253828,"date":"2025-11-24T20:43:10","date_gmt":"2025-11-24T20:43:10","guid":{"rendered":"https:\/\/www.europesays.com\/es\/253828\/"},"modified":"2025-11-24T20:43:10","modified_gmt":"2025-11-24T20:43:10","slug":"me-quede-en-45-kilos","status":"publish","type":"post","link":"https:\/\/www.europesays.com\/es\/253828\/","title":{"rendered":"Me qued\u00e9 en 45 kilos"},"content":{"rendered":"<p>Horas despu\u00e9s de que el rapero<a data-external=\"1\" href=\"https:\/\/www.elplural.com\/playtime\/ayax-acorralado-fernando-costa-denuncias-peleas-manipulacion-beef-sin-precedentes_365818102\" rel=\"nofollow noopener\" target=\"_blank\" title=\" Fernando Costa publicara Te avis\u00e9\"> Fernando Costa publicara Te avis\u00e9<\/a>, un tema en el que, entre otras cosas, expone el supuesto maltrato ejercido por Ayax a sus exparejas, ha llegado el<strong> primer relato al respecto<\/strong>,\u00a0compartido a trav\u00e9s de las redes sociales<strong> por una de las presuntas v\u00edctimas<\/strong>. La usuaria de Instagram llamada\u00a0@veeliseque, exnovia del granadino, se\u00f1alado junto a su hermano Prok por cerca de un<strong> centenar de testimonios de haber cometido presuntas agresiones y abusos sexuales<\/strong>, ha compartido en Instagram\u00a0un texto en el que narra el infierno de relaci\u00f3n que mantuvo con el rapero.\u00a0<\/p>\n<p>\u00abSab\u00e9is que nunca jam\u00e1s me pronunci\u00e9 sobre este tema. En ese momento me sent\u00eda tan d\u00e9bil que lo \u00faltimo que quer\u00eda era remover todo, pero nunca olvidar\u00e9 la frase que me dijo mientras me ve\u00eda llorar <strong>en la cama sin ganas de vivir, que era &#8216;ah\u00ed donde me merec\u00eda estar&#8217;<\/strong>\u00ab, ha compartido v\u00eda stories.\u00a0<\/p>\n<p>Adem\u00e1s de ello, la expareja de Ayax tambi\u00e9n ha narrado c\u00f3mo consigui\u00f3 salir de la relaci\u00f3n de maltrato.\u00a0\u00abGracias al gran apoyo de mis amiga<strong>s pude marchar de aquel infierno de casa, en la que me qued\u00e9 en 45 kilos<\/strong>. A d\u00eda de hoy, mi cerebro ha disociado tanto el trauma que ni siquiera tengo la sensaci\u00f3n de haber compartido 4 a\u00f1os de mi vida con \u00e9l\u00bb, zanja la joven para a\u00f1adir un \u00abgracias, Fer\u00bb, en referencia al rapero balear que ha publicado Te avis\u00e9.\u00a0<\/p>\n<p>Es por ello que los usuarios han asumido que es esta joven a la que se refiere la letra del nuevo tema de Fernando Costa, en la que este asegura que <strong>\u00abte\u00a0avis\u00e9 cuando peleaste con tu exnovia y la hiciste llorar delante del camerino\u00bb<\/strong>. Adem\u00e1s de ello, el tema\u00a0est\u00e1 plagado\u00a0de acusaciones igual de demoledoras:\u00a0<strong>manipulaci\u00f3n, abuso de drogas, conductas posesivas, control sobre parejas<\/strong>, tensiones vecinales, aislamiento emocional, p\u00e9rdida econ\u00f3mica y un deterioro personal que, en palabras de Costa, todos alrededor hab\u00edan visto menos el propio Ayax. \u201cTus novias te avisaron (\u2026) no son de tu propiedad\u201d. \u201cNo se imaginabas que el maltrato ven\u00eda disfrazado de feminista\u201d.\u00a0\u201cObligaste a todas tus exnovias para que abortaran\u201d.\u00a0\u201cTe odian desde el Zaid\u00edn a la Chana\u201d<\/p>\n<blockquote class=\"twitter-tweet\">\n<p dir=\"ltr\" lang=\"es\">\ud83d\udd34 Hace una semanas Ayax se burlaba de sus v\u00edctimas de presuntos abusos diciendo que no exist\u00edan y que \u201cno eran corp\u00f3reas\u201d<\/p>\n<p>Hoy su exnovia @ veelise publica esta historia:<\/p>\n<p>\u201cMe dec\u00eda que lo \u00fanico que merec\u00eda era estar en la cama mientras lloraba\u201d<\/p>\n<p>\u201cMe qued\u00e9 en 45 kilos\u201d <a href=\"https:\/\/t.co\/wJ2eZ7CJ0r\" rel=\"nofollow\">pic.twitter.com\/wJ2eZ7CJ0r<\/a><\/p>\n<p>\u2014 Daniel Caballero (@danicaballerou) <a href=\"https:\/\/twitter.com\/danicaballerou\/status\/1992985578242224407?ref_src=twsrc%5Etfw\" rel=\"nofollow noopener\" target=\"_blank\">November 24, 2025<\/a><\/p><\/blockquote>\n<p>Ayax elimina en redes el anuncio de su gira<\/p>\n<p>Ante este panorama,\u00a0<a data-external=\"1\" href=\"https:\/\/www.elplural.com\/playtime\/ayax-prok-regresan-escenarios-indestructibles-pese-mas-80-denuncias-abuso_364291102\" rel=\"nofollow noopener\" target=\"_blank\" title=\"los gemelos anunciaban a principio de mes una gira\">los gemelos anunciaban a principio de mes una gira<\/a> despu\u00e9s de que\u00a0<strong>Movistar Arena cancelara su concierto previsto para marzo de 2026<\/strong>\u00a0por los distintos testimonios de agresiones sexuales que rodeaban a los cantantes. El tour, titulado Indestructibles, que iba a consistir en\u00a0seis conciertos por Espa\u00f1a, en los que no se incluyen\u00a0<strong>Granada<\/strong>\u00a0-su ciudad natal y origen de su trayectoria musical-<strong>\u00a0ni Madrid<\/strong>, ciudades en las que se concentran la amplia mayor\u00eda de los testimonios contra ambos.\u00a0<\/p>\n<p>Sin embargo, ante la publicaci\u00f3n del tema de Fernando Costa, <strong>Ayax ha eliminado la publicaci\u00f3n de Instagram en la que anunciaba la gira<\/strong>. Por el momento, el anuncio contin\u00faa disponible en las redes sociales de su hermano Prok.\u00a0<\/p>\n<blockquote class=\"twitter-tweet\">\n<p dir=\"ltr\" lang=\"es\">Lo que coment\u00e9. Se est\u00e1n sucediendo movimientos.<\/p>\n<p>\u274c Ayax ELIMINA la publicaci\u00f3n fijada donde anuncia su gira nacional \u201cINDESTRUCTIBLES\u201d con su hermano Prok despu\u00e9s del esc\u00e1ndalo por la respuesta de Fernandocosta y los cientos de acusaciones por violencia machista <a href=\"https:\/\/t.co\/ydfU852CKb\" rel=\"nofollow\">https:\/\/t.co\/ydfU852CKb<\/a> <a href=\"https:\/\/t.co\/VBULSSvjas\" rel=\"nofollow\">pic.twitter.com\/VBULSSvjas<\/a><\/p>\n<p>\u2014 Daniel Caballero (@danicaballerou) <a href=\"https:\/\/twitter.com\/danicaballerou\/status\/1993015674076295278?ref_src=twsrc%5Etfw\" rel=\"nofollow noopener\" target=\"_blank\">November 24, 2025<\/a><\/p><\/blockquote>\n<p><script async src=\"https:\/\/platform.twitter.com\/widgets.js\" charset=\"utf-8\"><\/script><\/p>\n","protected":false},"excerpt":{"rendered":"Horas despu\u00e9s de que el rapero Fernando Costa publicara Te avis\u00e9, un tema en el que, entre otras&hellip;\n","protected":false},"author":2,"featured_media":253829,"comment_status":"","ping_status":"","sticky":false,"template":"","format":"standard","meta":{"footnotes":""},"categories":[170],"tags":[146,147,25,24,184,185,23],"class_list":{"0":"post-253828","1":"post","2":"type-post","3":"status-publish","4":"format-standard","5":"has-post-thumbnail","7":"category-musica","8":"tag-entertainment","9":"tag-entretenimiento","10":"tag-es","11":"tag-espana","12":"tag-music","13":"tag-musica","14":"tag-spain"},"share_on_mastodon":{"url":"https:\/\/pubeurope.com\/@es\/115606624990843929","error":""},"_links":{"self":[{"href":"https:\/\/www.europesays.com\/es\/wp-json\/wp\/v2\/posts\/253828","targetHints":{"allow":["GET"]}}],"collection":[{"href":"https:\/\/www.europesays.com\/es\/wp-json\/wp\/v2\/posts"}],"about":[{"href":"https:\/\/www.europesays.com\/es\/wp-json\/wp\/v2\/types\/post"}],"author":[{"embeddable":true,"href":"https:\/\/www.europesays.com\/es\/wp-json\/wp\/v2\/users\/2"}],"replies":[{"embeddable":true,"href":"https:\/\/www.europesays.com\/es\/wp-json\/wp\/v2\/comments?post=253828"}],"version-history":[{"count":0,"href":"https:\/\/www.europesays.com\/es\/wp-json\/wp\/v2\/posts\/253828\/revisions"}],"wp:featuredmedia":[{"embeddable":true,"href":"https:\/\/www.europesays.com\/es\/wp-json\/wp\/v2\/media\/253829"}],"wp:attachment":[{"href":"https:\/\/www.europesays.com\/es\/wp-json\/wp\/v2\/media?parent=253828"}],"wp:term":[{"taxonomy":"category","embeddable":true,"href":"https:\/\/www.europesays.com\/es\/wp-json\/wp\/v2\/categories?post=253828"},{"taxonomy":"post_tag","embeddable":true,"href":"https:\/\/www.europesays.com\/es\/wp-json\/wp\/v2\/tags?post=253828"}],"curies":[{"name":"wp","href":"https:\/\/api.w.org\/{rel}","templated":true}]}}