{"id":253830,"date":"2025-11-24T20:44:12","date_gmt":"2025-11-24T20:44:12","guid":{"rendered":"https:\/\/www.europesays.com\/es\/253830\/"},"modified":"2025-11-24T20:44:12","modified_gmt":"2025-11-24T20:44:12","slug":"habria-sido-como-aliens-con-dinosaurios","status":"publish","type":"post","link":"https:\/\/www.europesays.com\/es\/253830\/","title":{"rendered":"Habr\u00eda sido como &#8216;Aliens&#8217; con dinosaurios"},"content":{"rendered":"<p class=\"c-paragraph\">\u00bfC\u00f3mo ser\u00eda el blockbuster moderno sin Parque Jur\u00e1sico? Seguro que muy diferente: en 1993, aquella pel\u00edcula de <b>Steven Spielberg <\/b>revolucion\u00f3 los efectos especiales, puso de relieve el merchandising como nunca hasta aquel momento y despert\u00f3 una fiebre mundial por los dinosaurios. Normal que fuese el punto de partida para una franquicia que a\u00fan colea.<\/p>\n<p class=\"c-paragraph\">Y, como tantos momentos decisivos, este pendi\u00f3 de un hilo hasta el \u00faltimo momento. \u00bfTe imaginas que Parque Jur\u00e1sico no la hubiera dirigido Spielberg, sino otro director? \u00bfPor ejemplo, <a href=\"https:\/\/www.20minutos.es\/cinemania\/noticias\/james-cameron-desvela-duracion-avatar-fuego-ceniza-funciona-estupendamente_6510141_0.html\" title=\"James Cameron desvela la duraci\u00f3n de &#039;Avatar: Fuego y ceniza&#039;: &quot;Funciona estupendamente&quot;\" rel=\"nofollow noopener\" target=\"_blank\">James Cameron<\/a>?<b> <\/b>Pues eso estuvo a punto de ocurrir, tal y como ha narrado el canadiense megal\u00f3mano en una entrevista para Empire (v\u00eda <a href=\"https:\/\/www.worldofreel.com\/blog\/2025\/11\/22\/james-cameron-says-he-almost-directed-jurassic-park\" rel=\"nofollow noreferrer noopener\" target=\"_blank\">World of Reel<\/a>).<\/p>\n<p>As\u00ed habr\u00eda sido el &#8216;Parque Jur\u00e1sico&#8217; de James Cameron<\/p>\n<p class=\"c-paragraph\">A principios de los 90, Cameron se hab\u00eda quitado de encima el relativo fracaso de Abyss y ten\u00eda la recaudaci\u00f3n de Terminator 2 calentita en el bolsillo. As\u00ed pues, se fij\u00f3 en la novela de <b>Michael Crichton <\/b>y trat\u00f3 de hacerse con los derechos&#8230; pero Spielberg, a\u00fan m\u00e1s aguililla que \u00e9l, se le adelant\u00f3 <b>\u00abpor unas pocas horas\u00bb <\/b>y acab\u00f3 dirigiendo la adaptaci\u00f3n.\u00a0<\/p>\n<p class=\"c-paragraph\">Ahora, sin embargo, Cameron reconoce que su colega era m\u00e1s adecuado que \u00e9l para llevar aquel libro a la gran pantalla.<b> \u00ab[Spielberg] era la persona correcta para hacer la pel\u00edcula, y no yo\u00bb,<\/b> confiesa.\u00a0<\/p>\n<p class=\"c-paragraph\">\u00abYo la hubiera hecho demasiado terror\u00edfica, como para una calificaci\u00f3n &#8216;R&#8217; [menores de 17 a\u00f1os acompa\u00f1ados]\u00bb, se\u00f1ala. <b>\u00abHabr\u00eda sido Aliens con dinosaurios\u00bb.\u00a0<\/b><\/p>\n<p class=\"c-paragraph\">No es que a la Parque Jur\u00e1sico de Spielberg le falten momentos de infarto (basta con recordar el enfrentamiento con el <b>tiranosaurio Rex <\/b>para admitirlo). Pero su pel\u00edcula nunca pierde de vista el car\u00e1cter de espect\u00e1culo &#8216;familiar&#8217; tan caracter\u00edstico del director. En cambio, una adaptaci\u00f3n de Cameron habr\u00eda potenciado m\u00e1s el aspecto de tecnothriller de la novela de Crichton.\u00a0<\/p>\n<p class=\"c-paragraph\">Aunque no lograra llevarse el velocirraptor al agua, Cameron puede alardear de haber re\u00eddo el \u00faltimo. El pr\u00f3ximo estreno de Avatar: Fuego y ceniza el <b>19 de diciembre <\/b>prolongar\u00e1 una saga que ha batido r\u00e9cords de taquilla&#8230; y que ha llevado al l\u00edmite la revoluci\u00f3n CGI propiciada por la propia Parque Jur\u00e1sico hace 32 a\u00f1os.<\/p>\n","protected":false},"excerpt":{"rendered":"\u00bfC\u00f3mo ser\u00eda el blockbuster moderno sin Parque Jur\u00e1sico? Seguro que muy diferente: en 1993, aquella pel\u00edcula de Steven&hellip;\n","protected":false},"author":2,"featured_media":253831,"comment_status":"","ping_status":"","sticky":false,"template":"","format":"standard","meta":{"footnotes":""},"categories":[169],"tags":[177,146,147,25,24,176,180,175,64039,23,6828],"class_list":{"0":"post-253830","1":"post","2":"type-post","3":"status-publish","4":"format-standard","5":"has-post-thumbnail","7":"category-cine","8":"tag-cine","9":"tag-entertainment","10":"tag-entretenimiento","11":"tag-es","12":"tag-espana","13":"tag-film","14":"tag-james-cameron","15":"tag-movies","16":"tag-parque-jurasico","17":"tag-spain","18":"tag-steven-spielberg"},"share_on_mastodon":{"url":"https:\/\/pubeurope.com\/@es\/115606628929212519","error":""},"_links":{"self":[{"href":"https:\/\/www.europesays.com\/es\/wp-json\/wp\/v2\/posts\/253830","targetHints":{"allow":["GET"]}}],"collection":[{"href":"https:\/\/www.europesays.com\/es\/wp-json\/wp\/v2\/posts"}],"about":[{"href":"https:\/\/www.europesays.com\/es\/wp-json\/wp\/v2\/types\/post"}],"author":[{"embeddable":true,"href":"https:\/\/www.europesays.com\/es\/wp-json\/wp\/v2\/users\/2"}],"replies":[{"embeddable":true,"href":"https:\/\/www.europesays.com\/es\/wp-json\/wp\/v2\/comments?post=253830"}],"version-history":[{"count":0,"href":"https:\/\/www.europesays.com\/es\/wp-json\/wp\/v2\/posts\/253830\/revisions"}],"wp:featuredmedia":[{"embeddable":true,"href":"https:\/\/www.europesays.com\/es\/wp-json\/wp\/v2\/media\/253831"}],"wp:attachment":[{"href":"https:\/\/www.europesays.com\/es\/wp-json\/wp\/v2\/media?parent=253830"}],"wp:term":[{"taxonomy":"category","embeddable":true,"href":"https:\/\/www.europesays.com\/es\/wp-json\/wp\/v2\/categories?post=253830"},{"taxonomy":"post_tag","embeddable":true,"href":"https:\/\/www.europesays.com\/es\/wp-json\/wp\/v2\/tags?post=253830"}],"curies":[{"name":"wp","href":"https:\/\/api.w.org\/{rel}","templated":true}]}}