{"id":253835,"date":"2025-11-24T20:47:19","date_gmt":"2025-11-24T20:47:19","guid":{"rendered":"https:\/\/www.europesays.com\/es\/253835\/"},"modified":"2025-11-24T20:47:19","modified_gmt":"2025-11-24T20:47:19","slug":"vestido-marron-chocolate-y-tocado-xl-en-la-boda-de-manuela-delclaux-en-jerez","status":"publish","type":"post","link":"https:\/\/www.europesays.com\/es\/253835\/","title":{"rendered":"vestido marr\u00f3n chocolate y tocado XL en la boda de Manuela Delclaux en Jerez"},"content":{"rendered":"<p id=\"e5ATm-zB7wf\" data-wc=\"114\">Este fin de semana, Jerez de la Frontera ha acogido una de las bodas m\u00e1s esperadas del oto\u00f1o: el enlace de <strong data-end=\"1452\" data-start=\"1399\">Manuela Delclaux Domecq y Carlos Andreu Cantarell<\/strong>, celebrado el 22 de noviembre de 2025. Entre los asistentes ha destacado especialmente <a class=\"hm-link ho-link\" href=\"https:\/\/www.hola.com\/novias\/20250713843942\/rosario-domecq-look-invitada-johanna-ortiz-como-un-birkin\/\" rel=\"noopener nofollow\" target=\"_blank\" data-mrf-recirculation=\"article-body-link\">Rosario Domecq<\/a>, que ha vuelto a demostrar que dominar el dress code de invitada es un arte. Fiel a su estilo elegante y atemporal, la jerezana ha deslumbrado con un <strong data-end=\"1719\" data-start=\"1691\">vestido marr\u00f3n chocolate<\/strong> \u2014uno de los colores tendencia de la temporada\u2014 y con un <strong data-end=\"1789\" data-start=\"1776\">tocado XL<\/strong>, una de las piezas m\u00e1s ic\u00f3nicas de su armario y que ha lucido en contadas ocasiones. Una apuesta sofisticada, rotunda y perfecta para una boda de oto\u00f1o.<\/p>\n<p> <img src=\"https:\/\/www.europesays.com\/es\/wp-content\/uploads\/2025\/11\/69d88a024b58-image20251124091641388.jpg\"   width=\"585\" height=\"1024\" loading=\"lazy\" decoding=\"async\" alt=\"Rosario Domecq en la boda de Manuela Delclaux Domecq y Carlos Andreu Cantarell en Jerez de la Frontera, 2025.\" fetchpriority=\"auto\" class=\"image ho-image\"\/>\u00a9 rdomecq<br \/>\nEl look: un vestido chocolate impecable y un tocado que marca la diferencia<\/p>\n<p id=\"eDf4Y8WJv8y\" data-wc=\"63\">El vestido elegido por Rosario Domecq es elegante y atemporal. Un dise\u00f1o <strong data-end=\"2155\" data-start=\"2135\">marr\u00f3n chocolate<\/strong>, de manga corta y cuello redondo, con un cuerpo ligeramente ajustado que estiliza sin oprimir. En la cintura, un <strong data-end=\"2294\" data-start=\"2277\">fino cintur\u00f3n<\/strong> de piel subraya de manera sutil la silueta, mientras que la parte inferior presentaba un <strong data-end=\"2398\" data-start=\"2378\">corte asim\u00e9trico<\/strong> y una falda con ca\u00edda fluida, pensada para acompa\u00f1ar el movimiento.\u00a0<\/p>\n<p id=\"eaXPR4AfPgk\" data-wc=\"104\">Pero el verdadero golpe de efecto llega con <a class=\"hm-link ho-link\" href=\"https:\/\/www.hola.com\/novias\/20250830853004\/boda-maria-carolina-liechtenstein-invitadas-marca-espanola-tocados-mimoki\/\" rel=\"noopener nofollow\" target=\"_blank\" data-mrf-recirculation=\"article-body-link\">su tocado: una espectacular pieza<\/a> con plisados en color rosa empolvado, de gran tama\u00f1o, con una forma casi escult\u00f3rica \u2014una espiral suave\u2014 y flecos que a\u00f1aden dinamismo y dramatismo al conjunto. Un dise\u00f1o imponente, de inspiraci\u00f3n cl\u00e1sica pero resuelto con absoluta modernidad, que eleva el look al instante. Este tocado lo luci\u00f3 en 2021, en la boda de Diego Ventura y Roc\u00edo P\u00e9rez en La Puebla del Rio, Sevilla. En cuanto al beauty look, Rosario ha optado por un <strong data-end=\"2874\" data-start=\"2855\">recogido desenfadado\u00a0<\/strong>y un <strong data-end=\"2917\" data-start=\"2880\">maquillaje extremadamente natural<\/strong>, dejando todo el protagonismo a los elementos clave del estilismo.<\/p>\n<p> <img src=\"https:\/\/www.europesays.com\/es\/wp-content\/uploads\/2025\/11\/eaaab3632151-image20251124091641286.jpg\"   width=\"596\" height=\"1024\" loading=\"lazy\" decoding=\"async\" alt=\"Rosario Domecq en la boda de Manuela Delclaux Domecq y Carlos Andreu Cantarell en Jerez de la Frontera, 2025.\" fetchpriority=\"auto\" class=\"image ho-image\"\/>\u00a9 rdomecq<br \/>\nEl marr\u00f3n chocolate: el color tendencia del oto\u00f1o-invierno<\/p>\n<p id=\"eWAsk2C8owN\" data-wc=\"135\">El color <a class=\"hm-link ho-link\" href=\"https:\/\/www.hola.com\/moda\/20250217763138\/looks-llevar-marron-chocolate-prendas-complementos\/\" rel=\"noopener nofollow\" target=\"_blank\" data-mrf-recirculation=\"article-body-link\">marr\u00f3n chocolate es tendencia<\/a> y Rosario Domecq lo ha confirmado. Era diciembre de 2024 cuando conocimos cu\u00e1l ser\u00eda el color estrella de 2025 seg\u00fan Pantone. Bautizado como <strong data-gid=\"e0uIk2r6mzB\">Mocha Mousse<\/strong>, lo describ\u00edan como \u00abun c\u00e1lido y rico tono marr\u00f3n, nutre con su sugerencia de la deliciosa calidad del<strong data-gid=\"eTQDQvyxx1J\">\u00a0cacao, el chocolate y el caf\u00e9,<\/strong> apelando a nuestro deseo de comodidad\u00bb. Y as\u00ed ha sido, este tono se ha consolidado como el gran protagonista del oto\u00f1o-invierno gracias a su capacidad para transmitir calidez, sofisticaci\u00f3n y fuerza. Es un color elegante, favorecedor y f\u00e1cil de combinar, adem\u00e1s de ser una alternativa m\u00e1s moderna a los t\u00edpicos borgo\u00f1as, verdes o azul marino que dominan las bodas de invierno. El marr\u00f3n chocolate funciona especialmente bien con <strong data-end=\"4556\" data-gid=\"eNYK5-vq1EcN\" data-start=\"4520\">dorados, beiges\u00a0y tonos avellana<\/strong>, creando una paleta refinada y profundamente oto\u00f1al.\u00a0<\/p>\n<p> <img src=\"https:\/\/www.europesays.com\/es\/wp-content\/uploads\/2025\/11\/362d11f03324-gettyimages-620352622.jpg\"   width=\"709\" height=\"1024\" loading=\"lazy\" decoding=\"async\" alt=\"Rosario Domecq y Juli\u00e1n L\u00f3pez 'El Juli' en la boda de Diego Ventura y Roc\u00edo P\u00e9rez en La Puebla del R\u00edo, 2016.\" fetchpriority=\"auto\" class=\"image ho-image\"\/>\u00a9 Getty ImagesRosario Domecq y Juli\u00e1n L\u00f3pez &#8216;El Juli&#8217; en la boda de Diego Ventura y Roc\u00edo P\u00e9rez en La Puebla del R\u00edo, 2016.<br \/>\nJoyas: la magia del &#8216;Serpenti Tubogas&#8217; y un brazalete de estilo bizantino<\/p>\n<p id=\"eYWq8kPXdTrX\" data-wc=\"112\">En materia de joyas, Rosario Domecq ha hecho lo que solo las grandes estilistas saben: apostar por <strong data-end=\"3179\" data-start=\"3160\">piezas maestras<\/strong> sin sobrecargar el conjunto. No ha llevado pendientes, pero s\u00ed una joya ic\u00f3nica: el <strong data-end=\"3285\" data-start=\"3259\">reloj Serpenti Tubogas<\/strong> de <strong>Bvlgari<\/strong>, con caja y brazalete de dos vueltas en <strong data-end=\"3368\" data-start=\"3337\">oro amarillo de 18 quilates<\/strong> y <strong data-end=\"3410\" data-start=\"3371\">bisel con diamantes talla brillante<\/strong>. Esta pieza, que fusiona dos s\u00edmbolos hist\u00f3ricos de la casa \u2014la serpiente y el dise\u00f1o Tubogas\u2014 es una obra de ingenier\u00eda artesanal concebida para imitar la fluidez del cuerpo femenino y las curvas del reptil. Con esfera plateada opalescente y coronada por una rubelita rosa, el reloj a\u00f1ade sofisticaci\u00f3n, magnetismo y un brillo muy sutil.\u00a0<\/p>\n<p id=\"ejpbmei-v7D\" data-wc=\"39\">Para completar, Rosario ha llevado un <strong data-end=\"3824\" data-start=\"3791\">brazalete de estilo bizantino<\/strong>, grande, dorado y salpicado de piedras de colores. Un contraste entre modernidad y clasicismo que ha a\u00f1adido car\u00e1cter al look sin competir con el vestido ni con el tocado.<\/p>\n<p> <img src=\"https:\/\/www.europesays.com\/es\/wp-content\/uploads\/2025\/11\/3a051b149857-gettyimages-620352716.jpg\"   width=\"663\" height=\"1024\" loading=\"lazy\" decoding=\"async\" alt=\"Rosario Domecq en la boda de Diego Ventura y Roc\u00edo P\u00e9rez en La Puebla del R\u00edo, 2016.\" fetchpriority=\"auto\" class=\"image ho-image\"\/>\u00a9 Getty ImagesRosario Domecq en la boda de Diego Ventura y Roc\u00edo P\u00e9rez en La Puebla del R\u00edo, 2016.<br \/>\nRosario Domecq: discreta, elegante y con una historia fascinante<\/p>\n<p id=\"eV6DtGaiLV7K\" data-wc=\"138\">Para quienes no la conocen en detalle, Rosario Domecq es mucho m\u00e1s que la esposa de Juli\u00e1n L\u00f3pez \u201cEl Juli\u201d. Hija de <strong data-end=\"4959\" data-start=\"4933\">Pedro Domecq y Urquijo<\/strong> y <strong data-end=\"4990\" data-start=\"4962\">Rosario M\u00e1rquez Amilibia<\/strong>, pertenece a una de las familias m\u00e1s vinculadas al mundo taurino, el arte y la vida social andaluza. Su infancia entre <strong data-end=\"5171\" data-start=\"5110\">caballos, fincas familiares y celebraciones tradicionales<\/strong> forj\u00f3 un gusto por la elegancia funcional y un estilo que con los a\u00f1os ha ido depurando. Su amistad hist\u00f3rica con las hijas de <strong data-end=\"5318\" data-start=\"5301\">Sandra Domecq<\/strong>, su presencia en eventos de marcas como <strong data-end=\"5367\" data-start=\"5359\">Dior<\/strong>, su vida familiar junto a El Juli y su faceta como emprendedora en decoraci\u00f3n completan el retrato de una mujer discreta, culta y con una sensibilidad est\u00e9tica propia. Una invitada perfecta que, una vez m\u00e1s, ha conseguido firmar <a class=\"hm-link ho-link\" href=\"https:\/\/www.hola.com\/fashion\/20251108866457\/claudia-osborne-look-vintage-firma-espanola-bolso-rojo-madrid\/\" rel=\"noopener nofollow\" target=\"_blank\" data-mrf-recirculation=\"article-body-link\">uno de los looks m\u00e1s elegantes de la temporada<\/a>.<\/p>\n","protected":false},"excerpt":{"rendered":"Este fin de semana, Jerez de la Frontera ha acogido una de las bodas m\u00e1s esperadas del oto\u00f1o:&hellip;\n","protected":false},"author":2,"featured_media":253836,"comment_status":"","ping_status":"","sticky":false,"template":"","format":"standard","meta":{"footnotes":""},"categories":[91],"tags":[1024,146,147,25,24,1023,64040,23,48747],"class_list":{"0":"post-253835","1":"post","2":"type-post","3":"status-publish","4":"format-standard","5":"has-post-thumbnail","7":"category-entretenimiento","8":"tag-actualidad-moda","9":"tag-entertainment","10":"tag-entretenimiento","11":"tag-es","12":"tag-espana","13":"tag-moda","14":"tag-rosario-domecq","15":"tag-spain","16":"tag-vestidos-de-invitada"},"share_on_mastodon":{"url":"https:\/\/pubeurope.com\/@es\/115606641198338290","error":""},"_links":{"self":[{"href":"https:\/\/www.europesays.com\/es\/wp-json\/wp\/v2\/posts\/253835","targetHints":{"allow":["GET"]}}],"collection":[{"href":"https:\/\/www.europesays.com\/es\/wp-json\/wp\/v2\/posts"}],"about":[{"href":"https:\/\/www.europesays.com\/es\/wp-json\/wp\/v2\/types\/post"}],"author":[{"embeddable":true,"href":"https:\/\/www.europesays.com\/es\/wp-json\/wp\/v2\/users\/2"}],"replies":[{"embeddable":true,"href":"https:\/\/www.europesays.com\/es\/wp-json\/wp\/v2\/comments?post=253835"}],"version-history":[{"count":0,"href":"https:\/\/www.europesays.com\/es\/wp-json\/wp\/v2\/posts\/253835\/revisions"}],"wp:featuredmedia":[{"embeddable":true,"href":"https:\/\/www.europesays.com\/es\/wp-json\/wp\/v2\/media\/253836"}],"wp:attachment":[{"href":"https:\/\/www.europesays.com\/es\/wp-json\/wp\/v2\/media?parent=253835"}],"wp:term":[{"taxonomy":"category","embeddable":true,"href":"https:\/\/www.europesays.com\/es\/wp-json\/wp\/v2\/categories?post=253835"},{"taxonomy":"post_tag","embeddable":true,"href":"https:\/\/www.europesays.com\/es\/wp-json\/wp\/v2\/tags?post=253835"}],"curies":[{"name":"wp","href":"https:\/\/api.w.org\/{rel}","templated":true}]}}