{"id":253839,"date":"2025-11-24T20:49:09","date_gmt":"2025-11-24T20:49:09","guid":{"rendered":"https:\/\/www.europesays.com\/es\/253839\/"},"modified":"2025-11-24T20:49:09","modified_gmt":"2025-11-24T20:49:09","slug":"abanca-cierra-su-mayor-integracion-con-eurobic-expansion","status":"publish","type":"post","link":"https:\/\/www.europesays.com\/es\/253839\/","title":{"rendered":"Abanca cierra su mayor integraci\u00f3n con EuroBic &#8211; Expansi\u00f3n"},"content":{"rendered":"<ol>\n<li><a href=\"https:\/\/news.google.com\/rss\/articles\/CBMiiAFBVV95cUxQdzlGQ1U4OENKdDd4bm42UkRCVzNXaE9PNnUydUhSdC1TMVdKWEZUVzhxU2lHMHZzQ204emNlQnJTTEw1aExEZ3RlMk41a1NwU0Y1QzZLSjE4SEZKOTRKYlpCYzZKMkRFTzhJUEJXWm5iOUM1cWV6cVU4TEpBdllzNjFWamU2R1pV0gGIAUFVX3lxTE9fRUVsdjRUdVNKSzdxOV9JMy1YRy1OSlZEYTdNa3lXVUtpNWNnbHBXS3M1dWc5bkpKbkc5Y3lEMFZCWHpod2RpUnNPV1lRc1podjBoelF4OGQyaTBuZXhEMXpGa1hHQkJTNk1sbGF6c0xvWW9TaGdDanBQSzA0TzR1dEZVRXE4eEo?oc=5\" target=\"_blank\" rel=\"nofollow noopener\">Abanca cierra su mayor integraci\u00f3n con EuroBic<\/a>&nbsp;&nbsp;Expansi\u00f3n<\/li>\n<li><a href=\"https:\/\/news.google.com\/rss\/articles\/CBMi1AFBVV95cUxQVEpFZG1fakQ3ak5SeGJ6aHZfV19UMFVqS29ZUjc1cGRlbERHR2o0UElzRU9zUmxYSzNtaVJhdExldnhKR0F1UDBwc1FCVzNlYkJ6azdEX0RaNFB5T2ZIYWwxMGh0Z3NoQXg1VkNiRE1OVVMxNXBTd2NNZGxuei1MU1I5YnRXU0UteTZCSVpFSmJ5cENseEYxdkZvbk9Sa05ZbGw1NXBYWVhZQ2EyVUhRM0lUaXZoa2JPNGdDUHVFWUwxZFBvQ2dDMkd3bU5ienkxcUFIMw?oc=5\" target=\"_blank\" rel=\"nofollow noopener\">ABANCA finaliza con \u00e9xito la integraci\u00f3n de EuroBic y refuerza su posicionamiento en Portugal<\/a>&nbsp;&nbsp;ABANCA<\/li>\n<li><a href=\"https:\/\/news.google.com\/rss\/articles\/CBMi6gFBVV95cUxORF9jamlSck0zMTVZSnZMTzBPWnJsUC1LaTdpQldVX2tuc0hnamdlSFFpellHby1xZWx1ZEdKU3dieXlDY0ZOTWRfc3Z4VTRrbExfYzk2ampCLWJMd2dIXzRGZ2Viell3MGswMXJmdjNFOXJfQ1JOLXY2cHE1eXMxMVBOWTZqT2Zsczg0dmdmci1mZkt6T1Y2QUxCTE5MaWRSSUx1X01zeWRodkJZSUNBVWYxSFRwQ2x6NFd5dFRQOXVNaUtlNmZTbzRmT3d1clZoSUwzell6aTZHaHVBTHdXTDZtWWpGeVlVTGfSAYYCQVVfeXFMTklWYzdEZGFaU2NTZVg4a0ZKU2t1SHdZZ2w4U1RRM2h0cDhSa2wxdEZKRFVJUFVTRUg3NkdVY2ZwT0FDQ2pMZlIzOENYMW1LYUJhYzU2VDhnMXh4ak15OFIxZ3VWTzVXV0hlbHBSZ016Q1c2dVBEVm1XQV9MMzUyREV4eVA3ekVfNlV1UW9CdDJzVkNHQmQwbTc3VGh1TnFaYmVNbGsxMGFXVTN0S2p2QUpERThTME1aRUVoRkV5ZnZJUUdLWENoZ0hHMWtkd1NwVEtlc2IxRWF4WEprNkJQVWlPekxmV0R4Z2F2V3BKYlB6eXV6MGNSaURHVEtFdTFuR0hFQlJHUQ?oc=5\" target=\"_blank\" rel=\"nofollow noopener\">Abanca culmina la integraci\u00f3n de EuroBic y refuerza su posicionamiento en Portugal<\/a>&nbsp;&nbsp;La Voz de Galicia<\/li>\n<li><a href=\"https:\/\/news.google.com\/rss\/articles\/CBMihAJBVV95cUxNZkh4UENHa05XNnA2M1VLNHhiaThBOEhzVkE1c1lNRGVYSE5qNmQycElhWVA4WUJ5QWFqb2VOSzVrTkR2Zy1DQzk3dWgtRDc2MWlsSldIaEk4bXh3R2M5bkc5cTlaQ1ZxTUFSUkVYTnlkV3RSYW9ManhEbDI0Sm9KekllejBhMmE2ZkMtX0tjajF4OHlxcENNVTZPajhKX09MaU5kM0NDMFlSUnUyWXplcDFZTE9xZ21hQU9NUjBncW5UX3oxNG41SUtvTGhScEJrc1ZrLUFmTjhVVE5CTDcyRGVHcHF6QTRaLUFiaWswOUpXRTZUSjZ5VmtsUk9TOEtFNE1Qa9IB7wFBVV95cUxPWDVldC1EdG14eWJXRk96eXFIVmN0QWtNQ0FEZVRNNlB0YmZ6N0NxMXQ5MHdvU0Z1TG5yQ1U5dXdkSXo3c292VEtURGNxdTdZZnBqaHN2SWVNeDB6UVE0RWlnZFVuODR5dHV4TENCYkJzZGl5VXI4Wi1NbExfTWpFOTdaQlQwYVM2VzhzMk9oNnRQMUVYeDVwQ09zMnhReWs5bHk4QkFCN0tFVk1ocjI2cEswUWxTVENFdlpnZnV6Y1Z3NmV4Vlh3MXdXZVg3OWNwNEZGUWVNcE5qdXVMeGU2aEVuQkN1OVdJOUFndElsbw?oc=5\" target=\"_blank\" rel=\"nofollow noopener\">Abanca completa la integraci\u00f3n de EuroBic y ratifica a Pedro Pimenta al frente del negocio en Portugal<\/a>&nbsp;&nbsp;El Economista<\/li>\n<li><a href=\"https:\/\/news.google.com\/rss\/articles\/CBMi0gFBVV95cUxPQzdVTE85Wjg5WC1yODlhWHBCVjZyZzlCMWgxOWx6cVptUFpCemJ3UUttVGxxYl90T0xzc0V1RUcyYzI1VDZIMUxESjZuZEpJUzVNc2VOQ2lYZUF6SXluWVJUZEN4TWY1V29uOHp0ME5JNmFSclRTLVB0Mjg3LWJLSE8yVFo3ZXhtRERGd2FRWUpFLWkzeVo3Z056d2Fod0RaeXdLcFdBUlJzZWMxRzAydTU4bzJyQWxMQ2taODlWRDc2SnJkU01YN19VSDBCUmpMNVHSAdcBQVVfeXFMUEtXZ0hsR2lZWEdsV0sxbTR5WXBZRXluUXNPbTF5Y3EzdFA2TXpOMTdMY2t4MnhLZHdpY3BnREVrQjhNN2FUS2pWc0tjaXpLRmNDaEVWOVFLbHI5S0RMeWl1bDZUejZxRUZmRHZrMXE2WXc2eGlzN0RtQ2pfdkpfT01HYk1ZbTh5OWEzZmFvTUQ3a3ROV09zSDRfUFc0YUtzTXZoUnVSb29sMlMzNE9WS2VKNEpKRXpjUzVlMTA5eVY4RWNPLWZWVmVqOGk2MnZ1TXJHRGJoVm8?oc=5\" target=\"_blank\" rel=\"nofollow noopener\">Abanca refuerza su peso en Portugal con la culminaci\u00f3n de la integraci\u00f3n de EuroBic<\/a>&nbsp;&nbsp;El Espa\u00f1ol<\/li>\n<\/ol>\n","protected":false},"excerpt":{"rendered":"Abanca cierra su mayor integraci\u00f3n con EuroBic&nbsp;&nbsp;Expansi\u00f3n ABANCA finaliza con \u00e9xito la integraci\u00f3n de EuroBic y refuerza su&hellip;\n","protected":false},"author":2,"featured_media":253840,"comment_status":"","ping_status":"","sticky":false,"template":"","format":"standard","meta":{"footnotes":""},"categories":[80],"tags":[5219,82,95,94,6133,25,24,816,23],"class_list":{"0":"post-253839","1":"post","2":"type-post","3":"status-publish","4":"format-standard","5":"has-post-thumbnail","7":"category-economia","8":"tag-banca","9":"tag-business","10":"tag-economia","11":"tag-economy","12":"tag-empresas-banca","13":"tag-es","14":"tag-espana","15":"tag-galicia","16":"tag-spain"},"share_on_mastodon":{"url":"https:\/\/pubeurope.com\/@es\/115606648766272239","error":""},"_links":{"self":[{"href":"https:\/\/www.europesays.com\/es\/wp-json\/wp\/v2\/posts\/253839","targetHints":{"allow":["GET"]}}],"collection":[{"href":"https:\/\/www.europesays.com\/es\/wp-json\/wp\/v2\/posts"}],"about":[{"href":"https:\/\/www.europesays.com\/es\/wp-json\/wp\/v2\/types\/post"}],"author":[{"embeddable":true,"href":"https:\/\/www.europesays.com\/es\/wp-json\/wp\/v2\/users\/2"}],"replies":[{"embeddable":true,"href":"https:\/\/www.europesays.com\/es\/wp-json\/wp\/v2\/comments?post=253839"}],"version-history":[{"count":0,"href":"https:\/\/www.europesays.com\/es\/wp-json\/wp\/v2\/posts\/253839\/revisions"}],"wp:featuredmedia":[{"embeddable":true,"href":"https:\/\/www.europesays.com\/es\/wp-json\/wp\/v2\/media\/253840"}],"wp:attachment":[{"href":"https:\/\/www.europesays.com\/es\/wp-json\/wp\/v2\/media?parent=253839"}],"wp:term":[{"taxonomy":"category","embeddable":true,"href":"https:\/\/www.europesays.com\/es\/wp-json\/wp\/v2\/categories?post=253839"},{"taxonomy":"post_tag","embeddable":true,"href":"https:\/\/www.europesays.com\/es\/wp-json\/wp\/v2\/tags?post=253839"}],"curies":[{"name":"wp","href":"https:\/\/api.w.org\/{rel}","templated":true}]}}