{"id":253841,"date":"2025-11-24T20:50:09","date_gmt":"2025-11-24T20:50:09","guid":{"rendered":"https:\/\/www.europesays.com\/es\/253841\/"},"modified":"2025-11-24T20:50:09","modified_gmt":"2025-11-24T20:50:09","slug":"estados-unidos-y-ucrania-avanzan-en-la-redaccion-de-un-nuevo-plan-de-paz-con-19-puntos-segun-financial-times-internacional","status":"publish","type":"post","link":"https:\/\/www.europesays.com\/es\/253841\/","title":{"rendered":"Estados Unidos y Ucrania avanzan en la redacci\u00f3n de un nuevo plan de paz con 19 puntos, seg\u00fan &#8216;Financial Times&#8217; | Internacional"},"content":{"rendered":"<p class=\"loc\">Madrid<\/p>\n<p>El peri\u00f3dico <a href=\"https:\/\/www.ft.com\/content\/883e5a47-430c-4fc2-85ee-cd6af9bb599d\" target=\"_blank\" rel=\"nofollow noopener\" title=\"https:\/\/www.ft.com\/content\/883e5a47-430c-4fc2-85ee-cd6af9bb599d\">Financial Times<\/a> ha avanzado que Estados Unidos y Ucrania contin\u00faan trabajando en Ginebra sobre un nuevo documento para el plan de paz que cuenta con 19 puntos. Adem\u00e1s, el medio brit\u00e1nico ha se\u00f1alado que los \u00abelementos m\u00e1s delicados desde el punto de vista pol\u00edtico\u00bb quedan en manos de los presidentes de ambos pa\u00edses.<\/p>\n<p>M\u00e1s informaci\u00f3n<\/p>\n<p>Desde este domingo ambas naciones se encuentran reunidas en Suiza para avanzar en los t\u00e9rminos de paz para poner fin a la guerra en Ucrania. Anteriormente, la Casa Blanca hab\u00eda presentado una <a href=\"https:\/\/cadenaser.com\/nacional\/2025\/11\/22\/trump-rectifica-y-asegura-que-su-plan-de-paz-para-ucrania-no-es-definitivo-cadena-ser\/\" target=\"_blank\" rel=\"nofollow noopener\" title=\"https:\/\/cadenaser.com\/nacional\/2025\/11\/22\/trump-rectifica-y-asegura-que-su-plan-de-paz-para-ucrania-no-es-definitivo-cadena-ser\/\">propuesta de 28 puntos<\/a> en la que no hab\u00eda contado con participaci\u00f3n ucraniana. Adem\u00e1s, este documento violaba algunas de las l\u00edneas rojas interpuestas por el pa\u00eds europeo, tales como la cesi\u00f3n de parte de su territorio a Rusia.<\/p>\n<p>Tanto Ucrania, como la Uni\u00f3n Europea y otros pa\u00edses europeos han mostrado su rechazo a dicha propuesta, as\u00ed como tambi\u00e9n lo hicieron los pa\u00edses del G-20 durante su cumbre en Sud\u00e1frica, a la que no asisti\u00f3 EEUU.<\/p>\n<p>Por su parte, el presidente ucraniano, Volodimir Zelesnki, ha confirmado que el nuevo proyecto de paz, tras el trabajo conjunto con EEUU, cuenta con menos de 28 puntos, aunque no ha matizado cu\u00e1ntos. Adem\u00e1s, ha asegurado que discutir\u00e1 los asuntos m\u00e1s sensibles con Trump. La portavoz de la Casa Blanca, Karoline Leavitt, tambi\u00e9n ha indicado que tan solo quedan \u00abun par de puntos de desacuerdo\u00bb y que las reuniones est\u00e1n siendo productivas. No obstante, ha avanzado que no habr\u00e1 una reuni\u00f3n entre Trump y Zelenski a lo largo de la semana.<\/p>\n<p>En cuanto a los avances en este nuevo documento, como relata el Financial Times, ha sido el viceministro de Asuntos Exteriores ucraniano, Serhii Kyslytsia, quien les ha dado esta informaci\u00f3n. Seg\u00fan Kyslytsia, que ha estado presente en las conversaciones, <a href=\"https:\/\/cadenaser.com\/nacional\/2025\/11\/23\/estados-unidos-evalua-la-primera-ronda-de-conversaciones-sobre-la-paz-en-ucrania-como-la-mas-productiva-hasta-la-fecha-cadena-ser\/\" target=\"_blank\" rel=\"nofollow noopener\" title=\"https:\/\/cadenaser.com\/nacional\/2025\/11\/23\/estados-unidos-evalua-la-primera-ronda-de-conversaciones-sobre-la-paz-en-ucrania-como-la-mas-productiva-hasta-la-fecha-cadena-ser\/\">las reuniones han sido \u00abintensas\u00bb pero \u00abproductivas\u00bb<\/a>, por lo que ambas partes cuentan con sensaciones positivas al respecto.<\/p>\n<p>El nuevo texto ser\u00eda bastante diferente de la propuesta estadounidense<\/p>\n<p>El representante les ha se\u00f1alado que \u00ablas cuestiones territoriales y las relaciones entre la OTAN, Rusia y Estados Unidos\u00bb deben ser decididas por <a href=\"https:\/\/cadenaser.com\/nacional\/2025\/11\/23\/trump-carga-contra-zelenski-y-senala-que-es-un-desagradecido-por-no-reconocer-sus-esfuerzos-cadena-ser\/\" target=\"_blank\" rel=\"nofollow noopener\" title=\"https:\/\/cadenaser.com\/nacional\/2025\/11\/23\/trump-carga-contra-zelenski-y-senala-que-es-un-desagradecido-por-no-reconocer-sus-esfuerzos-cadena-ser\/\">Donald Trump y Volodimir Zelenski<\/a>, puesto que los ucranianos \u00abno tienen mandato\u00bb para decidir sobre el territorio.<\/p>\n<p>Kyslytsya ha expresado tambi\u00e9n que el nuevo plan es diferente de la anterior propuesta y que los \u00faltimos borradores todav\u00eda deben ser presentados a los presidentes de ambas naciones. \u00abHemos desarrollado un s\u00f3lido cuerpo de convergencia y algunas cosas en las que podemos transigir\u00bb, cita el Financial Times.<\/p>\n<p>Asimismo, el viceministro tambi\u00e9n ha avanzado que EEUU se hab\u00eda mostrado dispuesto a eliminar el \u00abl\u00edmite de 600.000 efectivos en el ej\u00e9rcito ucraniano\u00bb. \u00abAcordaron que el n\u00famero del ej\u00e9rcito ucraniano que figuraba en la versi\u00f3n filtrada [del borrador del plan de paz], fuera quien fuera su autor, ya no estaba sobre la mesa\u00bb, habr\u00eda afirmado.<\/p>\n<p>Zelenski informa a S\u00e1nchez de las reuniones de Ginebra en una llamada telef\u00f3nica<\/p>\n<p>El primer ministro de Ucrania, Volod\u00edmir Zelenski, ha informado de que ha hablado con el presidente del Gobierno, Pedro S\u00e1nchez, sobre las reuniones de este domingo en Ginebra con Estados Unidos y sus resultados. <\/p>\n<p>\u00abEl Primer Ministro se encuentra actualmente en Angola, donde se celebra la Cumbre UE-Uni\u00f3n Africana. Ucrania est\u00e1 recibiendo mucha atenci\u00f3n all\u00ed, y agradezco este apoyo. Le inform\u00e9 sobre las reuniones de ayer en Ginebra y sus resultados\u00bb, ha escrito Zelenski, que visit\u00f3 la semana pasada Madrid. <\/p>\n<p>\u00abEn la pr\u00f3xima hora, espero un informe detallado de la delegaci\u00f3n ucraniana. Es importante que, junto con nosotros, otros europeos tambi\u00e9n participen en contactos con el equipo estadounidense. El futuro de Ucrania reside en la Uni\u00f3n Europea, y las cuestiones de seguridad compartida de nuestro pueblo se est\u00e1n decidiendo ahora mismo. Gracias por apoyar a Ucrania y nuestras posturas\u00bb, ha sentenciado el presidente, informando de que habr\u00e1 una valoraci\u00f3n de Ucrania pr\u00f3ximamente de la reuni\u00f3n con EEUU. <\/p>\n<p>Trump y Xi mantienen una \u00abexcelente\u00bb llamada y anuncian un encuentro en abril en Pek\u00edn<\/p>\n<p>El presidente de Estados Unidos, Donald Trump, y el de China, Xi Jinping, han mantenido este lunes una conversaci\u00f3n telef\u00f3nica para dar seguimiento a los acuerdos alcanzados durante su reuni\u00f3n de octubre en Corea del Sur, una llamada que el mandatario republicano calific\u00f3 de \u00abexcelente\u00bb. <\/p>\n<p>\u00abAcabo de tener una muy buena llamada telef\u00f3nica con el presidente Xi, de China. Hablamos de muchos temas, incluidos Ucrania\/Rusia, el fentanilo, la soja y otros productos agr\u00edcolas, etc. Hemos logrado un acuerdo bueno y muy importante para nuestros Grandes Agricultores \u2014y solo mejorar\u00e1. \u00a1Nuestra relaci\u00f3n con China es extremadamente fuerte!\u00bb, ha comenzado su mensaje en Truth Social el presidente estadounidense. <\/p>\n<p>Trump ha indicado que la llamada ha sido una continuaci\u00f3n de su reuni\u00f3n en Corea del Sur y que ambos han llegado a avances significativos. \u00abAhora podemos fijar la vista en el panorama general. Con ese fin, el presidente Xi me invit\u00f3 a visitar Pek\u00edn en abril, invitaci\u00f3n que acept\u00e9, y yo correspond\u00ed, de modo que \u00e9l ser\u00e1 mi invitado en una Visita de Estado a los EEUU m\u00e1s adelante este a\u00f1o. Acordamos que es importante que nos comuniquemos con frecuencia, lo cual espero con inter\u00e9s\u00bb, ha sentenciado Trump en su red social. <\/p>\n","protected":false},"excerpt":{"rendered":"Madrid El peri\u00f3dico Financial Times ha avanzado que Estados Unidos y Ucrania contin\u00faan trabajando en Ginebra sobre un&hellip;\n","protected":false},"author":2,"featured_media":253842,"comment_status":"","ping_status":"","sticky":false,"template":"","format":"standard","meta":{"footnotes":""},"categories":[42],"tags":[17,18,83,13,14,11,61,62,63,64,19,20,9,10,15,16,12,63882,21,22,65,66,67],"class_list":{"0":"post-253841","1":"post","2":"type-post","3":"status-publish","4":"format-standard","5":"has-post-thumbnail","7":"category-internacional","8":"tag-breaking-news","9":"tag-breakingnews","10":"tag-diplomacy","11":"tag-featured-news","12":"tag-featurednews","13":"tag-headlines","14":"tag-internacional","15":"tag-international","16":"tag-international-news","17":"tag-internationalnews","18":"tag-latest-news","19":"tag-latestnews","20":"tag-news","21":"tag-noticias","22":"tag-noticias-destacadas","23":"tag-noticiasdestacadas","24":"tag-titulares","25":"tag-ukraine-russia","26":"tag-ultimas-noticias","27":"tag-ultimasnoticias","28":"tag-world","29":"tag-world-news","30":"tag-worldnews"},"share_on_mastodon":{"url":"https:\/\/pubeurope.com\/@es\/115606652566058215","error":""},"_links":{"self":[{"href":"https:\/\/www.europesays.com\/es\/wp-json\/wp\/v2\/posts\/253841","targetHints":{"allow":["GET"]}}],"collection":[{"href":"https:\/\/www.europesays.com\/es\/wp-json\/wp\/v2\/posts"}],"about":[{"href":"https:\/\/www.europesays.com\/es\/wp-json\/wp\/v2\/types\/post"}],"author":[{"embeddable":true,"href":"https:\/\/www.europesays.com\/es\/wp-json\/wp\/v2\/users\/2"}],"replies":[{"embeddable":true,"href":"https:\/\/www.europesays.com\/es\/wp-json\/wp\/v2\/comments?post=253841"}],"version-history":[{"count":0,"href":"https:\/\/www.europesays.com\/es\/wp-json\/wp\/v2\/posts\/253841\/revisions"}],"wp:featuredmedia":[{"embeddable":true,"href":"https:\/\/www.europesays.com\/es\/wp-json\/wp\/v2\/media\/253842"}],"wp:attachment":[{"href":"https:\/\/www.europesays.com\/es\/wp-json\/wp\/v2\/media?parent=253841"}],"wp:term":[{"taxonomy":"category","embeddable":true,"href":"https:\/\/www.europesays.com\/es\/wp-json\/wp\/v2\/categories?post=253841"},{"taxonomy":"post_tag","embeddable":true,"href":"https:\/\/www.europesays.com\/es\/wp-json\/wp\/v2\/tags?post=253841"}],"curies":[{"name":"wp","href":"https:\/\/api.w.org\/{rel}","templated":true}]}}