{"id":253843,"date":"2025-11-24T20:51:10","date_gmt":"2025-11-24T20:51:10","guid":{"rendered":"https:\/\/www.europesays.com\/es\/253843\/"},"modified":"2025-11-24T20:51:10","modified_gmt":"2025-11-24T20:51:10","slug":"abalos-denuncia-amanos-y-dietas-irregulares-en-el-puerto-de-valencia-y-pide-explicaciones-al-ministro-puente","status":"publish","type":"post","link":"https:\/\/www.europesays.com\/es\/253843\/","title":{"rendered":"\u00c1balos denuncia \u00abama\u00f1os\u00bb y dietas irregulares en el Puerto de Valencia y pide explicaciones al ministro Puente"},"content":{"rendered":"<p>    MADRID 24 Nov. (EUROPA PRESS) &#8211; <\/p>\n<p>   El exministro socialista Jos\u00e9 Luis \u00c1balos, investigado en el Tribunal Supremo por su supuesta participaci\u00f3n en el llamado &#8216;caso Koldo&#8217;, ha registrado un escrito en el Congreso denunciando supuestos ama\u00f1os y cobro irregular de dietas en el Puerto de Valencia y pidiendo explicaciones al Ministerio de Transportes que dirige \u00d3scar Puente.<\/p>\n<p>    En su iniciativa, recogida por Europa Press, \u00c1balos se hace eco de informaciones period\u00edsticas que implican a la presidenta del Puerto de Valencia, Mar Chao, propuesta por el Gobierno valenciano de Carlos Maz\u00f3n, en un supuesto cobro irregular de dietas en viajes de trabajo, cifrado n unos 15.000 euros.<\/p>\n<p>   \u00c1balos, a quien se atribuye haber colocado a amigas en empresas publicas sin ir a trabajar, tambi\u00e9n alude a supuestas irregularidades en contrataciones \u00abpresuntamente fraudulentas\u00bb, como un encargo a una firma de abogados y la contrataci\u00f3n de cinco personas sin respetar los principios de igualad, m\u00e9rito y capacidad.<\/p>\n<p>   En este contexto, pide al Ministerio que aborde estas denuncias y pregunta qu\u00e9 medidas se han adoptado hasta ahora en la el organismo p\u00fablico Puertos del Estado y si van a encargar una auditoria sobre estos hechos. \u00c1balos siempre ha reprochado a Puente que encargara unilateralmente una auditor\u00eda sobre su etapa en el Ministerio, un informe que desvel\u00f3 \u00abirregulariades\u00bb.<\/p>\n<p>OTRA PREGUNTA PARA MARLASKA POR DIPUTADAS DEL PP <\/p>\n<p>   No es la \u00fanica pregunta que ha registrado el ahora diputado del Grupo Mixto, pues tambi\u00e9n recoge la denuncia del subdelegado del Gobierno en Pontevedra, Gabriel Losada, criticando una visita de dos diputadas del PP, Ana V\u00e1zquez e Irene Garrido, a un barrio de Vigo y acus\u00e1ndolas de echar por tierra investigaciones contra el narcotr\u00e1fico en la zona.<\/p>\n<p>   En concreto, el exdirigente socialista pregunta a Interior cu\u00e1les fueron las consecuencias de esa visita de las diputadas del PP y qu\u00e9 medidas se han adoptado contra ellas en caso de confirmarse que su presencia alter\u00f3 una operaci\u00f3n antidroga. <\/p>\n","protected":false},"excerpt":{"rendered":"MADRID 24 Nov. (EUROPA PRESS) &#8211; El exministro socialista Jos\u00e9 Luis \u00c1balos, investigado en el Tribunal Supremo por&hellip;\n","protected":false},"author":2,"featured_media":253844,"comment_status":"","ping_status":"","sticky":false,"template":"","format":"standard","meta":{"footnotes":""},"categories":[8],"tags":[17,18,25,24,13,14,11,19,20,9,10,15,16,23,12,21,22],"class_list":{"0":"post-253843","1":"post","2":"type-post","3":"status-publish","4":"format-standard","5":"has-post-thumbnail","7":"category-espana","8":"tag-breaking-news","9":"tag-breakingnews","10":"tag-es","11":"tag-espana","12":"tag-featured-news","13":"tag-featurednews","14":"tag-headlines","15":"tag-latest-news","16":"tag-latestnews","17":"tag-news","18":"tag-noticias","19":"tag-noticias-destacadas","20":"tag-noticiasdestacadas","21":"tag-spain","22":"tag-titulares","23":"tag-ultimas-noticias","24":"tag-ultimasnoticias"},"share_on_mastodon":{"url":"https:\/\/pubeurope.com\/@es\/115606656479483378","error":""},"_links":{"self":[{"href":"https:\/\/www.europesays.com\/es\/wp-json\/wp\/v2\/posts\/253843","targetHints":{"allow":["GET"]}}],"collection":[{"href":"https:\/\/www.europesays.com\/es\/wp-json\/wp\/v2\/posts"}],"about":[{"href":"https:\/\/www.europesays.com\/es\/wp-json\/wp\/v2\/types\/post"}],"author":[{"embeddable":true,"href":"https:\/\/www.europesays.com\/es\/wp-json\/wp\/v2\/users\/2"}],"replies":[{"embeddable":true,"href":"https:\/\/www.europesays.com\/es\/wp-json\/wp\/v2\/comments?post=253843"}],"version-history":[{"count":0,"href":"https:\/\/www.europesays.com\/es\/wp-json\/wp\/v2\/posts\/253843\/revisions"}],"wp:featuredmedia":[{"embeddable":true,"href":"https:\/\/www.europesays.com\/es\/wp-json\/wp\/v2\/media\/253844"}],"wp:attachment":[{"href":"https:\/\/www.europesays.com\/es\/wp-json\/wp\/v2\/media?parent=253843"}],"wp:term":[{"taxonomy":"category","embeddable":true,"href":"https:\/\/www.europesays.com\/es\/wp-json\/wp\/v2\/categories?post=253843"},{"taxonomy":"post_tag","embeddable":true,"href":"https:\/\/www.europesays.com\/es\/wp-json\/wp\/v2\/tags?post=253843"}],"curies":[{"name":"wp","href":"https:\/\/api.w.org\/{rel}","templated":true}]}}