{"id":253849,"date":"2025-11-24T20:58:10","date_gmt":"2025-11-24T20:58:10","guid":{"rendered":"https:\/\/www.europesays.com\/es\/253849\/"},"modified":"2025-11-24T20:58:10","modified_gmt":"2025-11-24T20:58:10","slug":"esteban-chaves-anuncia-su-retirada-del-ciclismo-profesional","status":"publish","type":"post","link":"https:\/\/www.europesays.com\/es\/253849\/","title":{"rendered":"Esteban Chaves anuncia su retirada del ciclismo profesional"},"content":{"rendered":"<p>&#13;<br \/>\n&#13;<\/p>\n<p><img loading=\"lazy\" decoding=\"async\" src=\"https:\/\/www.europesays.com\/es\/wp-content\/uploads\/2025\/11\/esteban_chaves_il_lombardia_1_2016_sirotti.jpg\" width=\"556\" height=\"418\" class=\"setborder\" alt=\"Esteban Chaves anuncia su retirada del ciclismo profesional\" title=\"Esteban Chaves anuncia su retirada del ciclismo profesional\"\/><br \/>\n&#13;<br \/>\n&#13;<br \/>\n&#13;<br \/>\n<a href=\"https:\/\/www.esciclismo.com\/actualidad\/esciclismo\/\" rel=\"nofollow noopener\" target=\"_blank\">EsCiclismo.com<\/a> \u00b7 <a href=\"https:\/\/www.esciclismo.com\/actualidad\/carretera\/\" rel=\"nofollow noopener\" target=\"_blank\">Competici\u00f3n Carretera<\/a>  \u00b7 24\/11\/2025<\/p>\n<p>El ciclista colombiano Jhoan Esteban Chaves Rubio, uno de los grandes escaladores de la \u00faltima d\u00e9cada, ha anunciado que colgar\u00e1 la bicicleta al t\u00e9rmino de esta temporada 2025, poniendo fin a una carrera profesional de 16 a\u00f1os marcada por las victorias en grandes cl\u00e1sicas, etapas de grandes vueltas y podios en el Giro de Italia y la Vuelta a Espa\u00f1a. <\/p>\n<p>&#13;<\/p>\n<p><b id=\"P1\"\/>Nacido en Bogot\u00e1 el 17 de enero de 1990, Chaves (1,64 m y 55 kg) se consagr\u00f3 como uno de los escaladores m\u00e1s carism\u00e1ticos del pelot\u00f3n internacional, siempre reconocible por su estilo ofensivo en monta\u00f1a y su eterna sonrisa. Su \u00faltima temporada la ha disputado con el EF Education-EasyPost, equipo al que lleg\u00f3 en 2022 y con el que ha cerrado su trayectoria en el WorldTour.<\/p>\n<p>&#13;<\/p>\n<p>La Vuelta a Espa\u00f1a 2025, donde visti\u00f3 por \u00faltima vez un dorsal en una gran vuelta, fue la carrera elegida por el colombiano para despedirse del pelot\u00f3n internacional. <\/p>\n<p>&#13;<\/p>\n<p><b id=\"P2\"\/>Antes de su etapa en la estructura estadounidense, Chaves pas\u00f3 por las filas de Colombia es Pasi\u00f3n y Colombia-Coldeportes en el campo profesional continental, dio el salto al WorldTour con Orica GreenEDGE (despu\u00e9s Orica-BikeExchange, Orica-Scott y Mitchelton-Scott), defendi\u00f3 los colores de BikeExchange y, finalmente, del EF Education-EasyPost, siempre con un papel destacado en las grandes vueltas y en las principales carreras por etapas y cl\u00e1sicas del calendario.<\/p>\n<p>&#13;<br \/>\nDe las calles de Bogot\u00e1 a los podios del Giro y La Vuelta&#13;<\/p>\n<p><b id=\"P3\"\/>El propio equipo ha acompa\u00f1ado el anuncio de la retirada con el documental \u00abStill Dreaming\u00bb, rodado en Andorra, en el que el colombiano repasa su trayectoria desde las primeras carreras infantiles en los alrededores de Bogot\u00e1 hasta la cima del ciclismo WorldTour.<\/p>\n<p>&#13;<\/p>\n<p>A lo largo de esos 16 a\u00f1os como profesional, Chaves pas\u00f3 de promesa del ciclismo colombiano a convertirse en uno de los grandes nombres de las grandes vueltas. En 2016 firm\u00f3 una temporada inolvidable: fue segundo en la general del Giro de Italia y tercero en la <a href=\"https:\/\/www.esciclismo.com\/especiales\/vuelta-espana\/\" rel=\"nofollow noopener\" target=\"_blank\">Vuelta a Espa\u00f1a<\/a>, subiendo a los podios finales de dos grandes vueltas en el mismo a\u00f1o, algo reservado a muy pocos ciclistas.<\/p>\n<p>&#13;<\/p>\n<p><b id=\"P4\"\/>Su carrera no estuvo exenta de obst\u00e1culos. En 2013 sufri\u00f3 una grav\u00edsima ca\u00edda que lleg\u00f3 a poner en duda su futuro como ciclista profesional, y en 2018 tuvo que afrontar el diagn\u00f3stico de virus de Epstein-Barr y problemas cr\u00f3nicos de sinusitis, situaciones que le obligaron a largos periodos de recuperaci\u00f3n y a reinventarse para volver al m\u00e1ximo nivel.<\/p>\n<p>&#13;<br \/>\n&#13;<br \/>\nUn palmar\u00e9s con Il Lombardia, etapas en grandes vueltas y la gloria nacional&#13;<\/p>\n<p>El palmar\u00e9s de Esteban Chaves incluye algunas de las victorias m\u00e1s prestigiosas a las que puede aspirar un escalador. En 2016 se impuso en <a href=\"https:\/\/www.esciclismo.com\/especiales\/giro-lombardia\/\" rel=\"nofollow noopener\" target=\"_blank\">Il Lombardia<\/a>, uno de los cinco Monumentos del ciclismo mundial, y ese mismo a\u00f1o levant\u00f3 los brazos en el <a href=\"https:\/\/www.esciclismo.com\/especiales\/giro-emilia\/\" rel=\"nofollow noopener\" target=\"_blank\">Giro de Emilia<\/a>, donde fue el m\u00e1s fuerte en las exigentes rampas de San Luca. A estas gestas se suman sus triunfos en la clasificaci\u00f3n general del Abu Dhabi Tour 2015 y del Herald Sun Tour 2018, adem\u00e1s del t\u00edtulo de campe\u00f3n nacional en ruta de Colombia logrado en 2023, una conquista especialmente significativa para \u00e9l por la carga emocional de vestir el maillot de su pa\u00eds.<\/p>\n<p>&#13;<\/p>\n<p>A estas victorias hay que sumar tres triunfos de etapa en el Giro de Italia (2016, 2018 y 2019), dos etapas en la Vuelta a Espa\u00f1a (2015), una etapa en la Volta a Catalunya 2021, otra en el Tour de Suisse 2014, as\u00ed como numerosos puestos de honor, como el segundo puesto en la general del Tour Down Under 2017.<\/p>\n<p>&#13;<\/p>\n<p>Adem\u00e1s de sus resultados, Chaves se gan\u00f3 el respeto del pelot\u00f3n y el cari\u00f1o de los aficionados por su forma de afrontar las carreras, siempre ofensivo en la monta\u00f1a, y por su imagen de ciclista cercano, optimista y comprometido con sus ra\u00edces colombianas. A trav\u00e9s de su fundaci\u00f3n, FUN Chaves, utiliz\u00f3 la bicicleta como herramienta para que ni\u00f1os y j\u00f3venes de su pa\u00eds pudieran perseguir sus propios sue\u00f1os.<\/p>\n<p>&#13;<br \/>\nUn nuevo cap\u00edtulo lejos del pelot\u00f3n, pero \u00abso\u00f1ando\u00bb&#13;<\/p>\n<p>En el comunicado difundido por el EF Education-EasyPost y en el propio documental, Chaves explica que la decisi\u00f3n de retirarse llega en el momento adecuado y que se marcha satisfecho con todo lo logrado, orgulloso de su trayectoria y de la forma en la que pone punto final a su etapa en el ciclismo profesional.<\/p>\n<p>&#13;<\/p>\n<p>El colombiano subraya que, sin la bici, sigue siendo Esteban: hijo, hermano, marido y, ahora, padre, con el deseo de ser un ejemplo, vivir en paz y mantener un contacto estrecho con la naturaleza. Su hija Luc\u00eda, nacida este verano, y su entorno m\u00e1s cercano ser\u00e1n ahora el eje de su d\u00eda a d\u00eda, en una vida ya alejada del calendario de carreras, concentraciones y grandes vueltas.<\/p>\n<p>&#13;<\/p>\n<p>Aunque su carrera como ciclista profesional llega a su fin, el propio equipo recuerda que Esteban Chaves \u00absigue so\u00f1ando\u00bb y mantiene intacta la sonrisa que le acompa\u00f1\u00f3 en cada ataque en la monta\u00f1a. El pelot\u00f3n pierde a uno de sus escaladores m\u00e1s carism\u00e1ticos, pero el ciclismo conserva para siempre la huella de un corredor que convirti\u00f3 sus sue\u00f1os de ni\u00f1o en realidad y que, desde las cumbres del Giro, la Vuelta o carreras como Il Lombardia, inspir\u00f3 a generaciones de aficionados al ciclismo.<\/p>\n<p>&#13;<br \/>\n&#13;<br \/>\n&#13;<br \/>\nEsCiclismo &#8211; Todos los derechos reservados. Est\u00e1 prohibido todo tipo de reproducci\u00f3n sin autorizaci\u00f3n expresa escrita.<br \/>&#13;<br \/>\n&#13;<\/p>\n","protected":false},"excerpt":{"rendered":"&#13; &#13; &#13; &#13; &#13; EsCiclismo.com \u00b7 Competici\u00f3n Carretera \u00b7 24\/11\/2025 El ciclista colombiano Jhoan Esteban Chaves Rubio,&hellip;\n","protected":false},"author":2,"featured_media":253850,"comment_status":"","ping_status":"","sticky":false,"template":"","format":"standard","meta":{"footnotes":""},"categories":[273],"tags":[17207,24683,313,1757,10084,312,10726,168,158,25,64042,24,16142,4645,64041,14346,23,167,1885],"class_list":{"0":"post-253849","1":"post","2":"type-post","3":"status-publish","4":"format-standard","5":"has-post-thumbnail","7":"category-ciclismo","8":"tag-anunciado","9":"tag-chaves","10":"tag-ciclismo","11":"tag-ciclista","12":"tag-colombiano","13":"tag-cycling","14":"tag-decada","15":"tag-deportes","16":"tag-el","17":"tag-es","18":"tag-escaladores","19":"tag-espana","20":"tag-esteban","21":"tag-grandes","22":"tag-jhoan","23":"tag-rubio","24":"tag-spain","25":"tag-sports","26":"tag-ultima"},"share_on_mastodon":{"url":"https:\/\/pubeurope.com\/@es\/115606683995271710","error":""},"_links":{"self":[{"href":"https:\/\/www.europesays.com\/es\/wp-json\/wp\/v2\/posts\/253849","targetHints":{"allow":["GET"]}}],"collection":[{"href":"https:\/\/www.europesays.com\/es\/wp-json\/wp\/v2\/posts"}],"about":[{"href":"https:\/\/www.europesays.com\/es\/wp-json\/wp\/v2\/types\/post"}],"author":[{"embeddable":true,"href":"https:\/\/www.europesays.com\/es\/wp-json\/wp\/v2\/users\/2"}],"replies":[{"embeddable":true,"href":"https:\/\/www.europesays.com\/es\/wp-json\/wp\/v2\/comments?post=253849"}],"version-history":[{"count":0,"href":"https:\/\/www.europesays.com\/es\/wp-json\/wp\/v2\/posts\/253849\/revisions"}],"wp:featuredmedia":[{"embeddable":true,"href":"https:\/\/www.europesays.com\/es\/wp-json\/wp\/v2\/media\/253850"}],"wp:attachment":[{"href":"https:\/\/www.europesays.com\/es\/wp-json\/wp\/v2\/media?parent=253849"}],"wp:term":[{"taxonomy":"category","embeddable":true,"href":"https:\/\/www.europesays.com\/es\/wp-json\/wp\/v2\/categories?post=253849"},{"taxonomy":"post_tag","embeddable":true,"href":"https:\/\/www.europesays.com\/es\/wp-json\/wp\/v2\/tags?post=253849"}],"curies":[{"name":"wp","href":"https:\/\/api.w.org\/{rel}","templated":true}]}}