{"id":253851,"date":"2025-11-24T21:00:18","date_gmt":"2025-11-24T21:00:18","guid":{"rendered":"https:\/\/www.europesays.com\/es\/253851\/"},"modified":"2025-11-24T21:00:18","modified_gmt":"2025-11-24T21:00:18","slug":"marta-llompart-septima-canterana-que-llega-al-primer-equipo-del-valencia-basket","status":"publish","type":"post","link":"https:\/\/www.europesays.com\/es\/253851\/","title":{"rendered":"Marta Llompart, s\u00e9ptima canterana que llega al primer equipo del Valencia Basket"},"content":{"rendered":"<p class=\"ft-text\"><strong>Marta Llompart no olvidar\u00e1 nunca el <\/strong><a class=\"ft-link ft-link--decoration\" href=\"https:\/\/www.superdeporte.es\/valencia-basket\/2025\/11\/23\/valencia-basket-deshace-leganes-veinte-minutos-124030914.html\" rel=\"nofollow noopener\" target=\"_blank\">partido de este domingo ante el Innova-TSN Legan\u00e9s<\/a>, ya que la mallorquina debut\u00f3 con el primer equipo del Valencia Basket y adem\u00e1s, con victoria y sumando. Un salto de gigante para la j\u00fanior taronja, que con 17 a\u00f1os se convierte as\u00ed en la s\u00e9ptima jugadora de l&#8217;Alqueria del Basket que llega a debutar en el primer equipo a las \u00f3rdenes de Rub\u00e9n Burgos.<\/p>\n<p class=\"ft-text\"><strong>Antes lo hicieron Lorena Segura, Claudia Contell, Paula Garc\u00eda, Awa Fam, Elba Garfella y Mirembe Twehamye<\/strong>, todas ellas ya con su nombre en el Mur dels Somnis, pero este reconocimiento deber\u00e1 esperar a\u00fan en el caso de la mallorquina, ya que a\u00fan no ha cumplido los dos a\u00f1os en categor\u00edas de formaci\u00f3n que figuran en los requisitos del club.<\/p>\n<p class=\"ft-text\">Eso s\u00ed, <strong>Llompart podr\u00e1 dejar inscrito su nombre en el Mur en un futuro pr\u00f3ximo si sigue los pasos de un Sergio de Larrea<\/strong> al que le lleg\u00f3 tambi\u00e9n su debut con el primer equipo antes que los dos a\u00f1os en alguna categor\u00eda de formaci\u00f3n, incluyendo en ellas las etapas infantil, cadete y junior.<\/p>\n<p><img decoding=\"async\" src=\"https:\/\/www.europesays.com\/es\/wp-content\/uploads\/2025\/11\/a0ccc07c-7173-42f6-8de1-f992c214b3d0_alta-libre-aspect-ratio_default_0.jpg\" width=\"1200\" height=\"802\" alt=\"Marta Llompart, junto a Elena Buenavida.\" class=\"ft-helper-img-rd\" loading=\"lazy\"\/><\/p>\n<p class=\"ft-helper-fontColor-quaternary ft-helper-fontSize-body-S ft-helper-spacer-t-xxs\">Marta Llompart, junto a Elena Buenavida.  \/ M. A. Polo \/ VBC<\/p>\n<p>Elogios de Rub\u00e9n Burgos<\/p>\n<p class=\"ft-text\">El propio <a class=\"ft-link ft-link--decoration\" href=\"https:\/\/www.superdeporte.es\/valencia-basket\/2025\/11\/23\/contento-conexion-primer-equipo-alqueria-llompart-124032345.html\" rel=\"nofollow noopener\" target=\"_blank\">Rub\u00e9n Burgos se mostraba muy satisfecho con su debut del domingo<\/a>, con un punto y un rebote en sus cinco minutos en pista. \u00abMarta viene trabajando desde pretemporada como otras.<strong>\u00a0Est\u00e1 muy metida en la preparaci\u00f3n de partido, en el scouting individual de las jugadoras que iba a defender. Legan\u00e9s le ha exigido defender y estar centrada, dentro obviamente de los nervios<\/strong>. Lo ha disfrutado y esperemos que vaya teniendo m\u00e1s presencias. Su posici\u00f3n est\u00e1 cubierta, tiene competencia, pero esto le debe servir para que crezca, tiene mucho trabajo e ilusi\u00f3n en el d\u00eda a d\u00eda\u00bb.<\/p>\n<p>En LF Challenge<\/p>\n<p class=\"ft-text\">De momento, <strong>Marta seguir\u00e1 su formaci\u00f3n en el equipo vinculado La Cord\u00e0 de Paterna, de la LF Challlenge<\/strong>, aunque para inscribir su nombre en el Mur dels Somnis no le bastaer\u00e1 con sumar un segundo a\u00f1o completo en la cantera como j\u00fanior, ya que deber\u00e1 volver a jugar al menos un partido con el primer equipo cuando cumpla los dos a\u00f1os de taronja, tal y como hizo De Larrea.<\/p>\n<p class=\"ft-text\"><strong>Casos distintos son los de Elena Buenavida y Alicia Fl\u00f3rez<\/strong>, ya que ambas subieron desde el vinculado pero no llegaron a jugar en etapas de formaci\u00f3n en L&#8217;Alqueria.<\/p>\n","protected":false},"excerpt":{"rendered":"Marta Llompart no olvidar\u00e1 nunca el partido de este domingo ante el Innova-TSN Legan\u00e9s, ya que la mallorquina&hellip;\n","protected":false},"author":2,"featured_media":253852,"comment_status":"","ping_status":"","sticky":false,"template":"","format":"standard","meta":{"footnotes":""},"categories":[269],"tags":[299,1918,298,17401,23215,168,25,24,7214,7384,41892,14494,961,17893,15327,2139,23,167,235,2916,3252],"class_list":{"0":"post-253851","1":"post","2":"type-post","3":"status-publish","4":"format-standard","5":"has-post-thumbnail","7":"category-baloncesto","8":"tag-baloncesto","9":"tag-basket","10":"tag-basketball","11":"tag-de-larrea","12":"tag-debutante","13":"tag-deportes","14":"tag-es","15":"tag-espana","16":"tag-formacion","17":"tag-leganes","18":"tag-llompart","19":"tag-marta","20":"tag-pretemporada","21":"tag-ruben-burgos","22":"tag-septima","23":"tag-sergio","24":"tag-spain","25":"tag-sports","26":"tag-valencia","27":"tag-valencia-basket","28":"tag-via"},"share_on_mastodon":{"url":"https:\/\/pubeurope.com\/@es\/115606692538399280","error":""},"_links":{"self":[{"href":"https:\/\/www.europesays.com\/es\/wp-json\/wp\/v2\/posts\/253851","targetHints":{"allow":["GET"]}}],"collection":[{"href":"https:\/\/www.europesays.com\/es\/wp-json\/wp\/v2\/posts"}],"about":[{"href":"https:\/\/www.europesays.com\/es\/wp-json\/wp\/v2\/types\/post"}],"author":[{"embeddable":true,"href":"https:\/\/www.europesays.com\/es\/wp-json\/wp\/v2\/users\/2"}],"replies":[{"embeddable":true,"href":"https:\/\/www.europesays.com\/es\/wp-json\/wp\/v2\/comments?post=253851"}],"version-history":[{"count":0,"href":"https:\/\/www.europesays.com\/es\/wp-json\/wp\/v2\/posts\/253851\/revisions"}],"wp:featuredmedia":[{"embeddable":true,"href":"https:\/\/www.europesays.com\/es\/wp-json\/wp\/v2\/media\/253852"}],"wp:attachment":[{"href":"https:\/\/www.europesays.com\/es\/wp-json\/wp\/v2\/media?parent=253851"}],"wp:term":[{"taxonomy":"category","embeddable":true,"href":"https:\/\/www.europesays.com\/es\/wp-json\/wp\/v2\/categories?post=253851"},{"taxonomy":"post_tag","embeddable":true,"href":"https:\/\/www.europesays.com\/es\/wp-json\/wp\/v2\/tags?post=253851"}],"curies":[{"name":"wp","href":"https:\/\/api.w.org\/{rel}","templated":true}]}}