{"id":253853,"date":"2025-11-24T21:01:13","date_gmt":"2025-11-24T21:01:13","guid":{"rendered":"https:\/\/www.europesays.com\/es\/253853\/"},"modified":"2025-11-24T21:01:13","modified_gmt":"2025-11-24T21:01:13","slug":"austria-sigue-adelante-con-su-gesta-y-se-cita-con-portugal-en-la-final","status":"publish","type":"post","link":"https:\/\/www.europesays.com\/es\/253853\/","title":{"rendered":"Austria sigue adelante con su gesta y se cita con Portugal en la final"},"content":{"rendered":"<p data-mrf-recirculation=\"Links P\u00e1rrafos\" class=\"ue-c-article__paragraph paragraph ue-c-article--first-letter-highlighted\">La 21\u00aa edici\u00f3n del Mundial sub 17 que se est\u00e1 desarrollando en Qatar ya conoce cu\u00e1les ser\u00e1n las dos selecciones que luchar\u00e1n por hacerse con el t\u00edtulo en la final que tendr\u00e1 lugar el pr\u00f3ximo jueves: Austria y Portugal.<\/p>\n<p>As\u00ed quedaron las semifinales<\/p>\n<ul class=\"ue-c-article__list ue-c-article__ ue-c-article__list--unordered\">\n<li>Austria 2-0 Italia<\/li>\n<li>Portugal 0 (6)-(5) 0 Brasil<\/li>\n<\/ul>\n<p data-mrf-recirculation=\"Links P\u00e1rrafos\" class=\"ue-c-article__paragraph paragraph\">De entre los cuatro semifinalistas, la sensaci\u00f3n que se respiraba es que Italia iba a clasificar a la final sin necesidad de presentarse al partido. Pero, al igual que hicieron con T\u00fanez (2-0) en dieciseisavos, Inglaterra (4-0) en octavos y Jap\u00f3n (1-0) en cuartos, Austria llev\u00f3 a cabo una gesta (2-0) dif\u00edcilmente explicable para avanzar a la final cuando, con anterioridad, s\u00f3lo hab\u00edan participado en las ediciones de 1997 y 2013 sin lograr avanzar de fase de grupos ni celebrar ni una sola victoria.<\/p>\n<p data-mrf-recirculation=\"Links P\u00e1rrafos\" class=\"ue-c-article__paragraph paragraph\">Austria volvi\u00f3 a mostrarse como una roca impenetrable. Apenas ha encajado un gol a lo largo de todo el torneo (contra Nueva Zelanda) y le ha puesto el candado a su porter\u00eda durante todos los partidos de eliminatorias. El ejercicio de resistencia fue may\u00fasculo hasta que, una tarde m\u00e1s, apareci\u00f3 Johannes Mosser -m\u00e1ximo goleador con ocho goles- para decantar la balanza con un doblete (57&#8242; y 92&#8242;) en la segunda mitad que sac\u00f3 de sus casillas a una Italia que acab\u00f3 con nueve tras las expulsiones de Borasio y Samuele Inacio en el descuento.<\/p>\n<p data-mrf-recirculation=\"Links P\u00e1rrafos\" class=\"ue-c-article__paragraph paragraph\">Se ver\u00e1n las caras en la cita del pr\u00f3ximo jueves contra Portugal, que tumb\u00f3 a Brasil por penaltis (6-5). No participaban desde 2003 y, al igual que Austria, nunca antes hab\u00eda pisado una final del Mundial sub 17. Lo cierto es que ninguno mereci\u00f3 romper el 0-0 que imper\u00f3 durante los 90&#8242;. Al inicio del encuentro, Z\u00e9 Lucas bloque\u00f3 de manera providencial un disparo en el interior del \u00e1rea a cargo de Anisio Cabral y, poco despu\u00e9s, Dell perdon\u00f3 una doble ocasi\u00f3n con todo a placer.<\/p>\n<p data-mrf-recirculation=\"Links P\u00e1rrafos\" class=\"ue-c-article__paragraph paragraph\">Una &#8216;tijereta&#8217; del propio Z\u00e9 Lucas en la recta final del choque que se march\u00f3 rozando el larguero pudo decantar la balanza a favor de Brasil para esquivar una tanda de penaltis que tuvo de todo. Los cuatro primeros lanzadores de cada combinado no fallaron y, por sorpresa, Rom\u00e1rio Cunha (guardameta de Portugal) asumi\u00f3 la responsabilidad del quinto lanzamiento&#8230; que acab\u00f3 mandando a las nubes.<\/p>\n<p data-mrf-recirculation=\"Links P\u00e1rrafos\" class=\"ue-c-article__paragraph paragraph\">Sin tiempo para reponerse, le tocaba ponerse bajo palos para evitar la clasificaci\u00f3n de Brasil&#8230; y adivin\u00f3 el lanzamiento de un Ruan Pablo estrell\u00f3 su lanzamiento contra la cepa del poste. Portugal hab\u00eda esquivado una bala mortal y le dio la vuelta a la tortilla con los tantos de Aragao y Neto. Angelo Candido ten\u00eda toda la presi\u00f3n bajo sus hombros y mand\u00f3 su lanzamiento por encima del larguero para regalarle el pase al combinado luso.<\/p>\n","protected":false},"excerpt":{"rendered":"La 21\u00aa edici\u00f3n del Mundial sub 17 que se est\u00e1 desarrollando en Qatar ya conoce cu\u00e1les ser\u00e1n las&hellip;\n","protected":false},"author":2,"featured_media":253854,"comment_status":"","ping_status":"","sticky":false,"template":"","format":"standard","meta":{"footnotes":""},"categories":[268],"tags":[168,25,24,280,282,281,23,167],"class_list":{"0":"post-253853","1":"post","2":"type-post","3":"status-publish","4":"format-standard","5":"has-post-thumbnail","7":"category-futbol","8":"tag-deportes","9":"tag-es","10":"tag-espana","11":"tag-football","12":"tag-futbol","13":"tag-soccer","14":"tag-spain","15":"tag-sports"},"share_on_mastodon":{"url":"https:\/\/pubeurope.com\/@es\/115606695951398939","error":""},"_links":{"self":[{"href":"https:\/\/www.europesays.com\/es\/wp-json\/wp\/v2\/posts\/253853","targetHints":{"allow":["GET"]}}],"collection":[{"href":"https:\/\/www.europesays.com\/es\/wp-json\/wp\/v2\/posts"}],"about":[{"href":"https:\/\/www.europesays.com\/es\/wp-json\/wp\/v2\/types\/post"}],"author":[{"embeddable":true,"href":"https:\/\/www.europesays.com\/es\/wp-json\/wp\/v2\/users\/2"}],"replies":[{"embeddable":true,"href":"https:\/\/www.europesays.com\/es\/wp-json\/wp\/v2\/comments?post=253853"}],"version-history":[{"count":0,"href":"https:\/\/www.europesays.com\/es\/wp-json\/wp\/v2\/posts\/253853\/revisions"}],"wp:featuredmedia":[{"embeddable":true,"href":"https:\/\/www.europesays.com\/es\/wp-json\/wp\/v2\/media\/253854"}],"wp:attachment":[{"href":"https:\/\/www.europesays.com\/es\/wp-json\/wp\/v2\/media?parent=253853"}],"wp:term":[{"taxonomy":"category","embeddable":true,"href":"https:\/\/www.europesays.com\/es\/wp-json\/wp\/v2\/categories?post=253853"},{"taxonomy":"post_tag","embeddable":true,"href":"https:\/\/www.europesays.com\/es\/wp-json\/wp\/v2\/tags?post=253853"}],"curies":[{"name":"wp","href":"https:\/\/api.w.org\/{rel}","templated":true}]}}