{"id":253855,"date":"2025-11-24T21:02:18","date_gmt":"2025-11-24T21:02:18","guid":{"rendered":"https:\/\/www.europesays.com\/es\/253855\/"},"modified":"2025-11-24T21:02:18","modified_gmt":"2025-11-24T21:02:18","slug":"javier-calvo-reaparece-tras-la-ruptura-y-aclara-los-rumores-de-romance-con-guitarricadelafuente","status":"publish","type":"post","link":"https:\/\/www.europesays.com\/es\/253855\/","title":{"rendered":"Javier Calvo reaparece tras la ruptura y aclara los rumores de romance con Guitarricadelafuente"},"content":{"rendered":"<p data-start=\"0\" data-end=\"541\">Reci\u00e9n llegado de unas merecidas vacaciones, <strong>Javier Calvo<\/strong> ha reaparecido ante los medios para poner un poco de orden en el torbellino informativo que ha rodeado <a href=\"https:\/\/okdiario.com\/look\/actualidad\/exclusivo-refugio-javi-calvo-madrid-donde-recompone-ruptura-ambrossi-2425511\" rel=\"nofollow noopener\" target=\"_blank\">su separaci\u00f3n de Javier Ambrossi.<\/a> Con gesto sereno y un tono sorprendentemente relajado para el momento personal que atraviesa, el creador asegur\u00f3 sentirse \u00abmuy bien\u00bb, una respuesta breve pero firme que deja entrever que est\u00e1 afrontando esta nueva etapa con equilibrio, acompa\u00f1ado por su entorno cercano y centrado en los m\u00faltiples compromisos profesionales que tiene por delante.<\/p>\n<p data-start=\"543\" data-end=\"1309\">Calvo tambi\u00e9n aprovech\u00f3 para desmontar varios de los rumores que han cobrado fuerza en las \u00faltimas semanas. En primer lugar, desminti\u00f3 categ\u00f3ricamente que \u00e9l y Ambrossi hayan puesto a la venta la casa en la que viv\u00edan juntos, un supuesto que hab\u00eda sido motivo de titulares y especulaciones. En segundo lugar, quiso cortar de ra\u00edz los comentarios que lo relacionaban sentimentalmente con <a href=\"https:\/\/okdiario.com\/look\/actualidad\/victoria-federica-reaparece-trenzas-afro-vive-momento-fan-guitarricadelafuente-2353544\" rel=\"nofollow noopener\" target=\"_blank\">Guitarricadelafuente<\/a>, artista con quien ha compartido viajes, conciertos y proyectos recientes. <strong>\u00abEs mi hermano y una de las personas m\u00e1s importantes de este a\u00f1o para m\u00ed (\u2026) Est\u00e1 genial con su novio\u00bb<\/strong>, ha dicho con claridad. De este modo, ha dejado constancia de que se trata de una amistad profunda, nacida en el \u00e1mbito creativo y fortalecida en los \u00faltimos meses, pero sin ning\u00fan componente rom\u00e1ntico.<\/p>\n<p>\n<img decoding=\"async\" loading=\"lazy\" class=\"size-full wp-image-2433608\" alt=\"Javier Calvo en Madrid. (Foto: Gtres)\" width=\"1800\" height=\"1015\"  src=\"https:\/\/www.europesays.com\/es\/wp-content\/uploads\/2025\/10\/placeholder.jpg\"  bad-src=\"https:\/\/www.europesays.com\/es\/wp-content\/uploads\/2025\/10\/placeholder.jpg\"\/><\/p>\n<p><img decoding=\"async\" loading=\"lazy\" class=\"size-full wp-image-2433608\" src=\"https:\/\/www.europesays.com\/es\/wp-content\/uploads\/2025\/11\/captura-de-pantalla-2025-11-24-161050.jpg\" alt=\"Javier Calvo en Madrid. (Foto: Gtres)\" width=\"1800\" height=\"1015\"  \/><\/p>\n<p> Javier Calvo en Madrid. (Foto: Gtres)\n<\/p>\n<p data-start=\"1311\" data-end=\"1866\">La separaci\u00f3n de Javier Calvo y Javier Ambrossi ha conmocionado al mundo cultural espa\u00f1ol. No en vano, <strong>los Javis se hab\u00edan convertido en una referencia tanto en lo profesional como en lo sentimental.<\/strong> Su relaci\u00f3n comenz\u00f3 en 2010, cuando <a href=\"https:\/\/okdiario.com\/look\/actualidad\/javier-ambrossi-ilusionado-tecnico-audiovisual-ruptura-javier-calvo-2424774\" rel=\"nofollow noopener\" target=\"_blank\">se conocieron gracias a las redes sociales, aunque su romance no empez\u00f3 inmediatamente.<\/a> Con el tiempo, lo que surgi\u00f3 como una conexi\u00f3n espont\u00e1nea entre dos j\u00f3venes artistas se transform\u00f3 en una historia de amor que inspir\u00f3 a muchos y que<strong> convivi\u00f3 con el ascenso mete\u00f3rico de ambos en la industria audiovisual. <\/strong>En 2012 dieron el paso de irse a vivir juntos y desde entonces han construido un proyecto vital lleno de complicidad y \u00e9xitos compartidos. De su uni\u00f3n nacieron obras tan influyentes como Paquita Salas, La llamada, Veneno y otros proyectos que marcaron un antes y un despu\u00e9s en la ficci\u00f3n espa\u00f1ola.<\/p>\n<p data-start=\"2344\" data-end=\"2978\">La noticia de su separaci\u00f3n cay\u00f3 como un jarro de agua fr\u00eda entre sus seguidores. Sin embargo, desde el primer momento se hizo hincapi\u00e9 en que la ruptura afectaba \u00fanicamente a lo personal, no a lo profesional. Tanto su entorno como ellos mismos han reiterado que seguir\u00e1n trabajando juntos sin interrupciones. Actualmente se encuentran inmersos en la fase final de La bola negra, su nueva pel\u00edcula, cuyo estreno est\u00e1 previsto para 2026 y que adem\u00e1s contar\u00e1 con el debut de Guitarricadelafuente y la participaci\u00f3n de una estrella internacional como <strong>Glenn Close<\/strong>.<\/p>\n<p>\n<img decoding=\"async\" loading=\"lazy\" class=\"size-full wp-image-2433610\" alt=\"Javier Calvo y Javier Ambrossi en una premiere. (Foto: Gtres)\" width=\"1707\" height=\"2560\"  src=\"https:\/\/www.europesays.com\/es\/wp-content\/uploads\/2025\/10\/placeholder.jpg\"  bad-src=\"https:\/\/www.europesays.com\/es\/wp-content\/uploads\/2025\/10\/placeholder.jpg\"\/><\/p>\n<p><img decoding=\"async\" loading=\"lazy\" class=\"size-full wp-image-2433610\" src=\"https:\/\/www.europesays.com\/es\/wp-content\/uploads\/2025\/11\/u584666_348-1-scaled.jpg\" alt=\"Javier Calvo y Javier Ambrossi en una premiere. (Foto: Gtres)\" width=\"1707\" height=\"2560\"  \/><\/p>\n<p> Javier Calvo y Javier Ambrossi en una premiere. (Foto: Gtres)\n<\/p>\n<p data-start=\"2980\" data-end=\"3394\">Adem\u00e1s, ambos han emprendido caminos individuales que no interfieren con su colaboraci\u00f3n conjunta. Ambrossi constituy\u00f3 este a\u00f1o la empresa <strong>Los Esquiadores AIE<\/strong>, orientada a la producci\u00f3n de cine y televisi\u00f3n, mientras que Calvo ha apostado por <a href=\"https:\/\/okdiario.com\/look\/actualidad\/exclusivo-refugio-javi-calvo-madrid-donde-recompone-ruptura-ambrossi-2425511\" rel=\"nofollow noopener\" target=\"_blank\">expandirse hacia la m\u00fasica mediante su banda Raya Diplom\u00e1tica<\/a>, que ya ha actuado en festivales de relevancia como el BBK Live y que formar\u00e1 parte del Primavera Sound 2026.<\/p>\n<p data-start=\"3396\" data-end=\"3769\">A nivel personal, Calvo se ha refugiado en su c\u00edrculo \u00edntimo, compartiendo tiempo con amigos cercanos como <strong>Yenesi Su\u00e1rez<\/strong>, <strong>Elena Rodr\u00edguez<\/strong> o el propio Guitarricadelafuente. Las im\u00e1genes de su viaje a M\u00e9xico acompa\u00f1ando al cantante durante su gira latinoamericana se viralizaron r\u00e1pidamente, aunque \u00e9l ha insistido en que no hay nada m\u00e1s all\u00e1 de una amistad fuerte y sincera. Por su parte, Javier Ambrossi tambi\u00e9n rompi\u00f3 su silencio d\u00edas atr\u00e1s, transmitiendo un mensaje igualmente calmado y positivo. <strong>\u00abTodo est\u00e1 perfecto, todo est\u00e1 genial.<\/strong> La vida es as\u00ed y no hay que tenerle miedo a los cambios. Somos superamigos y nos llevamos genial\u00bb, declar\u00f3.<\/p>\n<p>Javier Calvo desmiente la venta de su mansi\u00f3n<\/p>\n<p data-start=\"154\" data-end=\"1067\" data-is-last-node=\"\" data-is-only-node=\"\">A pesar de las numerosas informaciones que aseguraban que <a href=\"https:\/\/okdiario.com\/look\/actualidad\/javier-ambrossi-javier-calvo-rompen-13-anos-juntos-2423399\" rel=\"nofollow noopener\" target=\"_blank\">la espectacular mansi\u00f3n que Javier Calvo y Javier Ambrossi compart\u00edan en Pozuelo de Alarc\u00f3n<\/a> ya estaba en el mercado, el propio Calvo se ha encargado de desmentirlo con rotundidad. Cuestionado por la supuesta venta del chalet \u2014una vivienda dise\u00f1ada a su gusto, casi sin estrenar y valorada en cinco millones de euros\u2014, el director fue claro y conciso: \u00ab<strong data-start=\"563\" data-end=\"624\">esa noticia s\u00ed que es mentira, todav\u00eda no est\u00e1 en venta\u00bb<\/strong>, ha dicho. Con estas palabras, ha desmontado la versi\u00f3n que circulaba desde hac\u00eda d\u00edas y que sosten\u00eda que, tras su ruptura, la pareja hab\u00eda decidido desprenderse de la que hab\u00eda sido su casa so\u00f1ada. Calvo quiso dejar claro que, aunque su relaci\u00f3n sentimental haya llegado a su fin, las decisiones sobre su patrimonio com\u00fan no responden a los rumores que se han difundido, y que, por ahora, su hogar contin\u00faa tal y como lo dejaron antes de separarse.<\/p>\n","protected":false},"excerpt":{"rendered":"Reci\u00e9n llegado de unas merecidas vacaciones, Javier Calvo ha reaparecido ante los medios para poner un poco de&hellip;\n","protected":false},"author":2,"featured_media":253856,"comment_status":"","ping_status":"","sticky":false,"template":"","format":"standard","meta":{"footnotes":""},"categories":[174],"tags":[255,146,147,25,24,256,43491,23],"class_list":{"0":"post-253855","1":"post","2":"type-post","3":"status-publish","4":"format-standard","5":"has-post-thumbnail","7":"category-famosos","8":"tag-celebrities","9":"tag-entertainment","10":"tag-entretenimiento","11":"tag-es","12":"tag-espana","13":"tag-famosos","14":"tag-javier-calvo","15":"tag-spain"},"share_on_mastodon":{"url":"https:\/\/pubeurope.com\/@es\/115606700255274087","error":""},"_links":{"self":[{"href":"https:\/\/www.europesays.com\/es\/wp-json\/wp\/v2\/posts\/253855","targetHints":{"allow":["GET"]}}],"collection":[{"href":"https:\/\/www.europesays.com\/es\/wp-json\/wp\/v2\/posts"}],"about":[{"href":"https:\/\/www.europesays.com\/es\/wp-json\/wp\/v2\/types\/post"}],"author":[{"embeddable":true,"href":"https:\/\/www.europesays.com\/es\/wp-json\/wp\/v2\/users\/2"}],"replies":[{"embeddable":true,"href":"https:\/\/www.europesays.com\/es\/wp-json\/wp\/v2\/comments?post=253855"}],"version-history":[{"count":0,"href":"https:\/\/www.europesays.com\/es\/wp-json\/wp\/v2\/posts\/253855\/revisions"}],"wp:featuredmedia":[{"embeddable":true,"href":"https:\/\/www.europesays.com\/es\/wp-json\/wp\/v2\/media\/253856"}],"wp:attachment":[{"href":"https:\/\/www.europesays.com\/es\/wp-json\/wp\/v2\/media?parent=253855"}],"wp:term":[{"taxonomy":"category","embeddable":true,"href":"https:\/\/www.europesays.com\/es\/wp-json\/wp\/v2\/categories?post=253855"},{"taxonomy":"post_tag","embeddable":true,"href":"https:\/\/www.europesays.com\/es\/wp-json\/wp\/v2\/tags?post=253855"}],"curies":[{"name":"wp","href":"https:\/\/api.w.org\/{rel}","templated":true}]}}