{"id":253857,"date":"2025-11-24T21:03:14","date_gmt":"2025-11-24T21:03:14","guid":{"rendered":"https:\/\/www.europesays.com\/es\/253857\/"},"modified":"2025-11-24T21:03:14","modified_gmt":"2025-11-24T21:03:14","slug":"la-impresionante-casa-de-risto-mejide-en-el-pirineo-catalan-una-gran-biblioteca-un-piano-de-cola-y-vistas-a-las-montanas","status":"publish","type":"post","link":"https:\/\/www.europesays.com\/es\/253857\/","title":{"rendered":"La impresionante casa de Risto Mejide en el Pirineo Catal\u00e1n: una gran biblioteca, un piano de cola y vistas a las monta\u00f1as"},"content":{"rendered":"<p><img alt=\"Casa de Risto Mejide en\" class=\"global-image\" decoding=\"async\" fetchpriority=\"high\" height=\"1080\" loading=\"eager\" src=\"https:\/\/www.europesays.com\/es\/wp-content\/uploads\/2025\/11\/UESWNM5JRBASFC63Q7NVFKSP3M.jpg\" width=\"1920\"\/>Casa de Risto Mejide en los Pirineos (@ristomejide).<\/p>\n<p class=\"paragraph\">En la Cerdanya, donde los valles se encadenan y el cielo parece m\u00e1s limpio que en cualquier otro punto del Pirineo catal\u00e1n, <a href=\"https:\/\/www.infobae.com\/espana\/2025\/10\/29\/el-creador-de-operacion-triunfo-habla-sobre-el-dia-que-despidieron-a-risto-mejide-cada-vez-que-abria-la-boca-soltaba-mierda\/\" target=\"_blank\" rel=\"noreferrer nofollow noopener\" title=\"https:\/\/www.infobae.com\/espana\/2025\/10\/29\/el-creador-de-operacion-triunfo-habla-sobre-el-dia-que-despidieron-a-risto-mejide-cada-vez-que-abria-la-boca-soltaba-mierda\/\">Risto Mejide <\/a>ha encontrado un lugar para detener el tiempo. All\u00ed se levanta su vivienda de monta\u00f1a, una construcci\u00f3n que combina precisi\u00f3n arquitect\u00f3nica, est\u00e9tica alpina y un respeto absoluto por el paisaje. No es solo una segunda residencia: es<b> su escondite personal<\/b>, el espacio donde desconecta del ruido medi\u00e1tico y la velocidad de la vida urbana.<\/p>\n<p class=\"paragraph\">La casa se ubica en una zona elevada, rodeada de laderas verdes en verano y cubiertas de nieve en invierno.<a href=\"https:\/\/www.infobae.com\/espana\/2025\/09\/18\/risto-mejide-estalla-en-todo-es-mentira-por-las-supuestas-presiones-del-psoe-de-madrid-es-inaceptable\/\" target=\"_blank\" rel=\"noreferrer nofollow noopener\" title=\"https:\/\/www.infobae.com\/espana\/2025\/09\/18\/risto-mejide-estalla-en-todo-es-mentira-por-las-supuestas-presiones-del-psoe-de-madrid-es-inaceptable\/\"> No busca imponerse al entorno,<\/a> sino fundirse con \u00e9l. De ah\u00ed la presencia de materiales nobles como la piedra, la madera sin tratar y las vigas vistas, que dialogan con l\u00edneas rectas y grandes superficies acristaladas.<\/p>\n<p class=\"paragraph\">La luz natural es la protagonista absoluta. Desde primera hora de la ma\u00f1ana, los rayos entran a trav\u00e9s de ventanales que ocupan casi por completo las fachadas, generando un interior cambiante seg\u00fan la estaci\u00f3n. La casa, <b>distribuida en varias alturas<\/b>, se organiza para que cada estancia mantenga una relaci\u00f3n directa con el paisaje exterior.<\/p>\n<p class=\"paragraph\">La zona de d\u00eda se vertebra en torno a un sal\u00f3n amplio y despejado, donde conviven en armon\u00eda tres ambientes: <b>descanso, m\u00fasica y comedor<\/b>. La chimenea empotrada \u2014una pieza blanca de proporciones generosas\u2014 se convierte en el punto de anclaje visual. No es un elemento decorativo; es el gesto que aporta calidez al conjunto cuando el term\u00f3metro cae.<\/p>\n<p class=\"paragraph\">El mobiliario destaca por su sencillez: sof\u00e1s en tonos claros, textiles neutros y l\u00e1mparas de l\u00edneas limpias que aportan una iluminaci\u00f3n suave. Frente a uno de los ventanales, casi como un mirador creativo, se sit\u00faa <b>un piano negro<\/b>. Esa ubicaci\u00f3n no es casual: <a href=\"https:\/\/www.infobae.com\/espana\/2025\/06\/10\/victor-elias-se-abre-con-risto-mejide-y-habla-sobre-la-complicada-relacion-con-sus-padres-pensaba-que-si-denunciaba-todo-iria-bien\/\" target=\"_blank\" rel=\"noreferrer nofollow noopener\" title=\"https:\/\/www.infobae.com\/espana\/2025\/06\/10\/victor-elias-se-abre-con-risto-mejide-y-habla-sobre-la-complicada-relacion-con-sus-padres-pensaba-que-si-denunciaba-todo-iria-bien\/\">el presentador, m\u00fasico desde joven, <\/a>ha querido que la m\u00fasica forme parte del d\u00eda a d\u00eda de la casa.<\/p>\n<p><img alt=\"Casa de Risto Mejide en\" class=\"global-image\" decoding=\"async\" fetchpriority=\"low\" height=\"966\" loading=\"lazy\" src=\"https:\/\/www.europesays.com\/es\/wp-content\/uploads\/2025\/11\/FTD6WCO2SBFOBENYBJD5EZPWZE.webp\" width=\"800\"\/>Casa de Risto Mejide en los Pirineos (@ristomejide).<\/p>\n<p class=\"paragraph\">Si el sal\u00f3n es la zona social, la biblioteca es el santuario personal de Risto. Se trata de una de las estancias m\u00e1s sorprendentes: una pared entera cubierta por estanter\u00edas negras que se alzan hasta tocar el techo. En ellas descansan los libros que ha recopilado a lo largo de su carrera, incluidos los once que \u00e9l mismo ha publicado.<\/p>\n<p class=\"paragraph\">El altillo superior, al que se accede mediante una escalera met\u00e1lica, aporta una dimensi\u00f3n vertical que recuerda a<b> los estudios cl\u00e1sicos de las casas de monta\u00f1a<\/b>. All\u00ed se mezclan elementos industriales \u2014como las l\u00e1mparas colgantes de dise\u00f1o moderno\u2014 con detalles c\u00e1lidos como la madera envejecida y las vigas vistas.<\/p>\n<p class=\"paragraph\">En un rinc\u00f3n, un piano de cola completa este escenario que combina literatura, m\u00fasica y calma. Es f\u00e1cil imaginar al presentador escribiendo, leyendo o simplemente observando el horizonte en silencio.<\/p>\n<p><img alt=\"Casa de Risto Mejide en\" class=\"global-image\" decoding=\"async\" fetchpriority=\"low\" height=\"992\" loading=\"lazy\" src=\"https:\/\/www.europesays.com\/es\/wp-content\/uploads\/2025\/11\/5INZATFIXJB25LI75TRILSSH54.webp\" width=\"800\"\/>Casa de Risto Mejide en los Pirineos (@ristomejide).<\/p>\n<p class=\"paragraph\">La parcela, rodeada de c\u00e9sped y vegetaci\u00f3n natural, funciona como extensi\u00f3n de la casa. Varias terrazas equipadas con mobiliario de fibras naturales permiten disfrutar del aire libre en cualquier \u00e9poca del a\u00f1o. <b>Un comedor exterior, mesas de madera y zonas de descanso <\/b>convierten el jard\u00edn en un espacio funcional y vers\u00e1til.<\/p>\n<p class=\"paragraph\">Pero el gran protagonista es la piscina infinita. Situada en el l\u00edmite de la finca, crea la ilusi\u00f3n de que el agua se prolonga<a href=\"https:\/\/www.infobae.com\/espana\/2025\/06\/18\/risto-mejide-se-sincera-y-habla-de-su-vida-sentimental-poca-gente-sabe-que-estuve-casado-con-una-mujer-mayor-que-yo\/\" target=\"_blank\" rel=\"noreferrer nofollow noopener\" title=\"https:\/\/www.infobae.com\/espana\/2025\/06\/18\/risto-mejide-se-sincera-y-habla-de-su-vida-sentimental-poca-gente-sabe-que-estuve-casado-con-una-mujer-mayor-que-yo\/\"> hasta fundirse con las monta\u00f1as<\/a>. En verano, las tonalidades verdes del entorno resaltan a\u00fan m\u00e1s este efecto visual. En invierno, el contraste con la nieve genera una estampa casi cinematogr\u00e1fica.<\/p>\n<p><img alt=\"Casa de Risto Mejide en\" class=\"global-image\" decoding=\"async\" fetchpriority=\"low\" height=\"774\" loading=\"lazy\" src=\"https:\/\/www.europesays.com\/es\/wp-content\/uploads\/2025\/11\/J3O4ZGWCSVEXHHW6H3O65BAQC4.webp\" width=\"800\"\/>Casa de Risto Mejide en los Pirineos (@ristomejide).<\/p>\n","protected":false},"excerpt":{"rendered":"Casa de Risto Mejide en los Pirineos (@ristomejide). En la Cerdanya, donde los valles se encadenan y el&hellip;\n","protected":false},"author":2,"featured_media":253858,"comment_status":"","ping_status":"","sticky":false,"template":"","format":"standard","meta":{"footnotes":""},"categories":[173],"tags":[229,233,231,230,232,234,146,147,25,24,23],"class_list":{"0":"post-253857","1":"post","2":"type-post","3":"status-publish","4":"format-standard","5":"has-post-thumbnail","7":"category-arte-y-diseno","8":"tag-arte","9":"tag-arte-y-diseno","10":"tag-arts","11":"tag-arts-and-design","12":"tag-design","13":"tag-diseno","14":"tag-entertainment","15":"tag-entretenimiento","16":"tag-es","17":"tag-espana","18":"tag-spain"},"share_on_mastodon":{"url":"https:\/\/pubeurope.com\/@es\/115606703842832207","error":""},"_links":{"self":[{"href":"https:\/\/www.europesays.com\/es\/wp-json\/wp\/v2\/posts\/253857","targetHints":{"allow":["GET"]}}],"collection":[{"href":"https:\/\/www.europesays.com\/es\/wp-json\/wp\/v2\/posts"}],"about":[{"href":"https:\/\/www.europesays.com\/es\/wp-json\/wp\/v2\/types\/post"}],"author":[{"embeddable":true,"href":"https:\/\/www.europesays.com\/es\/wp-json\/wp\/v2\/users\/2"}],"replies":[{"embeddable":true,"href":"https:\/\/www.europesays.com\/es\/wp-json\/wp\/v2\/comments?post=253857"}],"version-history":[{"count":0,"href":"https:\/\/www.europesays.com\/es\/wp-json\/wp\/v2\/posts\/253857\/revisions"}],"wp:featuredmedia":[{"embeddable":true,"href":"https:\/\/www.europesays.com\/es\/wp-json\/wp\/v2\/media\/253858"}],"wp:attachment":[{"href":"https:\/\/www.europesays.com\/es\/wp-json\/wp\/v2\/media?parent=253857"}],"wp:term":[{"taxonomy":"category","embeddable":true,"href":"https:\/\/www.europesays.com\/es\/wp-json\/wp\/v2\/categories?post=253857"},{"taxonomy":"post_tag","embeddable":true,"href":"https:\/\/www.europesays.com\/es\/wp-json\/wp\/v2\/tags?post=253857"}],"curies":[{"name":"wp","href":"https:\/\/api.w.org\/{rel}","templated":true}]}}