{"id":253859,"date":"2025-11-24T21:05:16","date_gmt":"2025-11-24T21:05:16","guid":{"rendered":"https:\/\/www.europesays.com\/es\/253859\/"},"modified":"2025-11-24T21:05:16","modified_gmt":"2025-11-24T21:05:16","slug":"matara-curro-a-lorenzo-en-la-promesa-todas-las-miradas-puestas-en-el-capitulo-especial-del-miercoles-26-de-noviembre-en-tve","status":"publish","type":"post","link":"https:\/\/www.europesays.com\/es\/253859\/","title":{"rendered":"\u00bfMatar\u00e1 Curro a Lorenzo en &#8216;La Promesa&#8217;? Todas las miradas puestas en el cap\u00edtulo especial del mi\u00e9rcoles, 26 de noviembre en TVE"},"content":{"rendered":"\n<p> <a href=\"https:\/\/www.elconfidencial.com\/television\/series-tv\/2025-11-24\/la-promesa-avance-capitulo-722-lunes-24-noviembre_4253239\/\" target=\"_blank\" rel=\"nofollow noopener\"><strong>La Promesa<\/strong><\/a> afronta una de las semanas m\u00e1s decisivas de su historia. Lo que ocurra entre este lunes y el viernes en La 1 marcar\u00e1 para siempre el rumbo de la serie, pero ser\u00e1 el cap\u00edtulo 724 \u2014que se emitir\u00e1 el mi\u00e9rcoles\u2014 el que pueda cambiarlo todo con un giro tr\u00e1gico que TVE ya deja entrever en sus promociones.<strong> La posible muerte del capit\u00e1n Lorenzo, uno de los grandes villanos de la ficci\u00f3n, est\u00e1 sobre la mesa\u2026 <\/strong>y cada nueva pista apunta en esa direcci\u00f3n. <\/p>\n<p> La Corporaci\u00f3n ha preparado una semana centrada casi exclusivamente en la venganza de Curro, empujado al l\u00edmite tras meses de humillaciones, amenazas y abusos psicol\u00f3gicos por parte del capit\u00e1n. El joven lacayo da finalmente el paso que llevaba insinu\u00e1ndose desde hace semanas:<strong> secuestra a Lorenzo a punta de pistola y lo encierra en la habitaci\u00f3n secreta del palacio para obligarle a confesar<\/strong> todos sus cr\u00edmenes. <\/p>\n<p> El avance oficial de TVE para esta semana es claro: <\/p>\n<ul class=\"bodyList bodyList--unordered\">\n<li class=\"bodyList__item\">Lunes: Lorenzo vuelve a humillar a Curro, que estalla y se decide a vengarse.<\/li>\n<li class=\"bodyList__item\">Martes: el capit\u00e1n desaparece del palacio y Curro inicia oficialmente su secuestro.<\/li>\n<li class=\"bodyList__item\">Mi\u00e9rcoles: llega el enfrentamiento final: pistola en mano, acusaciones directas y una confesi\u00f3n que Curro pretende arrancar \u201ccomo sea\u201d.<\/li>\n<\/ul>\n<p> En este episodio, el lacayo le pone frente a frente con un pasado que Lorenzo ha intentado enterrar:<strong> la supuesta implicaci\u00f3n en la muerte de Jana, el tormento ejercido sobre Eugenia hasta llevarla al suicidio<\/strong> y su manipulaci\u00f3n emocional de \u00c1ngela para seguir destruyendo a Curro. <\/p>\n<p>                Lorenzo y Curro, en &#8216;La Promesa&#8217;. (TVE)           Un episodio sin precedentes que huele a despedida           <\/p>\n<p> El cap\u00edtulo 724 no es uno m\u00e1s: <strong>est\u00e1 concebido como un monogr\u00e1fico teatral entre Curro (Xavi Lock) y Lorenzo (Guillermo Serrano), rodado en un solo d\u00eda<\/strong>, en un \u00fanico decorado mutable y con secuencias que llegan a superar los 25 minutos sin corte. Una apuesta t\u00e9cnica y narrativa in\u00e9dita en la ficci\u00f3n diaria espa\u00f1ola. <\/p>\n<p> TVE lo vende como \u201c<strong>un episodio especial con un giro de los acontecimientos que nadie espera<\/strong>\u201d. Pero hay m\u00e1s pistas, porque las promos de TVE alimentan la sospecha y el actor que da vida a Lorenzo subi\u00f3 hace semanas unas misteriosas fotos a su cuenta de Instagram, lo cual pod\u00eda significar una despedida definitiva de la serie. <\/p>\n<p> Adem\u00e1s, el spot que la cadena lleva emitiendo desde finales de semana es especialmente elocuente: \u201c<strong>Quien juega sucio puede ser eliminado. El villano, fuera de juego<\/strong>\u201d, reza, elevando la expectaci\u00f3n al m\u00e1ximo. Un mensaje demasiado directo para no interpretarlo como un presagio: el gran antagonista del tramo actual de La Promesa podr\u00eda caer este mismo mi\u00e9rcoles. <\/p>\n<p> A ello se suma la intervenci\u00f3n del actor Guillermo Serrano en D Coraz\u00f3n este fin de semana. Sin poder desvelar nada concreto,<strong> adelant\u00f3 que lo que se ver\u00e1 esta semana es \u201cbrutal, impresionante\u201d, y que los fans \u201cno est\u00e1n preparados\u201d<\/strong>. Sus palabras, junto a su actividad reciente en redes sociales, han disparado todas las alarmas. <\/p>\n<p>                Lorenzo y Curro, en &#8216;La Promesa&#8217;. (TVE)           \u00bfMata Curro a Lorenzo? TVE juega al despiste            <\/p>\n<p> El guion juega deliberadamente con la ambig\u00fcedad, pero la acumulaci\u00f3n de se\u00f1ales narrativas \u2014venganza, pistola, sala cerrada, confesi\u00f3n imposible, tensi\u00f3n l\u00edmite\u2014, unida a la promoci\u00f3n, sugiere un escenario muy probable: <strong>Curro podr\u00eda matar accidentalmente (o no) a Lorenzo en el cl\u00edmax del cap\u00edtulo 724<\/strong>. <\/p>\n<blockquote class=\"twitter-tweet\">\n<p lang=\"es\" dir=\"ltr\">Curro y Lorenzo, al l\u00edmite ? \u00a1Pr\u00f3ximamente en <a href=\"https:\/\/twitter.com\/hashtag\/LaPromesa?src=hash&amp;ref_src=twsrc%5Etfw\" rel=\"nofollow noopener\" target=\"_blank\">#LaPromesa<\/a>! <a href=\"https:\/\/t.co\/BjQw2tfLdM\" rel=\"nofollow\">pic.twitter.com\/BjQw2tfLdM<\/a><\/p>\n<p>\u2014 La Promesa (@lapromesa_tve) <a href=\"https:\/\/twitter.com\/lapromesa_tve\/status\/1992677154321211879?ref_src=twsrc%5Etfw\" rel=\"nofollow noopener\" target=\"_blank\">November 23, 2025<\/a><\/p><\/blockquote>\n<p> Ser\u00eda, adem\u00e1s, la decisi\u00f3n l\u00f3gica de cara al final de temporada:  <\/p>\n<ul class=\"bodyList bodyList--unordered\">\n<li class=\"bodyList__item\">Resolver\u00eda por fin uno de los grandes enfrentamientos de la serie.<\/li>\n<li class=\"bodyList__item\">Liberar\u00eda a Curro emocionalmente\u2026 o hundir\u00eda a\u00fan m\u00e1s su arco en un drama judicial.<\/li>\n<li class=\"bodyList__item\">Sacudir\u00eda el palacio y abrir\u00eda nuevas tensiones de cara a la quinta temporada.<\/li>\n<\/ul>\n<p> La propia TVE adelanta que \u201c<strong>un tr\u00e1gico suceso cambiar\u00e1 la vida de los habitantes del palacio para siempre<\/strong>\u201d. Y, por el tono de los avances, todo apunta a que ese suceso es la salida definitiva del villano&#8230; \u00bfaunque quiz\u00e1 a manos de una tercera persona que entre a \u00faltima hora en la habitaci\u00f3n secreta? <\/p>\n<p>              <img decoding=\"async\" class=\"inTextNews__img\" alt=\"Foto: la-promesa-avance-semana-48-2025-tve1-bambu-producciones\" src=\"https:\/\/www.europesays.com\/es\/wp-content\/uploads\/2025\/11\/f.elconfidencial.com\/original\/627\/67b\/c31\/62767bc3192f0f8eef47de102a25986d.jpg\"  \/>     <\/p>\n<p>TE PUEDE INTERESAR<\/p>\n<p>      <a class=\"inTextNews__title\" href=\"https:\/\/www.elconfidencial.com\/television\/series-tv\/2025-11-24\/la-promesa-avance-semana-48-2025-tve1-bambu-producciones_4253261\/\" onclick=\"window.ECCO.emit(&#039;amplitude&#039;, { dataEventName: &#039;click_related_article_module&#039;, data: { related_article_url: &#039;https:\/\/www.elconfidencial.com\/television\/series-tv\/2025-11-24\/la-promesa-avance-semana-48-2025-tve1-bambu-producciones_4253261\/&#039;, related_article_author: &#039;Alberto Richart&#039;, related_article_section: &#039;series-tv&#039; } })\" rel=\"nofollow noopener\" target=\"_blank\"> Avance semanal de &#8216;La Promesa&#8217;: un cap\u00edtulo especial con un vengativo secuestro <\/a>   <\/p>\n<p>    A. Richart   <\/p>\n<p>           Mi\u00e9rcoles, el d\u00eda clave           <\/p>\n<p> La intenci\u00f3n de la cadena es evidente:<strong> elevar la tensi\u00f3n al m\u00e1ximo para convertir el mi\u00e9rcoles en el episodio m\u00e1s comentado de la serie este a\u00f1o<\/strong>. La Promesa, que se dirige al final de su cuarta temporada, se reserva su golpe m\u00e1s fuerte justo antes de iniciar el nuevo arco. <\/p>\n<p> Las preguntas que quedan en el aire y que la emisi\u00f3n deber\u00e1 resolver son claras: \u00bfConfesar\u00e1 Lorenzo alguno de sus cr\u00edmenes antes del final? \u00bfCurro ser\u00e1 capaz de apretar el gatillo\u2026 o ser\u00e1 un accidente? \u00bfHabr\u00e1 testigos, encubrimiento o juicio en el horizonte? \u00bfEstamos ante la despedida definitiva de Guillermo Serrano de la serie? TVE promete un cl\u00edmax trepidante, <strong>un duelo interpretativo de altura y uno de los cap\u00edtulos m\u00e1s ambiciosos jam\u00e1s rodados en esta ficci\u00f3n diaria<\/strong>. <\/p>\n<p> <a href=\"https:\/\/www.elconfidencial.com\/television\/series-tv\/2025-11-24\/la-promesa-avance-capitulo-722-lunes-24-noviembre_4253239\/\" target=\"_blank\" rel=\"nofollow noopener\"><strong>La Promesa<\/strong><\/a> afronta una de las semanas m\u00e1s decisivas de su historia. Lo que ocurra entre este lunes y el viernes en La 1 marcar\u00e1 para siempre el rumbo de la serie, pero ser\u00e1 el cap\u00edtulo 724 \u2014que se emitir\u00e1 el mi\u00e9rcoles\u2014 el que pueda cambiarlo todo con un giro tr\u00e1gico que TVE ya deja entrever en sus promociones.<strong> La posible muerte del capit\u00e1n Lorenzo, uno de los grandes villanos de la ficci\u00f3n, est\u00e1 sobre la mesa\u2026 <\/strong>y cada nueva pista apunta en esa direcci\u00f3n. <\/p>\n<p>              <script async src=\"https:\/\/platform.twitter.com\/widgets.js\" charset=\"utf-8\"><\/script><\/p>\n","protected":false},"excerpt":{"rendered":"La Promesa afronta una de las semanas m\u00e1s decisivas de su historia. Lo que ocurra entre este lunes&hellip;\n","protected":false},"author":2,"featured_media":253386,"comment_status":"","ping_status":"","sticky":false,"template":"","format":"standard","meta":{"footnotes":""},"categories":[171],"tags":[146,147,25,24,23,214],"class_list":{"0":"post-253859","1":"post","2":"type-post","3":"status-publish","4":"format-standard","5":"has-post-thumbnail","7":"category-tv","8":"tag-entertainment","9":"tag-entretenimiento","10":"tag-es","11":"tag-espana","12":"tag-spain","13":"tag-tv"},"share_on_mastodon":{"url":"https:\/\/pubeurope.com\/@es\/115606711743731922","error":""},"_links":{"self":[{"href":"https:\/\/www.europesays.com\/es\/wp-json\/wp\/v2\/posts\/253859","targetHints":{"allow":["GET"]}}],"collection":[{"href":"https:\/\/www.europesays.com\/es\/wp-json\/wp\/v2\/posts"}],"about":[{"href":"https:\/\/www.europesays.com\/es\/wp-json\/wp\/v2\/types\/post"}],"author":[{"embeddable":true,"href":"https:\/\/www.europesays.com\/es\/wp-json\/wp\/v2\/users\/2"}],"replies":[{"embeddable":true,"href":"https:\/\/www.europesays.com\/es\/wp-json\/wp\/v2\/comments?post=253859"}],"version-history":[{"count":0,"href":"https:\/\/www.europesays.com\/es\/wp-json\/wp\/v2\/posts\/253859\/revisions"}],"wp:featuredmedia":[{"embeddable":true,"href":"https:\/\/www.europesays.com\/es\/wp-json\/wp\/v2\/media\/253386"}],"wp:attachment":[{"href":"https:\/\/www.europesays.com\/es\/wp-json\/wp\/v2\/media?parent=253859"}],"wp:term":[{"taxonomy":"category","embeddable":true,"href":"https:\/\/www.europesays.com\/es\/wp-json\/wp\/v2\/categories?post=253859"},{"taxonomy":"post_tag","embeddable":true,"href":"https:\/\/www.europesays.com\/es\/wp-json\/wp\/v2\/tags?post=253859"}],"curies":[{"name":"wp","href":"https:\/\/api.w.org\/{rel}","templated":true}]}}