{"id":253860,"date":"2025-11-24T21:06:10","date_gmt":"2025-11-24T21:06:10","guid":{"rendered":"https:\/\/www.europesays.com\/es\/253860\/"},"modified":"2025-11-24T21:06:10","modified_gmt":"2025-11-24T21:06:10","slug":"premio-ratzinger-2025-es-otorgado-al-director-de-orquesta-riccardo-muti","status":"publish","type":"post","link":"https:\/\/www.europesays.com\/es\/253860\/","title":{"rendered":"Premio Ratzinger 2025 es otorgado al director de orquesta Riccardo Muti"},"content":{"rendered":"<p>                              <a href=\"https:\/\/www.aciprensa.com\/autor\/247\/victoria-cardiel\" rel=\"nofollow noopener\" target=\"_blank\"><br \/>\n                  <img loading=\"lazy\" decoding=\"async\" alt=\"Victoria Cardiel\" class=\"author-image m-0 mr-4\" height=\"48\" src=\"https:\/\/www.europesays.com\/es\/wp-content\/uploads\/2025\/11\/victoria-cardiel.jpg\" width=\"48\"\/><br \/>\n                <\/a><\/p>\n<p> Por<br \/>\n                                  <a href=\"https:\/\/www.aciprensa.com\/autor\/247\/victoria-cardiel\" rel=\"nofollow noopener\" target=\"_blank\">Victoria Cardiel<\/a>\n                                <\/p>\n<p class=\"post-info date-author\">\n                                  24 de noviembre de 2025<br \/>08:36 a. m.\n                              <\/p>\n<p class=\"post-info date-author-mobile\">\n                  Nov. 24, 2025<br \/>08:36 a. m.\n                <\/p>\n<p>La Fundaci\u00f3n Vaticana Joseph Ratzinger \u2013 Benedicto XVI anunci\u00f3 que el Papa Le\u00f3n XIV aprob\u00f3 la entrega del Premio Ratzinger 2025 al reconocido director de orquesta italiano Riccardo Muti, una de las figuras m\u00e1s influyentes y respetadas de la m\u00fasica internacional.<\/p>\n<p>La entrega del galard\u00f3n, que contar\u00e1 con la presencia del Pont\u00edfice, se llevar\u00e1 a cabo el pr\u00f3ximo 12 de diciembre durante un concierto de Navidad que el maestro italiano dirigir\u00e1 en el Aula Pablo VI del Vaticano.<\/p>\n<p>\tRecibe las principales noticias de ACI Prensa por WhatsApp y Telegram<\/p>\n<p class=\"box-desc\">Cada vez es m\u00e1s dif\u00edcil ver noticias cat\u00f3licas en las redes sociales. Suscr\u00edbete a nuestros canales gratuitos hoy:<\/p>\n<p>Reconocido por la profundidad expresiva con la que interpreta las partituras, Muti ha sido tambi\u00e9n admirado por Benedicto XVI, quien m\u00e1s all\u00e1 de su profunda erudici\u00f3n teol\u00f3gica, fue un gran amante y conocedor de la m\u00fasica cl\u00e1sica. El Pont\u00edfice alem\u00e1n era un fervoroso admirador del talento de Muti a quien atribu\u00eda un valor espiritual y cultural excepcional.<\/p>\n<p>El Maestro ha correspondido a esta estima con repetidas muestras de afecto y atenci\u00f3n, incluso despu\u00e9s de renunciar al papado en febrero del 2012, cuando\u00a0 se traslad\u00f3 al Monasterio \u201cMater Ecclesiae\u201d para vivir en oraci\u00f3n y retiro.<\/p>\n<p>Al conocer la concesi\u00f3n del premio, Muti manifest\u00f3 su emoci\u00f3n con estas palabras:<\/p>\n<p>\u201cSiempre he seguido y admirado profundamente al Papa Benedicto XVI, cuyos pensamientos, reflexiones y meditaciones han sido y ser\u00e1n un alimento para los hombres y mujeres de buena voluntad\u201d, afirm\u00f3, seg\u00fan el comunicado distribuido por la Fundaci\u00f3n Vaticana Joseph Ratzinger<\/p>\n<p>La m\u00fasica cl\u00e1sica fue de este modo un v\u00ednculo de profunda amistad y sinton\u00eda cultural y espiritual entre el Papa em\u00e9rito y el maestro Muti. La entrega del Premio Ratzinger 2025 no solo celebrar\u00e1 los m\u00e9ritos art\u00edsticos del maestro, sino que ser\u00e1 tambi\u00e9n un homenaje a esta relaci\u00f3n de admiraci\u00f3n mutua y respeto profundo.<\/p>\n<p>Riccardo Muti, nacido en 1941 en N\u00e1poles, inici\u00f3 su carrera musical como pianista y director de coros, hasta convertirse en uno de los directores m\u00e1s prestigiosos del mundo.\u00a0<\/p>\n<p>Ha dirigido algunas de las orquestas m\u00e1s importantes, como la Orquesta Filarm\u00f3nica de Nueva York, la Filarm\u00f3nica de Viena y el Teatro alla Scala de Mil\u00e1n, donde ha dejado una huella imborrable gracias a su virtuosismo y compromiso con la interpretaci\u00f3n fiel de la m\u00fasica cl\u00e1sica. A lo largo de su carrera ha recibido m\u00faltiples reconocimientos internacionales, consolidando su reputaci\u00f3n como maestro del repertorio sinf\u00f3nico y oper\u00edstico.<\/p>\n<p>El Premio Ratzinger, creado en 2011, se concede anualmente a propuesta del Comit\u00e9 Cient\u00edfico de la Fundaci\u00f3n y con la aprobaci\u00f3n del Papa, reconociendo a personalidades destacadas en la cultura y el arte cristianamente inspirado. Entre los galardonados anteriores se encuentran te\u00f3logos, biblistas, fil\u00f3sofos, juristas y artistas de distintos continentes y confesiones religiosas.<\/p>\n<p><strong>Nota del editor:<\/strong> El texto del art\u00edculo indicaba originalmente que Riccardo Muti naci\u00f3 en 1928. La informaci\u00f3n ha sido corregida.<\/p>\n<p>                    <a href=\"https:\/\/www.aciprensa.com\/autor\/247\/victoria-cardiel\" rel=\"nofollow noopener\" target=\"_blank\"><br \/>\n                      <img decoding=\"async\" alt=\"Victoria Cardiel\" src=\"https:\/\/www.europesays.com\/es\/wp-content\/uploads\/2025\/11\/1764018370_610_victoria-cardiel.jpg\"\/><br \/>\n                    <\/a><\/p>\n<p>\n                    <b>Victoria Cardiel<\/b> <br \/>Victoria Cardiel es periodista especializada en temas de informaci\u00f3n social y religiosa. Desde el 2013, ha cubierto toda la actualidad del Vaticano para diversos medios, como la agencia de noticias espa\u00f1ola Europa Press, o el semanario de la Archidi\u00f3cesis de Madrid, Alfa y Omega.\n                  <\/p>\n","protected":false},"excerpt":{"rendered":"Por Victoria Cardiel 24 de noviembre de 202508:36 a. m. Nov. 24, 202508:36 a. m. La Fundaci\u00f3n Vaticana&hellip;\n","protected":false},"author":2,"featured_media":253861,"comment_status":"","ping_status":"","sticky":false,"template":"","format":"standard","meta":{"footnotes":""},"categories":[170],"tags":[64043,146,147,25,24,184,185,8388,35221,11249,23,403],"class_list":{"0":"post-253860","1":"post","2":"type-post","3":"status-publish","4":"format-standard","5":"has-post-thumbnail","7":"category-musica","8":"tag-benedicto-xvi","9":"tag-entertainment","10":"tag-entretenimiento","11":"tag-es","12":"tag-espana","13":"tag-music","14":"tag-musica","15":"tag-noticias-catolicas","16":"tag-orquesta","17":"tag-premio-a-catolicos","18":"tag-spain","19":"tag-vaticano"},"share_on_mastodon":{"url":"https:\/\/pubeurope.com\/@es\/115606715842513194","error":""},"_links":{"self":[{"href":"https:\/\/www.europesays.com\/es\/wp-json\/wp\/v2\/posts\/253860","targetHints":{"allow":["GET"]}}],"collection":[{"href":"https:\/\/www.europesays.com\/es\/wp-json\/wp\/v2\/posts"}],"about":[{"href":"https:\/\/www.europesays.com\/es\/wp-json\/wp\/v2\/types\/post"}],"author":[{"embeddable":true,"href":"https:\/\/www.europesays.com\/es\/wp-json\/wp\/v2\/users\/2"}],"replies":[{"embeddable":true,"href":"https:\/\/www.europesays.com\/es\/wp-json\/wp\/v2\/comments?post=253860"}],"version-history":[{"count":0,"href":"https:\/\/www.europesays.com\/es\/wp-json\/wp\/v2\/posts\/253860\/revisions"}],"wp:featuredmedia":[{"embeddable":true,"href":"https:\/\/www.europesays.com\/es\/wp-json\/wp\/v2\/media\/253861"}],"wp:attachment":[{"href":"https:\/\/www.europesays.com\/es\/wp-json\/wp\/v2\/media?parent=253860"}],"wp:term":[{"taxonomy":"category","embeddable":true,"href":"https:\/\/www.europesays.com\/es\/wp-json\/wp\/v2\/categories?post=253860"},{"taxonomy":"post_tag","embeddable":true,"href":"https:\/\/www.europesays.com\/es\/wp-json\/wp\/v2\/tags?post=253860"}],"curies":[{"name":"wp","href":"https:\/\/api.w.org\/{rel}","templated":true}]}}