{"id":253864,"date":"2025-11-24T21:08:08","date_gmt":"2025-11-24T21:08:08","guid":{"rendered":"https:\/\/www.europesays.com\/es\/253864\/"},"modified":"2025-11-24T21:08:08","modified_gmt":"2025-11-24T21:08:08","slug":"el-barcelona-se-lia-con-los-lesionados-no-estoy-enfadado-con-los-medicos-dice-hansi-flick-futbol-deportes","status":"publish","type":"post","link":"https:\/\/www.europesays.com\/es\/253864\/","title":{"rendered":"El Barcelona se l\u00eda con los lesionados. \u201cNo estoy enfadado con los m\u00e9dicos\u201d, dice Hansi Flick | F\u00fatbol | Deportes"},"content":{"rendered":"<p class=\"\"><a href=\"https:\/\/elpais.com\/deportes\/futbol\/2025-11-17\/el-barcelona-vuelve-al-camp-nou-ante-el-athletic-este-sabado-tras-mas-de-dos-anos-y-medio-fuera-de-su-estadio.html#?rel=mas_sumario\" target=\"_blank\" rel=\"noreferrer nofollow noopener\" title=\"https:\/\/elpais.com\/deportes\/futbol\/2025-11-17\/el-barcelona-vuelve-al-camp-nou-ante-el-athletic-este-sabado-tras-mas-de-dos-anos-y-medio-fuera-de-su-estadio.html#?rel=mas_sumario\">La temporada del Barcelona<\/a> ha comenzado marcada por la fragilidad f\u00edsica de sus jugadores. A pesar de la renovaci\u00f3n del equipo de preparaci\u00f3n f\u00edsica el curso pasado, con Julio Tous a la cabeza, las lesiones se han multiplicado y, como consecuencia, los reproches han emergido desde el vestuario. Seg\u00fan inform\u00f3 The Athletic y confirm\u00f3 EL PA\u00cdS, Lamine Yamal se quej\u00f3 de los ejercicios de readaptaci\u00f3n. De hecho, pidi\u00f3 evitar pasar por el equipo de trabajo de Tous. No fue el \u00fanico que protest\u00f3: Ferran Torres tuvo que ser convocado ante el Olympiacos para despu\u00e9s no jugar ni un minuto por discrepancias entre el cuerpo m\u00e9dico y el de fisioterapeutas; Alejandro Balde sufri\u00f3 un accidente con un aparato del gimnasio; Raphinha prolong\u00f3 su recuperaci\u00f3n hasta perderse el Cl\u00e1sico.<\/p>\n<p>M\u00e1s informaci\u00f3n<\/p>\n<p class=\"\">Desde la pretemporada, 12 jugadores han sufrido 13 lesiones, algunas por mala suerte, otras durante compromisos internacionales, pero tambi\u00e9n est\u00e1n las condicionadas por errores en la recuperaci\u00f3n. <a href=\"https:\/\/elpais.com\/deportes\/futbol\/2025-11-11\/la-reivindicacion-de-robert-lewandowski-tras-su-triplete-en-balaidos-los-mismos-goles-que-ferran-con-un-tercio-de-minutos-menos.html\" target=\"_blank\" rel=\"noreferrer nofollow noopener\" title=\"https:\/\/elpais.com\/deportes\/futbol\/2025-11-11\/la-reivindicacion-de-robert-lewandowski-tras-su-triplete-en-balaidos-los-mismos-goles-que-ferran-con-un-tercio-de-minutos-menos.html\">Hansi Flick no quiso individualizar responsabilidades y habl\u00f3 del colectivo<\/a>: \u201cNo estoy enfadado con los m\u00e9dicos. Tenemos un equipo m\u00e9dico incre\u00edble. Con Raphinha, hemos cometido alg\u00fan error. Todos los cometemos. Ellos, tambi\u00e9n. Somos humanos. Creemos en todos, en nuestro personal\u201d. Raphinha fue un paso m\u00e1s all\u00e1 y se culp\u00f3: \u201cAsumo la responsabilidad de las dos por querer estar r\u00e1pido con el equipo. Me he equivocado y por eso las reca\u00eddas\u201d. En el club, en cualquier caso, reconocen tensiones internas y divisiones en el cuerpo m\u00e9dico.<\/p>\n<p class=\"\">\u201cLo pas\u00e9 muy mal. Fueron momentos complicados. Siempre quiero estar en el campo, ayudando y jugando los m\u00e1ximos minutos. Fueron momentos complicados para m\u00ed. Volver tras dos meses implica que necesito ritmo de juego\u201d, insisti\u00f3 Raphinha. La ausencia del brasile\u00f1o condicion\u00f3 el ataque del Barcelona \u201434 goles y 26 asistencias el curso pasado\u2014, pero la defensa. Sin el 11, el cuadro azulgrana se descoordina en la presi\u00f3n. \u201cCreo que yo les he echado m\u00e1s de menos a ellos que ellos a m\u00ed. Busco dar lo mejor. Ofensivo y defensivo. Soy el pesado del equipo, estoy muy encima de los chicos. Soy as\u00ed. Los que est\u00e1n en el campo es porque tienen calidad. Intento ayudar. Si doy lo mejor, puedo exigir m\u00e1s al equipo y por eso intento dar lo mejor\u201d, expuso el brasile\u00f1o.<\/p>\n<p class=\"\">El s\u00e1bado Raphinha volvi\u00f3 a jugar frente al Athletic y este martes volver\u00e1 a acumular minutos ante el Chelsea (21.00 horas, Movistar). En principio, en cualquier caso, comenzar\u00e1 el duelo en el banquillo. \u201cNuestro objetivo es llegar a octavos. Pero sabemos que no es f\u00e1cil, nada f\u00e1cil. Lo importante es dar el m\u00e1ximo, es la Champions. Y jugamos contra el Chelsea\u201d, dijo Flick. Y Raphinha concluy\u00f3: \u201cSiempre lo he dicho, el objetivo principal debe ser la Champions. Lo es desde que llegu\u00e9. El a\u00f1o pasado no estuvimos en la final por poco, y este a\u00f1o veo al equipo m\u00e1s maduro. Es una competici\u00f3n muy complicada. Haremos lo mejor para estar en la final y ganarla\u201d<\/p>\n","protected":false},"excerpt":{"rendered":"La temporada del Barcelona ha comenzado marcada por la fragilidad f\u00edsica de sus jugadores. A pesar de la&hellip;\n","protected":false},"author":2,"featured_media":253865,"comment_status":"","ping_status":"","sticky":false,"template":"","format":"standard","meta":{"footnotes":""},"categories":[93],"tags":[2015,1540,168,1539,25,24,881,4970,282,1538,8138,11679,23,167,17500],"class_list":{"0":"post-253864","1":"post","2":"type-post","3":"status-publish","4":"format-standard","5":"has-post-thumbnail","7":"category-deportes","8":"tag-chelsea-fc","9":"tag-competiciones","10":"tag-deportes","11":"tag-entrenadores","12":"tag-es","13":"tag-espana","14":"tag-fc-barcelona","15":"tag-flick","16":"tag-futbol","17":"tag-futbolistas","18":"tag-lamine-yamal","19":"tag-raphinha","20":"tag-spain","21":"tag-sports","22":"tag-uefa-champions-league"},"share_on_mastodon":{"url":"https:\/\/pubeurope.com\/@es\/115606723270136799","error":""},"_links":{"self":[{"href":"https:\/\/www.europesays.com\/es\/wp-json\/wp\/v2\/posts\/253864","targetHints":{"allow":["GET"]}}],"collection":[{"href":"https:\/\/www.europesays.com\/es\/wp-json\/wp\/v2\/posts"}],"about":[{"href":"https:\/\/www.europesays.com\/es\/wp-json\/wp\/v2\/types\/post"}],"author":[{"embeddable":true,"href":"https:\/\/www.europesays.com\/es\/wp-json\/wp\/v2\/users\/2"}],"replies":[{"embeddable":true,"href":"https:\/\/www.europesays.com\/es\/wp-json\/wp\/v2\/comments?post=253864"}],"version-history":[{"count":0,"href":"https:\/\/www.europesays.com\/es\/wp-json\/wp\/v2\/posts\/253864\/revisions"}],"wp:featuredmedia":[{"embeddable":true,"href":"https:\/\/www.europesays.com\/es\/wp-json\/wp\/v2\/media\/253865"}],"wp:attachment":[{"href":"https:\/\/www.europesays.com\/es\/wp-json\/wp\/v2\/media?parent=253864"}],"wp:term":[{"taxonomy":"category","embeddable":true,"href":"https:\/\/www.europesays.com\/es\/wp-json\/wp\/v2\/categories?post=253864"},{"taxonomy":"post_tag","embeddable":true,"href":"https:\/\/www.europesays.com\/es\/wp-json\/wp\/v2\/tags?post=253864"}],"curies":[{"name":"wp","href":"https:\/\/api.w.org\/{rel}","templated":true}]}}