{"id":253868,"date":"2025-11-24T21:10:12","date_gmt":"2025-11-24T21:10:12","guid":{"rendered":"https:\/\/www.europesays.com\/es\/253868\/"},"modified":"2025-11-24T21:10:12","modified_gmt":"2025-11-24T21:10:12","slug":"javier-calvo-se-sincera-y-sale-al-paso-de-los-rumores-tras-su-ruptura-con-javier-ambrossi-estoy-abierto-al-amor","status":"publish","type":"post","link":"https:\/\/www.europesays.com\/es\/253868\/","title":{"rendered":"Javier Calvo se sincera y sale al paso de los rumores tras su ruptura con Javier Ambrossi: \u201cEstoy abierto al amor\u201d"},"content":{"rendered":"<p class=\"\">En las \u00faltimas semanas, los nombres de <b>Javier Calvo y Javier Ambrossi<\/b>, conocidos com\u00fanmente como \u2018Los Javis\u2019, han copado multitud de portadas dentro del \u00e1mbito medi\u00e1tico despu\u00e9s de hacerse p\u00fablica <b>su ruptura tras m\u00e1s de 13 a\u00f1os de relaci\u00f3n<\/b>, y despu\u00e9s de varias semanas marcadas por <b>rumores y especulaciones<\/b> en torno a su amor\u00edo.<\/p>\n<p class=\"\">Durante el d\u00eda de hoy, <b>Javier Calvo se ha pronunciado al respecto<\/b>. El guionista y productor nacido en Murcia ha atendido a los medios de comunicaci\u00f3n en el aeropuerto Adolfo Su\u00e1rez de Madrid, se ha sincerado y ha hablado sobre su <b>relaci\u00f3n actual con Javier Calvo, el estado en el que encuentra su coraz\u00f3n\u2026 Y ha aprovechado para desmentir alg\u00fan que otro rumor<\/b> relacionado con su vida sentimental.<\/p>\n<blockquote class=\"tiktok-embed\" cite=\"https:\/\/www.tiktok.com\/@europapress\/video\/7576317326132284694\" data-video-id=\"7576317326132284694\" data-embed-from=\"oembed\" style=\"max-width:605px; min-width:325px;\"><p>  <a target=\"_blank\" title=\"@europapress\" href=\"https:\/\/www.tiktok.com\/@europapress?refer=embed\" rel=\"nofollow noopener\">@europapress<\/a> <\/p>\n<p>Semanas despu\u00e9s de salir a la luz su separaci\u00f3n de Javier Ambrossi, Javier Calvo se pronuncia por fin ante las c\u00e1maras y pone orden al aluvi\u00f3n de rumores que rodean su vida personal. La ruptura de la pareja creativa m\u00e1s medi\u00e1tica del audiovisual espa\u00f1ol sigue generando inter\u00e9s, mientras se especula con terceros, posibles nuevas relaciones y hasta con el futuro de la casa que compart\u00edan. Lejos de cerrarse, asegura que mantiene la puerta abierta a lo sentimental: \u00abHombre, pues claro, siempre hay que estar abierto al amor. Siempre. Gracias, amores\u00bb. En ese contexto, aborda los rumores que le relacionan con Guitarricadelafuente y encuadra su v\u00ednculo en el plano profesional y afectivo: \u00abPero si llevo no s\u00e9 cu\u00e1ntos meses rodando con \u00c1lvaro. Es una de las personas m\u00e1s incre\u00edbles que conozco. Su novio es incre\u00edble. Somos amigu\u00edsimos, somos hermanos, somos familia. Es mi hermano. Es una de las personas m\u00e1s importantes de mi a\u00f1o. Hemos vivido una experiencia incre\u00edble juntos. <a title=\"losjavis\" target=\"_blank\" href=\"https:\/\/www.tiktok.com\/tag\/losjavis?refer=embed\" rel=\"nofollow noopener\">#losjavis<\/a> <a title=\"javiercalvo\" target=\"_blank\" href=\"https:\/\/www.tiktok.com\/tag\/javiercalvo?refer=embed\" rel=\"nofollow noopener\">#javiercalvo<\/a> <a title=\"javiambrossi\" target=\"_blank\" href=\"https:\/\/www.tiktok.com\/tag\/javiambrossi?refer=embed\" rel=\"nofollow noopener\">#javiambrossi<\/a> <a title=\"guitarricadelafuente\" target=\"_blank\" href=\"https:\/\/www.tiktok.com\/tag\/guitarricadelafuente?refer=embed\" rel=\"nofollow noopener\">#guitarricadelafuente<\/a> <a title=\"yenesi\" target=\"_blank\" href=\"https:\/\/www.tiktok.com\/tag\/yenesi?refer=embed\" rel=\"nofollow noopener\">#yenesi<\/a><\/p>\n<p> <a target=\"_blank\" title=\"\u266c sonido original - Europa Press - Europa Press\" href=\"https:\/\/www.tiktok.com\/music\/sonido-original-Europa-Press-7576317357208603414?refer=embed\" rel=\"nofollow noopener\">\u266c sonido original &#8211; Europa Press &#8211; Europa Press<\/a>  <\/p><\/blockquote>\n<p class=\"\"><b>\u201cSomos mejores amigos, lo \u00e9ramos antes de estar juntos y lo seguimos siendo. Es la persona m\u00e1s importante de mi vida\u201d<\/b>, ha comenzado, respondiendo a la pregunta del mill\u00f3n: c\u00f3mo es su relaci\u00f3n actual con la otra mitad de \u2018Los Javis\u2019. <b>\u201cSomos amigos, somos un grupo de amigos y lo vamos a seguir siendo\u201d<\/b>, ha insistido.<\/p>\n<p>\u00bfJavier Calvo est\u00e1 abierto a encontrar el amor?<\/p>\n<p class=\"\">A continuaci\u00f3n, el murciano ha asegurado estar abierto a encontrar el amor y ha salido al paso de los rumores que lo relacionaban con el cantante GuitarricadelaFuente: <b>\u201cSiempre hay que estar abierto al amor. (&#8230;) Llevo no s\u00e9 cu\u00e1ntos meses rodando con \u00c1lvaro <\/b>(GuitarricadelaFuente)<b> Es una de las personas m\u00e1s incre\u00edbles que conozco. Su novio es incre\u00edble\u201d,<\/b> ha afirmado.<\/p>\n<p>Noticias relacionadas<a href=\"https:\/\/as.com\/tikitakas\/famosos\/chef-jordi-cruz-por-que-no-podemos-hacer-las-cosas-como-hace-tres-anos-antes-valia-con-pagar-bien-ahora-quieren-mas-tiempo-libre-f202511-n\/\" class=\"s_m_w\" title=\"En su visita a \u2018Se me antoja\u2019, el chef catal\u00e1n habl\u00f3 sobre la situaci\u00f3n actual de la cocina y de las nuevas generaciones que est\u00e1n aterrizando en ella.\" data-tb-link=\"\" rel=\"nofollow noopener\" target=\"_blank\"><img decoding=\"async\" src=\"https:\/\/www.europesays.com\/es\/wp-content\/uploads\/2025\/11\/JTZSFXQHKZAK5I4X26C6N4IQOY.jpg\" alt=\"Chef Jordi Cruz: \u201c\u00bfPor qu\u00e9 no podemos hacer las cosas como hace tres a\u00f1os? Antes val\u00eda con pagar bien, ahora quieren m\u00e1s tiempo libre\u201d\" class=\"\" height=\"9\" width=\"16\"   loading=\"lazy\" data-tb-thumbnail=\"\"\/><\/a><a href=\"https:\/\/as.com\/tikitakas\/famosos\/la-emotiva-carta-de-despedida-de-sergio-peris-mencheta-a-veronica-echegui-jugaba-en-otra-liga-f202511-n\/\" class=\"s_m_w\" title=\"El actor y director ha publicado una tierna carta para la int\u00e9rprete a trav\u00e9s de su cuenta de Instagram: \u201cComo si ya supiera que ser\u00eda una estrella fugaz\u201d.\" data-tb-link=\"\" rel=\"nofollow noopener\" target=\"_blank\"><img decoding=\"async\" src=\"https:\/\/www.europesays.com\/es\/wp-content\/uploads\/2025\/11\/NKL5Z7XZXVB6HHAVHKB5UBVNGQ.png\" alt=\"La emotiva carta de despedida de Sergio Peris-Mencheta a Ver\u00f3nica Echegui: \u201cJugaba en otra liga\u201d\" class=\"\" height=\"9\" width=\"16\"   loading=\"lazy\" data-tb-thumbnail=\"\"\/><\/a><\/p>\n<p class=\"\">Para terminar, Javier Calvo se ha deshecho en elogios hacia GuitarricadelaFuente:<b> \u201cSomos hermanos, somos amigos y somos familia. Es una de las personas m\u00e1s importantes de mi a\u00f1o, hemos rodado la pel\u00edcula m\u00e1s bonita que hemos rodado nunca\u201d<\/b>, ha concluido.<\/p>\n<p class=\"\"><b>\u00a1Tus opiniones importan!<\/b> Comenta en los art\u00edculos y suscr\u00edbete gratis a nuestra <a href=\"https:\/\/asfan.as.com\/newsletters\/\" target=\"_blank\" rel=\"nofollow noopener\" title=\"https:\/\/asfan.as.com\/newsletters\/\">newsletter<\/a> y a las alertas informativas en la <a href=\"https:\/\/as.com\/aplicacion-de-as-n\/\" target=\"_blank\" rel=\"nofollow noopener\" title=\"https:\/\/as.com\/aplicacion-de-as-n\/\">App<\/a> o el canal de <a href=\"https:\/\/www.whatsapp.com\/channel\/0029VaAasdA7j6g745nz9M10\" target=\"_blank\" rel=\"nofollow noopener\" title=\"https:\/\/www.whatsapp.com\/channel\/0029VaAasdA7j6g745nz9M10\">WhatsApp<\/a>. \u00bfBuscas licenciar contenido? Haz clic <a href=\"https:\/\/profesional.elpais.com\/soluciones-sindicacion?utm_medium=interno&amp;utm_source=crosslinking&amp;utm_campaign=sindicacion_as_pie_articulos\" target=\"_blank\" rel=\"nofollow noopener\" title=\"https:\/\/profesional.elpais.com\/soluciones-sindicacion?utm_medium=interno&amp;utm_source=crosslinking&amp;utm_campaign=sindicacion_as_pie_articulos\">aqu\u00ed<\/a><\/p>\n<p><script async src=\"\/\/www.tiktok.com\/embed.js\"><\/script><\/p>\n","protected":false},"excerpt":{"rendered":"En las \u00faltimas semanas, los nombres de Javier Calvo y Javier Ambrossi, conocidos com\u00fanmente como \u2018Los Javis\u2019, han&hellip;\n","protected":false},"author":2,"featured_media":244418,"comment_status":"","ping_status":"","sticky":false,"template":"","format":"standard","meta":{"footnotes":""},"categories":[91],"tags":[146,147,25,24,23],"class_list":{"0":"post-253868","1":"post","2":"type-post","3":"status-publish","4":"format-standard","5":"has-post-thumbnail","7":"category-entretenimiento","8":"tag-entertainment","9":"tag-entretenimiento","10":"tag-es","11":"tag-espana","12":"tag-spain"},"share_on_mastodon":{"url":"https:\/\/pubeurope.com\/@es\/115606731953829175","error":""},"_links":{"self":[{"href":"https:\/\/www.europesays.com\/es\/wp-json\/wp\/v2\/posts\/253868","targetHints":{"allow":["GET"]}}],"collection":[{"href":"https:\/\/www.europesays.com\/es\/wp-json\/wp\/v2\/posts"}],"about":[{"href":"https:\/\/www.europesays.com\/es\/wp-json\/wp\/v2\/types\/post"}],"author":[{"embeddable":true,"href":"https:\/\/www.europesays.com\/es\/wp-json\/wp\/v2\/users\/2"}],"replies":[{"embeddable":true,"href":"https:\/\/www.europesays.com\/es\/wp-json\/wp\/v2\/comments?post=253868"}],"version-history":[{"count":0,"href":"https:\/\/www.europesays.com\/es\/wp-json\/wp\/v2\/posts\/253868\/revisions"}],"wp:featuredmedia":[{"embeddable":true,"href":"https:\/\/www.europesays.com\/es\/wp-json\/wp\/v2\/media\/244418"}],"wp:attachment":[{"href":"https:\/\/www.europesays.com\/es\/wp-json\/wp\/v2\/media?parent=253868"}],"wp:term":[{"taxonomy":"category","embeddable":true,"href":"https:\/\/www.europesays.com\/es\/wp-json\/wp\/v2\/categories?post=253868"},{"taxonomy":"post_tag","embeddable":true,"href":"https:\/\/www.europesays.com\/es\/wp-json\/wp\/v2\/tags?post=253868"}],"curies":[{"name":"wp","href":"https:\/\/api.w.org\/{rel}","templated":true}]}}