{"id":253874,"date":"2025-11-24T21:14:09","date_gmt":"2025-11-24T21:14:09","guid":{"rendered":"https:\/\/www.europesays.com\/es\/253874\/"},"modified":"2025-11-24T21:14:09","modified_gmt":"2025-11-24T21:14:09","slug":"sevilla-se-llenara-de-zambombas-gratuitas-esta-navidad-estas-son-las-fechas-y-los-horarios-abc","status":"publish","type":"post","link":"https:\/\/www.europesays.com\/es\/253874\/","title":{"rendered":"Sevilla se llenar\u00e1 de zambombas gratuitas esta Navidad: estas son las fechas y los horarios &#8211; ABC"},"content":{"rendered":"<ol>\n<li><a href=\"https:\/\/news.google.com\/rss\/articles\/CBMixwFBVV95cUxNbW1Bc1BQXzA0RGIwX09xV2dCVlUyRDJHYlpqVjVHY0JPSUdhUGY2Y0l2N2dsMlU0Y3lFRjRKYlpyUnRkVVQ2bDBIZ3dmTTZ5cUJxUGRtaVdCY1FNNFJCaTRzLURJYnJlYnBGMDlfZUhCRFo2dG1BdEdCcEVIU1RQV1VPUUhzci1SekVsZV9LVF9wWUFaZzFjUDJ1SlJEZ3dCX1lCYl9HS1YySWVTakxheXpUenc3QjJJMHlYTXFBVHJ6aGNIWTNR0gHMAUFVX3lxTFA1aGVXZG5UeV9BQW80SGFlQ0lBRTVPNy1QQU45WmRBQXpzcURGOXdaa1NoMU5VaDUtcGZsUmhQaXQ5QnhQLXg1Rm5hMVNGOEhMX0U3Sy1DNHI2ZlBiQV9PakVnQzVzZDNobG52ZjkyX2E1X0VhMnhvMHZfQmJpZk91Tks0YUdQNWVwUktjZm9ydTdBc3lUTkJBVU5jRzBDaTlsd3RlVTljV1hFNXZzNTFCLWdfUzlYanpXcGNOT1NrXzFKYzBiS2hFSXdJTg?oc=5\" target=\"_blank\" rel=\"nofollow noopener\">Sevilla se llenar\u00e1 de zambombas gratuitas esta Navidad: estas son las fechas y los horarios<\/a>&nbsp;&nbsp;ABC<\/li>\n<li><a href=\"https:\/\/news.google.com\/rss\/articles\/CBMi-wFBVV95cUxPcE91TTFLd3dtaXc2TUtlQmg2cWFhRWp3U3pYTXpfakdwX2U2c0ZhelNnTVNrdVRZQUtTbU93QWRoNlk4YlY5OXZlc3E1cDNwcUJMS2FUQmpnVTA2dkhiUHZTc2ZaZE0tMEFNWHFqWkVrODBweWVFRjFBUExIdjE5QmxhZUhuT3dsdWNFM0xQeEpmMTZURW1GengybDllTEoweHlzWGtrSjJpMnp6a3ktOWNxRjF6dU1XeWE1SV9IQm52dEFSc1piQnB2MnNJVVBLQ2dFTGF6NEpNRGRfRVIzUU9HUnpjZkgxTmE4WmdPYW1Kb09idEo2c1dVMA?oc=5\" target=\"_blank\" rel=\"nofollow noopener\">La Navidad llega a los barrios de Sevilla con m\u00e1s de 150 actividades que comenzar\u00e1n el 27 de noviembre en Sevilla Este<\/a>&nbsp;&nbsp;Ayuntamiento de Sevilla<\/li>\n<li><a href=\"https:\/\/news.google.com\/rss\/articles\/CBMisgFBVV95cUxPbGVUeldkVWpZbUdPZG9KSlNvZ3REUnc2d3hvaUdBdXpHS3JFNGFoU2pCTzhhWkM2dF9PS1RLR2p6MlhJc01zOVU4RHJBQ20wSkM2RlA3bHprRDBVZk02V1hycXgxOHZXWVlZR2FBQ000bUFSN3Rka1dZUVQway0yWHRqdS1YOU9pUllIN25uMWRDTS1JeUt3eFBKeElxV1pJU2FKTkd3cHVUNk9YbVp2MXRn0gG3AUFVX3lxTE1LU0dVb05FeFJRSzFFb1BQWWxoV0ZIR1ctUEEzU1RtX1E4UWswcGNIYjFMTHZCSXk0Q3FiT1o4ejFhNDBZUXdVQlZBSEN1SU9UakFZNWRmdlEtYkN4Z1pLSjdGV2Z1RUU5b1huMFA1YVB4Q0gwZTFOVHJtYnV4RHpTZkZEdDA0NTZUZl9TRDdKYW9pU3FxSXNXQll5MGRUSndLQkJTbnY5alJUUDJZSHRYVUJ6eE1scw?oc=5\" target=\"_blank\" rel=\"nofollow noopener\">Zambombas gratuitas por los barrios de Sevilla para celebrar la Navidad: consulta toda la programaci\u00f3n<\/a>&nbsp;&nbsp;Diario de Sevilla<\/li>\n<li><a href=\"https:\/\/news.google.com\/rss\/articles\/CBMijwFBVV95cUxNcjdWS0VOSXh0Qk9CMW55OVNzMi1jQjhmQUhFSGZKWTFNYWVYU0EzRnV3ZC1EUUxYVzcyelNuQnJmbUVsdktJSVhPLTlOMUp2cnlsblNFb2RwWUJxeURfRmR0ZGs1bnVqVVlrdnVKVVVySW4zaW5UWUl4cnlaRjZFVFNjblU5a3hjRllfdmc3QQ?oc=5\" target=\"_blank\" rel=\"nofollow noopener\">Calendario 2025 con todos los planes m\u00e1gicos de esta Navidad en Sevilla<\/a>&nbsp;&nbsp;Los Viajes de Claudia<\/li>\n<li><a href=\"https:\/\/news.google.com\/rss\/articles\/CBMi6AFBVV95cUxNWjFVb0F1M1h3UXhqVVdMYnA3VWtzQXN5WTBQdHhBM0NSS183elVKUXdhZWhLaWpua1JtYTNHdEh1OUFZX3ozUWhYbFBCUjREekxNNDlMTUE5MHNKOFE0cEdlT1dzNS1GY1BUYU1GVUR3NkxwVmMtZkwyS3pMRFdsVlZYaDdvWWtoZ2o1dHBVb25FT3hXa3dVUzB6UWp1emZDdVozMVA0RFA4TDg3SEN5dG1hQjVDa3g4VkVId05vZ0g2bml3Sk1OWEoya0V5UWptemZnS1dtUUxtVU9GU1J1Rjl2VnF5RTFh?oc=5\" target=\"_blank\" rel=\"nofollow noopener\">Programaci\u00f3n completa de la Navidad 2025 en Sevilla: zambombas, plazas tem\u00e1ticas y m\u00e1s de 150 actividades<\/a>&nbsp;&nbsp;Sevilla Actualidad<\/li>\n<\/ol>\n","protected":false},"excerpt":{"rendered":"Sevilla se llenar\u00e1 de zambombas gratuitas esta Navidad: estas son las fechas y los horarios&nbsp;&nbsp;ABC La Navidad llega&hellip;\n","protected":false},"author":2,"featured_media":253875,"comment_status":"","ping_status":"","sticky":false,"template":"","format":"standard","meta":{"footnotes":""},"categories":[8],"tags":[21743,17,18,25,24,13,14,126,11,19,20,9,10,15,16,1171,23,12,21,22,64046],"class_list":{"0":"post-253874","1":"post","2":"type-post","3":"status-publish","4":"format-standard","5":"has-post-thumbnail","7":"category-espana","8":"tag-barrios","9":"tag-breaking-news","10":"tag-breakingnews","11":"tag-es","12":"tag-espana","13":"tag-featured-news","14":"tag-featurednews","15":"tag-gratis","16":"tag-headlines","17":"tag-latest-news","18":"tag-latestnews","19":"tag-news","20":"tag-noticias","21":"tag-noticias-destacadas","22":"tag-noticiasdestacadas","23":"tag-sevilla","24":"tag-spain","25":"tag-titulares","26":"tag-ultimas-noticias","27":"tag-ultimasnoticias","28":"tag-zambombas"},"share_on_mastodon":{"url":"https:\/\/pubeurope.com\/@es\/115606746952058922","error":""},"_links":{"self":[{"href":"https:\/\/www.europesays.com\/es\/wp-json\/wp\/v2\/posts\/253874","targetHints":{"allow":["GET"]}}],"collection":[{"href":"https:\/\/www.europesays.com\/es\/wp-json\/wp\/v2\/posts"}],"about":[{"href":"https:\/\/www.europesays.com\/es\/wp-json\/wp\/v2\/types\/post"}],"author":[{"embeddable":true,"href":"https:\/\/www.europesays.com\/es\/wp-json\/wp\/v2\/users\/2"}],"replies":[{"embeddable":true,"href":"https:\/\/www.europesays.com\/es\/wp-json\/wp\/v2\/comments?post=253874"}],"version-history":[{"count":0,"href":"https:\/\/www.europesays.com\/es\/wp-json\/wp\/v2\/posts\/253874\/revisions"}],"wp:featuredmedia":[{"embeddable":true,"href":"https:\/\/www.europesays.com\/es\/wp-json\/wp\/v2\/media\/253875"}],"wp:attachment":[{"href":"https:\/\/www.europesays.com\/es\/wp-json\/wp\/v2\/media?parent=253874"}],"wp:term":[{"taxonomy":"category","embeddable":true,"href":"https:\/\/www.europesays.com\/es\/wp-json\/wp\/v2\/categories?post=253874"},{"taxonomy":"post_tag","embeddable":true,"href":"https:\/\/www.europesays.com\/es\/wp-json\/wp\/v2\/tags?post=253874"}],"curies":[{"name":"wp","href":"https:\/\/api.w.org\/{rel}","templated":true}]}}