{"id":253876,"date":"2025-11-24T21:15:21","date_gmt":"2025-11-24T21:15:21","guid":{"rendered":"https:\/\/www.europesays.com\/es\/253876\/"},"modified":"2025-11-24T21:15:21","modified_gmt":"2025-11-24T21:15:21","slug":"arranca-el-juicio-en-espana-contra-el-historico-expresidente-catalan-jordi-pujol","status":"publish","type":"post","link":"https:\/\/www.europesays.com\/es\/253876\/","title":{"rendered":"Arranca el juicio en Espa\u00f1a contra el hist\u00f3rico expresidente catal\u00e1n Jordi Pujol"},"content":{"rendered":"<p>    <img src=\"https:\/\/www.europesays.com\/es\/wp-content\/uploads\/2025\/11\/2025-11-24T183A293A35Z-90470969.jpg\" width=\"1024\" height=\"710\" alt=\"\" loading=\"eager\" decoding=\"sync\" fetchpriority=\"high\"\/><\/p>\n<p>            afp_tickers        <\/p>\n<p>        Este contenido fue publicado en    <\/p>\n<p>        24 noviembre 2025 &#8211; 19:29\n<\/p>\n<p>El expresidente regional catal\u00e1n Jordi Pujol y sus siete hijos comenzaron a ser juzgados este lunes en Espa\u00f1a por presunto blanqueo de capitales y asociaci\u00f3n il\u00edcita, once a\u00f1os despu\u00e9s de que el hist\u00f3rico l\u00edder nacionalista confesara haber ocultado fondos en el extranjero.<\/p>\n<p>Tras una compleja instrucci\u00f3n, la Fiscal\u00eda pide 9 a\u00f1os de prisi\u00f3n para quien fuera el poderoso presidente de Catalu\u00f1a entre 1980 y 2003, y diferentes penas para sus hijos, de hasta 29 a\u00f1os para uno de ellos, por las sospechas sobre el origen de los fondos.\u00a0<\/p>\n<p>Pese a que su defensa hab\u00eda pedido excluirlo del juicio por motivos de salud, el tribunal decidi\u00f3 el lunes que Pujol, de 95 a\u00f1os, asista por videoconferencia a este proceso que debe extenderse en sesiones intermitentes hasta el pr\u00f3ximo mayo en la Audiencia Nacional, cerca de Madrid.\u00a0<\/p>\n<p>El caso dio un vuelco en 2014, cuando el influyente expol\u00edtico catal\u00e1n confes\u00f3 en una carta que su familia ocult\u00f3 dinero procedente de una herencia familiar sin declararlo al fisco durante 34 a\u00f1os, aunque asegur\u00f3 que no se trataba de comisiones recibidas durante su mandato.\u00a0<\/p>\n<p>Para entonces, la justicia comenzaba a estrechar el cerco sobre algunos de sus hijos, mientras su partido -la coalici\u00f3n nacionalista conservadora Converg\u00e8ncia i Uni\u00f3 (CiU), ahora desaparecida- enfrentaba un esc\u00e1ndalo de corrupci\u00f3n por presunta financiaci\u00f3n irregular.\u00a0<\/p>\n<p>Su confesi\u00f3n aceler\u00f3 una investigaci\u00f3n que avanz\u00f3 durante los convulsos a\u00f1os de la escalada separatista que desembocar\u00eda en la fallida declaraci\u00f3n de independencia de esta regi\u00f3n espa\u00f1ola en 2017.<\/p>\n<p>En aquel momento, Pujol estaba ya apartado de la primera l\u00ednea pol\u00edtica, tras haber renunciado a sus prerrogativas como expresidente despu\u00e9s de su confesi\u00f3n.<\/p>\n<p>El expol\u00edtico siempre defendi\u00f3 que aquellos fondos escondidos en Andorra -un peque\u00f1o principado entre Espa\u00f1a y Francia- proced\u00edan de una herencia que le hab\u00eda dejado su padre, un acomodado empresario catal\u00e1n preocupado por el compromiso nacionalista de su hijo, quien ya hab\u00eda pasado dos a\u00f1os en prisi\u00f3n durante la dictadura franquista.\u00a0<\/p>\n<p>\u00abD\u00edganme en qu\u00e9 caso he actuado de manera corrupta\u00bb, se defendi\u00f3 Pujol en una de sus \u00faltimas entrevistas concedida en 2022 a la Cadena Ser, donde volvi\u00f3 a reiterar su inocencia.\u00a0<\/p>\n<p>Arquitecto de la Catalu\u00f1a actual, y h\u00e1bil negociador con Madrid, Pujol fue uno de los dirigentes m\u00e1s influyentes en las d\u00e9cadas que siguieron al fin de la dictadura en Espa\u00f1a en 1975. Su familia achaca sus problemas judiciales a sus enemigos pol\u00edticos. \u00a0<\/p>\n<p>rs-rbj\/mb<\/p>\n","protected":false},"excerpt":{"rendered":"afp_tickers Este contenido fue publicado en 24 noviembre 2025 &#8211; 19:29 El expresidente regional catal\u00e1n Jordi Pujol y&hellip;\n","protected":false},"author":2,"featured_media":253877,"comment_status":"","ping_status":"","sticky":false,"template":"","format":"standard","meta":{"footnotes":""},"categories":[5],"tags":[17,18,11890,11891,11892,25,24,13,14,11,11894,11895,19,20,7657,9,10,15,16,23,90,12,11896,21,22],"class_list":{"0":"post-253876","1":"post","2":"type-post","3":"status-publish","4":"format-standard","5":"has-post-thumbnail","7":"category-titulares","8":"tag-breaking-news","9":"tag-breakingnews","10":"tag-corporate-crime","11":"tag-corruption","12":"tag-crime","13":"tag-es","14":"tag-espana","15":"tag-featured-news","16":"tag-featurednews","17":"tag-headlines","18":"tag-judiciary-system-of-justice","19":"tag-justice-and-rights","20":"tag-latest-news","21":"tag-latestnews","22":"tag-law-and-order","23":"tag-news","24":"tag-noticias","25":"tag-noticias-destacadas","26":"tag-noticiasdestacadas","27":"tag-spain","28":"tag-ticker","29":"tag-titulares","30":"tag-trials","31":"tag-ultimas-noticias","32":"tag-ultimasnoticias"},"share_on_mastodon":{"url":"https:\/\/pubeurope.com\/@es\/115606751037310573","error":""},"_links":{"self":[{"href":"https:\/\/www.europesays.com\/es\/wp-json\/wp\/v2\/posts\/253876","targetHints":{"allow":["GET"]}}],"collection":[{"href":"https:\/\/www.europesays.com\/es\/wp-json\/wp\/v2\/posts"}],"about":[{"href":"https:\/\/www.europesays.com\/es\/wp-json\/wp\/v2\/types\/post"}],"author":[{"embeddable":true,"href":"https:\/\/www.europesays.com\/es\/wp-json\/wp\/v2\/users\/2"}],"replies":[{"embeddable":true,"href":"https:\/\/www.europesays.com\/es\/wp-json\/wp\/v2\/comments?post=253876"}],"version-history":[{"count":0,"href":"https:\/\/www.europesays.com\/es\/wp-json\/wp\/v2\/posts\/253876\/revisions"}],"wp:featuredmedia":[{"embeddable":true,"href":"https:\/\/www.europesays.com\/es\/wp-json\/wp\/v2\/media\/253877"}],"wp:attachment":[{"href":"https:\/\/www.europesays.com\/es\/wp-json\/wp\/v2\/media?parent=253876"}],"wp:term":[{"taxonomy":"category","embeddable":true,"href":"https:\/\/www.europesays.com\/es\/wp-json\/wp\/v2\/categories?post=253876"},{"taxonomy":"post_tag","embeddable":true,"href":"https:\/\/www.europesays.com\/es\/wp-json\/wp\/v2\/tags?post=253876"}],"curies":[{"name":"wp","href":"https:\/\/api.w.org\/{rel}","templated":true}]}}