{"id":253880,"date":"2025-11-24T21:21:08","date_gmt":"2025-11-24T21:21:08","guid":{"rendered":"https:\/\/www.europesays.com\/es\/253880\/"},"modified":"2025-11-24T21:21:08","modified_gmt":"2025-11-24T21:21:08","slug":"tu-reto-tu-provincia-huesca-la-magia-en-bici-se-presenta-con-ocho-rutas-por-el-alto-aragon-radio-huesca","status":"publish","type":"post","link":"https:\/\/www.europesays.com\/es\/253880\/","title":{"rendered":"\u00abTu reto, tu provincia Huesca la Magia en Bici\u00bb se presenta con ocho rutas por el Alto Arag\u00f3n | Radio Huesca"},"content":{"rendered":"<p class=\"loc\">Huesca<\/p>\n<p>La DPH ha presentado una nueva iniciativa que tiene que ver con el cicloturismo y la realizaci\u00f3n de ocho rutas por todas las comarcas de la provincia y que se denomina \u201cTu reto, tu provincia Huesca la Magia en Bici\u201d.<\/p>\n<p>Entra dentro de los cuatro pilares importantes en los que est\u00e1 trabajando la Diputaci\u00f3n Provincial de Huesca en la promoci\u00f3n y el turismo, como son la aventura, la gastronom\u00eda, el Mice Rural y el cicloturismo. <\/p>\n<p>Con la colaboraci\u00f3n del CC Oscense, que ha realizado las diferentes rutas, en una idea en la que tambi\u00e9n colaboran el resto de los clubes de la provincia. <\/p>\n<p>Un evento que une deporte, turismo y sobre todo territorio, dec\u00eda el diputado Sergio Serra. Un nuevo programa deportivo y tur\u00edstico que convertir\u00e1 a toda la provincia en un gran escenario para el cicloturismo amateur. <\/p>\n<p>Se trata de una iniciativa pionera que busca dinamizar la actividad econ\u00f3mica en los meses de menor afluencia, reforzar la cohesi\u00f3n territorial y consolidar a Huesca como un destino cicloturista l\u00edder en Espa\u00f1a.<\/p>\n<p>El proyecto, impulsado desde la marca Tu Provincia Huesca la Magia y organizado por el Club Ciclista Oscense, propone un recorrido formado por 8 rutas cicloturistas oficiales, organizadas y calendarizadas entre febrero y junio y abiertas a cualquier aficionado. El proyecto plantea rutas progresivas, seguras y adaptadas a ciclistas amateurs, combinando el esfuerzo deportivo con el descubrimiento del territorio.<\/p>\n<p>Como ha destacado el diputado de Turimo de la DPH, Sergio Serra, \u201ceste proyecto convierte a toda la provincia de Huesca en un gran escenario cicloturista, une deporte y turismo, y refuerza nuestra imagen como un destino natural, activo y sostenible. Es una iniciativa que nace desde el territorio, con los clubes, y que impulsa tanto la econom\u00eda como el orgullo de pertenencia a esta tierra\u201d<\/p>\n<p>Las rutas, con 1.000 kil\u00f3metros de recorrido en total y casi 14.000 metros de desnivel positivo, recorrer\u00e1n las comarcas del Alto Arag\u00f3n. <\/p>\n<p>Recorrer\u00e1n el Cinca Medio (95 km), Monegros (100 km), Bajo Cinca (125 km), Somontano (105 km), La Litera (117 km), Sobrarbe (108 km), Jacetania (150 km) y Ribagorza (135 km)<\/p>\n<p>Cada una de estas salidas contar\u00e1 con seguro, coche de apoyo, avituallamientos y un sistema de inscripci\u00f3n sencillo, con precios que oscilan entre los 8 \u20ac por etapa y los 50 \u20ac por el pack completo.<\/p>\n<p>La organizaci\u00f3n t\u00e9cnica corre a cargo del Club Ciclista Oscense, con la colaboraci\u00f3n de los clubes ciclistas de toda la provincia.<\/p>\n<p>Desestacionalizar, cohesionar y posicionar Huesca como destino cicloturista<\/p>\n<p>Este programa nace con la vocaci\u00f3n de potenciar el ciclismo amateur en un territorio que ya alberga pruebas tan emblem\u00e1ticas como la Quebrantahuesos o La Magia del Grial, y que destaca por la diversidad y calidad de sus paisajes para la pr\u00e1ctica del deporte. Al mismo tiempo, \u201cTu Reto\u201d se ha dise\u00f1ado como una herramienta de promoci\u00f3n tur\u00edstica, aprovechando el atractivo del ciclismo para mostrar el patrimonio natural, cultural y paisaj\u00edstico de cada comarca.<\/p>\n<p>La iniciativa tambi\u00e9n persigue generar actividad econ\u00f3mica en hosteler\u00eda, comercio y restauraci\u00f3n en una \u00e9poca del a\u00f1o en la que la afluencia de visitantes es menor, contribuyendo as\u00ed a la desestacionalizaci\u00f3n del turismo provincial. Adem\u00e1s, busca reforzar la cohesi\u00f3n territorial, conectando a ciclistas y clubes de toda la provincia. <\/p>\n<p>\u201cTu Reto\u201d no es un proyecto de competici\u00f3n, pero s\u00ed que se han preparado incentivos para fomentar que los ciclistas participen en el mayor n\u00famero de rutas posible. Para ello, entre los 100 participantes que realicen m\u00e1s etapas se sortear\u00e1n 20 inscripciones para La Magia del Grial o la Quebrantahuesos. Adem\u00e1s, entre el 100 y el 200, se sortear\u00e1n 10 inscripciones adicionales para estas mismas pruebas. <\/p>\n","protected":false},"excerpt":{"rendered":"Huesca La DPH ha presentado una nueva iniciativa que tiene que ver con el cicloturismo y la realizaci\u00f3n&hellip;\n","protected":false},"author":2,"featured_media":253881,"comment_status":"","ping_status":"","sticky":false,"template":"","format":"standard","meta":{"footnotes":""},"categories":[273],"tags":[313,312,168,25,24,23,167],"class_list":{"0":"post-253880","1":"post","2":"type-post","3":"status-publish","4":"format-standard","5":"has-post-thumbnail","7":"category-ciclismo","8":"tag-ciclismo","9":"tag-cycling","10":"tag-deportes","11":"tag-es","12":"tag-espana","13":"tag-spain","14":"tag-sports"},"share_on_mastodon":{"url":"https:\/\/pubeurope.com\/@es\/115606774248292014","error":""},"_links":{"self":[{"href":"https:\/\/www.europesays.com\/es\/wp-json\/wp\/v2\/posts\/253880","targetHints":{"allow":["GET"]}}],"collection":[{"href":"https:\/\/www.europesays.com\/es\/wp-json\/wp\/v2\/posts"}],"about":[{"href":"https:\/\/www.europesays.com\/es\/wp-json\/wp\/v2\/types\/post"}],"author":[{"embeddable":true,"href":"https:\/\/www.europesays.com\/es\/wp-json\/wp\/v2\/users\/2"}],"replies":[{"embeddable":true,"href":"https:\/\/www.europesays.com\/es\/wp-json\/wp\/v2\/comments?post=253880"}],"version-history":[{"count":0,"href":"https:\/\/www.europesays.com\/es\/wp-json\/wp\/v2\/posts\/253880\/revisions"}],"wp:featuredmedia":[{"embeddable":true,"href":"https:\/\/www.europesays.com\/es\/wp-json\/wp\/v2\/media\/253881"}],"wp:attachment":[{"href":"https:\/\/www.europesays.com\/es\/wp-json\/wp\/v2\/media?parent=253880"}],"wp:term":[{"taxonomy":"category","embeddable":true,"href":"https:\/\/www.europesays.com\/es\/wp-json\/wp\/v2\/categories?post=253880"},{"taxonomy":"post_tag","embeddable":true,"href":"https:\/\/www.europesays.com\/es\/wp-json\/wp\/v2\/tags?post=253880"}],"curies":[{"name":"wp","href":"https:\/\/api.w.org\/{rel}","templated":true}]}}