{"id":253882,"date":"2025-11-24T21:23:09","date_gmt":"2025-11-24T21:23:09","guid":{"rendered":"https:\/\/www.europesays.com\/es\/253882\/"},"modified":"2025-11-24T21:23:09","modified_gmt":"2025-11-24T21:23:09","slug":"ettore-messina-dimite-como-tecnico-del-armani-milan-y-ya-tiene-relevo","status":"publish","type":"post","link":"https:\/\/www.europesays.com\/es\/253882\/","title":{"rendered":"Ettore Messina dimite como t\u00e9cnico del Armani Milan y ya tiene relevo"},"content":{"rendered":"<p data-gtm-element-container=\"modulo-texto-link\" class=\"paragraph\">Ettore Messina, uno de los t\u00e9cnicos m\u00e1s prestigiosos del basket europeo, ha tirado la toalla y ha presentado su dimisi\u00f3n como entrenador del Armani Milan. Messina, de 66 a\u00f1os, no abandonar\u00e1 la sociedad, en la que continuar\u00e1 trabajando pero ahora como consejero de Luca dell&#8217;Orco, heredero del fallecido Georgio Armani.<\/p>\n<p data-gtm-element-container=\"modulo-texto-link\" class=\"paragraph\">Messina lleva en el banquillo del Armani desde 2019 y a su funci\u00f3n como t\u00e9cnico hab\u00eda a\u00f1adido posteriormente la de Presidente de Operaciones de Baloncesto. Lo deja tras tres derrotas consecutivas entre Euroliga y Lega italiana. En Europa el Armani es 11\u00ba con un balance de 6-6 y en Italia marcha octavo con 5-4.<\/p>\n<p data-gtm-element-container=\"modulo-texto-link\" class=\"paragraph\">El Armani no tendr\u00e1 que buscar en el merado un sustituto para Messina ya que le relevar\u00e1 su segundo, el ex jugador Giuseppe Poeta, llegado el pasado verano con un contrato trienal tras su buena labor en el Brescia.<\/p>\n","protected":false},"excerpt":{"rendered":"Ettore Messina, uno de los t\u00e9cnicos m\u00e1s prestigiosos del basket europeo, ha tirado la toalla y ha presentado&hellip;\n","protected":false},"author":2,"featured_media":253883,"comment_status":"","ping_status":"","sticky":false,"template":"","format":"standard","meta":{"footnotes":""},"categories":[269],"tags":[299,298,168,25,24,23,167],"class_list":{"0":"post-253882","1":"post","2":"type-post","3":"status-publish","4":"format-standard","5":"has-post-thumbnail","7":"category-baloncesto","8":"tag-baloncesto","9":"tag-basketball","10":"tag-deportes","11":"tag-es","12":"tag-espana","13":"tag-spain","14":"tag-sports"},"share_on_mastodon":{"url":"https:\/\/pubeurope.com\/@es\/115606782481408016","error":""},"_links":{"self":[{"href":"https:\/\/www.europesays.com\/es\/wp-json\/wp\/v2\/posts\/253882","targetHints":{"allow":["GET"]}}],"collection":[{"href":"https:\/\/www.europesays.com\/es\/wp-json\/wp\/v2\/posts"}],"about":[{"href":"https:\/\/www.europesays.com\/es\/wp-json\/wp\/v2\/types\/post"}],"author":[{"embeddable":true,"href":"https:\/\/www.europesays.com\/es\/wp-json\/wp\/v2\/users\/2"}],"replies":[{"embeddable":true,"href":"https:\/\/www.europesays.com\/es\/wp-json\/wp\/v2\/comments?post=253882"}],"version-history":[{"count":0,"href":"https:\/\/www.europesays.com\/es\/wp-json\/wp\/v2\/posts\/253882\/revisions"}],"wp:featuredmedia":[{"embeddable":true,"href":"https:\/\/www.europesays.com\/es\/wp-json\/wp\/v2\/media\/253883"}],"wp:attachment":[{"href":"https:\/\/www.europesays.com\/es\/wp-json\/wp\/v2\/media?parent=253882"}],"wp:term":[{"taxonomy":"category","embeddable":true,"href":"https:\/\/www.europesays.com\/es\/wp-json\/wp\/v2\/categories?post=253882"},{"taxonomy":"post_tag","embeddable":true,"href":"https:\/\/www.europesays.com\/es\/wp-json\/wp\/v2\/tags?post=253882"}],"curies":[{"name":"wp","href":"https:\/\/api.w.org\/{rel}","templated":true}]}}