{"id":253884,"date":"2025-11-24T21:24:11","date_gmt":"2025-11-24T21:24:11","guid":{"rendered":"https:\/\/www.europesays.com\/es\/253884\/"},"modified":"2025-11-24T21:24:11","modified_gmt":"2025-11-24T21:24:11","slug":"tebas-pide-reunirse-con-los-capitanes-para-tratar-el-plan-miami","status":"publish","type":"post","link":"https:\/\/www.europesays.com\/es\/253884\/","title":{"rendered":"Tebas pide reunirse con los capitanes para tratar el \u2018Plan Miami\u2019"},"content":{"rendered":"<p class=\"\"><b>LaLiga<\/b> y los futbolistas han celebrado este lunes el segundo <b>cara a cara<\/b> con el Plan Miami sobre la mesa. Un proyecto que esta temporada ha sido cancelado, pero que la patronal espera sacar en las pr\u00f3ximas campa\u00f1as. Para ello, trata de alcanzar un acuerdo cuanto antes con el sindicato <b>AFE<\/b> y evitar un enfrentamiento en el siguiente intento, pero la posici\u00f3n de los jugadores es que solo se puede llegar a un entendimiento cuando exista un proyecto concreto. Aun as\u00ed, la reuni\u00f3n ha sido cordial y amistosa entre las partes.<\/p>\n<p class=\"\"><b>Javier Tebas<\/b> acudi\u00f3 puntual a la cita en Gran V\u00eda y fue escoltado por media decena de directivos de <b>LaLiga<\/b>, entre los que destacaban <b>V\u00edctor Mart\u00edn<\/b>, jefe del gabinete de presidencia, <b>Ra\u00fal Ojeda<\/b>, responsable de competiciones y <b>Mar\u00eda Jos\u00e9 L\u00f3pez<\/b>, directora legal. Una cumbre que dur\u00f3 hora y media y que el presidente de la patronal asegur\u00f3 a AS que hab\u00eda ido \u201cestupendamente\u201d. En ella se avanzaron temas de protocolo del estadio, ya que, seg\u00fan traslad\u00f3 LaLiga a AFE, la intenci\u00f3n es que sea s\u00ed o s\u00ed en el <b>Hard Rock Stadium<\/b> de Miami.<\/p>\n<p class=\"\">Pocos avances m\u00e1s se pudieron hacer, ya que desde el fallido intento de llevar el <b>Villarreal-Barcelona<\/b> a EEUU todo queda en el aire. No s\u00e9 sabe qu\u00e9 partido ser\u00e1 el siguiente elegido. Y los jugadores reclaman detalles como el <b>criterio de elecci\u00f3n de los clubes<\/b>, el <b>reparto de dinero<\/b> y si se garantizan sus derechos recogidos en el convenio. Sobre ese punto, AFE ha recordado que no se cumplir\u00edan varios art\u00edculos del actual convenio y LaLiga se comprometi\u00f3 a estudiarlo.<\/p>\n<p class=\"\">Seg\u00fan fuentes del sindicato, <b>Tebas<\/b> trat\u00f3 de sacar el compromiso de los futbolistas de cara al Plan Miami, pidiendo reunirse cuanto antes con los capitanes de Primera, como le hab\u00edan pedido hace m\u00e1s de un mes y no lleg\u00f3 a suceder. Pero en esta ocasi\u00f3n, <b>capitanes y sindicato prefieren esperar<\/b> a que LaLiga presente su nuevo proyecto y se siente en la mesa con detalles concretos. <\/p>\n<p class=\"\">En la cumbre no se trat\u00f3 la amenaza de LaLiga de <b>denunciar a los futbolistas por parar durante 15 segundos <\/b>en el inicio de los partidos cuando se estaba en plena crisis del Plan Miami. En la anterior reuni\u00f3n, Tebas afirm\u00f3 que los llevar\u00eda a los tribunales, pero en esta no se hizo menci\u00f3n al asunto. El presidente de LaLiga, preguntado por AS si ya los hab\u00eda denunciado, afirm\u00f3 \u201cno recordarlo\u201d. <b>A d\u00eda de hoy, al sindicato no le ha llegado ninguna notificaci\u00f3n judicial.<\/b><\/p>\n<p>Noticias relacionadas<a href=\"https:\/\/as.com\/futbol\/primera\/afe-denuncia-presiones-a-los-jugadores-por-sus-protestas-contra-el-plan-miami-f202510-n\/\" class=\"s_m_w\" title=\"Se trata del primer cara a cara entre el principal representante de los futbolistas y Javier Tebas tras el anuncio oficial de la cancelaci\u00f3n del Plan Miami.\" data-tb-link=\"\" rel=\"nofollow noopener\" target=\"_blank\"><img decoding=\"async\" src=\"https:\/\/www.europesays.com\/es\/wp-content\/uploads\/2025\/11\/VGX6XFOSUFN4DBL23SG7VS4PDA.jpg\" alt=\"Tebas y Aganzo se re\u00fanen tras la ca\u00edda del Plan Miami\" class=\"\" height=\"9\" width=\"16\"   loading=\"lazy\" data-tb-thumbnail=\"\"\/><\/a><a href=\"https:\/\/as.com\/futbol\/primera\/aganzo-laliga-no-ha-respetado-el-acuerdo-y-no-tienen-en-cuenta-el-riesgo-n\/\" class=\"s_m_w\" title=\"El presidente de AFE critica la decisi\u00f3n de no aplazar el Real Madrid-Osasuna: \u201cEs de los viejos tiempos\u201d. Y a\u00f1ade sobre la fecha: \u201cMe temo que no responde a un criterio deportivo...\u201d.\" data-tb-link=\"\" rel=\"nofollow noopener\" target=\"_blank\"><img decoding=\"async\" src=\"https:\/\/www.europesays.com\/es\/wp-content\/uploads\/2025\/11\/RLWXC4V76RSYPRH3BKNXZMCCMI.jpg\" alt=\"Aganzo: \u201cLaLiga no ha respetado el acuerdo y no tienen en cuenta el riesgo\u201d\" class=\"\" height=\"9\" width=\"16\"   loading=\"lazy\" data-tb-thumbnail=\"\"\/><\/a><\/p>\n<p class=\"\"><b>\u00a1Tus opiniones importan!<\/b> Comenta en los art\u00edculos y suscr\u00edbete gratis a nuestra <a href=\"https:\/\/asfan.as.com\/newsletters\/\" target=\"_blank\" rel=\"nofollow noopener\" title=\"https:\/\/asfan.as.com\/newsletters\/\">newsletter<\/a> y a las alertas informativas en la <a href=\"https:\/\/as.com\/aplicacion-de-as-n\/\" target=\"_blank\" rel=\"nofollow noopener\" title=\"https:\/\/as.com\/aplicacion-de-as-n\/\">App<\/a> o el canal de <a href=\"https:\/\/www.whatsapp.com\/channel\/0029VaAasdA7j6g745nz9M10\" target=\"_blank\" rel=\"nofollow noopener\" title=\"https:\/\/www.whatsapp.com\/channel\/0029VaAasdA7j6g745nz9M10\">WhatsApp<\/a>.<\/p>\n<p class=\"\">\u00bfBuscas licenciar contenido? Haz clic <a href=\"https:\/\/profesional.elpais.com\/soluciones-sindicacion?utm_medium=interno&amp;utm_source=crosslinking&amp;utm_campaign=sindicacion_as_pie_articulos\" target=\"_blank\" rel=\"nofollow noopener\" title=\"https:\/\/profesional.elpais.com\/soluciones-sindicacion?utm_medium=interno&amp;utm_source=crosslinking&amp;utm_campaign=sindicacion_as_pie_articulos\">aqu\u00ed<\/a><\/p>\n","protected":false},"excerpt":{"rendered":"LaLiga y los futbolistas han celebrado este lunes el segundo cara a cara con el Plan Miami sobre&hellip;\n","protected":false},"author":2,"featured_media":253885,"comment_status":"","ping_status":"","sticky":false,"template":"","format":"standard","meta":{"footnotes":""},"categories":[268],"tags":[168,25,24,280,282,281,23,167],"class_list":{"0":"post-253884","1":"post","2":"type-post","3":"status-publish","4":"format-standard","5":"has-post-thumbnail","7":"category-futbol","8":"tag-deportes","9":"tag-es","10":"tag-espana","11":"tag-football","12":"tag-futbol","13":"tag-soccer","14":"tag-spain","15":"tag-sports"},"share_on_mastodon":{"url":"https:\/\/pubeurope.com\/@es\/115606786849990832","error":""},"_links":{"self":[{"href":"https:\/\/www.europesays.com\/es\/wp-json\/wp\/v2\/posts\/253884","targetHints":{"allow":["GET"]}}],"collection":[{"href":"https:\/\/www.europesays.com\/es\/wp-json\/wp\/v2\/posts"}],"about":[{"href":"https:\/\/www.europesays.com\/es\/wp-json\/wp\/v2\/types\/post"}],"author":[{"embeddable":true,"href":"https:\/\/www.europesays.com\/es\/wp-json\/wp\/v2\/users\/2"}],"replies":[{"embeddable":true,"href":"https:\/\/www.europesays.com\/es\/wp-json\/wp\/v2\/comments?post=253884"}],"version-history":[{"count":0,"href":"https:\/\/www.europesays.com\/es\/wp-json\/wp\/v2\/posts\/253884\/revisions"}],"wp:featuredmedia":[{"embeddable":true,"href":"https:\/\/www.europesays.com\/es\/wp-json\/wp\/v2\/media\/253885"}],"wp:attachment":[{"href":"https:\/\/www.europesays.com\/es\/wp-json\/wp\/v2\/media?parent=253884"}],"wp:term":[{"taxonomy":"category","embeddable":true,"href":"https:\/\/www.europesays.com\/es\/wp-json\/wp\/v2\/categories?post=253884"},{"taxonomy":"post_tag","embeddable":true,"href":"https:\/\/www.europesays.com\/es\/wp-json\/wp\/v2\/tags?post=253884"}],"curies":[{"name":"wp","href":"https:\/\/api.w.org\/{rel}","templated":true}]}}