{"id":253886,"date":"2025-11-24T21:25:14","date_gmt":"2025-11-24T21:25:14","guid":{"rendered":"https:\/\/www.europesays.com\/es\/253886\/"},"modified":"2025-11-24T21:25:14","modified_gmt":"2025-11-24T21:25:14","slug":"tono-sanchis-condenado-a-dos-anos-de-carcel-por-quedarse-con-mas-de-400-000-euros-de-belen-esteban","status":"publish","type":"post","link":"https:\/\/www.europesays.com\/es\/253886\/","title":{"rendered":"To\u00f1o Sanch\u00eds, condenado a dos a\u00f1os de c\u00e1rcel por quedarse con m\u00e1s de 400.000 euros de Bel\u00e9n Esteban"},"content":{"rendered":"<p class=\"isSelectedEnd\">La que fue una de las guerras m\u00e1s medi\u00e1ticas del mundo del coraz\u00f3n ha dado un nuevo cap\u00edtulo: <strong>To\u00f1o Sanch\u00eds, exrepresentante de Bel\u00e9n Esteban, ha sido condenado a dos a\u00f1os de c\u00e1rcel<\/strong> por quedarse con m\u00e1s de <strong>475.000 euros<\/strong> de su famosa clienta.<\/p>\n<p class=\"isSelectedEnd\">Seg\u00fan la <strong>Audiencia Provincial de Madrid<\/strong>, Sanch\u00eds se aprovech\u00f3 de la \u00abconfianza plena\u00bb de Bel\u00e9n entre 2009 y 2015 para <strong>cobrar comisiones m\u00e1s altas de lo pactado<\/strong>, llev\u00e1ndose unos 400.000 euros que no le correspond\u00edan. La sentencia tambi\u00e9n incluye una <strong>multa de 2.100 euros<\/strong> y la obligaci\u00f3n de <strong>indemnizar a <\/strong><b>&#8216;la princesa del pueblo&#8217;<\/b>, cuyo importe exacto se fijar\u00e1 despu\u00e9s, descontando lo que ya cobr\u00f3 en procesos anteriores y el dinero de una vivienda adjudicada que luego vendi\u00f3.<\/p>\n<p class=\"isSelectedEnd\">El tribunal recalca que la relaci\u00f3n entre ambos era tan cercana que Bel\u00e9n confiaba ciegamente en \u00e9l y no supervisaba los cobros de sus trabajos, hasta que <b>en 2015 detect\u00f3 irregularidades <\/b>en sus cuentas y rompi\u00f3 con su representante. \u00abLa confianza que ten\u00eda Bel\u00e9n en Sanch\u00eds era plena\u00bb, subraya la sentencia, que tambi\u00e9n se\u00f1ala la amistad entre ambos como factor clave de la gesti\u00f3n sin control.<\/p>\n<p class=\"isSelectedEnd\">Durante el juicio, la Fiscal\u00eda pidi\u00f3 <strong>tres a\u00f1os y medio de c\u00e1rcel<\/strong>, mientras que el abogado de Bel\u00e9n solicit\u00f3 <strong>cuatro a\u00f1os y medio<\/strong> y la devoluci\u00f3n total del dinero. Sanch\u00eds, por su parte, se defendi\u00f3 diciendo que Bel\u00e9n <strong>sab\u00eda lo que cobraba<\/strong> y que \u00e9l no hab\u00eda cometido ning\u00fan delito.<\/p>\n<p class=\"isSelectedEnd\">La separaci\u00f3n entre representante y representada ya hab\u00eda sido <strong>un espect\u00e1culo medi\u00e1tico<\/strong>. Bel\u00e9n lo cont\u00f3 en televisi\u00f3n, en &#8216;S\u00e1lvame&#8217;, explicando que llevaba a\u00f1os intentando recuperar lo que era suyo: \u00abEste no se va de este mundo sin devolverme lo que es m\u00edo\u00bb, lleg\u00f3 a decir.<\/p>\n<p class=\"L6-news-detail__text\"><b><a href=\"https:\/\/profile.google.com\/cp\/CgkvbS8wZG5xejA?|||EXTERNO\" rel=\"nofollow noopener\" target=\"_blank\">*Sigue a laSexta en Google. Toda la actualidad y el mejor contenido aqu\u00ed.<\/a><\/b><\/p>\n","protected":false},"excerpt":{"rendered":"La que fue una de las guerras m\u00e1s medi\u00e1ticas del mundo del coraz\u00f3n ha dado un nuevo cap\u00edtulo:&hellip;\n","protected":false},"author":2,"featured_media":253887,"comment_status":"","ping_status":"","sticky":false,"template":"","format":"standard","meta":{"footnotes":""},"categories":[174],"tags":[255,146,147,25,24,256,23],"class_list":{"0":"post-253886","1":"post","2":"type-post","3":"status-publish","4":"format-standard","5":"has-post-thumbnail","7":"category-famosos","8":"tag-celebrities","9":"tag-entertainment","10":"tag-entretenimiento","11":"tag-es","12":"tag-espana","13":"tag-famosos","14":"tag-spain"},"share_on_mastodon":{"url":"https:\/\/pubeurope.com\/@es\/115606790238618944","error":""},"_links":{"self":[{"href":"https:\/\/www.europesays.com\/es\/wp-json\/wp\/v2\/posts\/253886","targetHints":{"allow":["GET"]}}],"collection":[{"href":"https:\/\/www.europesays.com\/es\/wp-json\/wp\/v2\/posts"}],"about":[{"href":"https:\/\/www.europesays.com\/es\/wp-json\/wp\/v2\/types\/post"}],"author":[{"embeddable":true,"href":"https:\/\/www.europesays.com\/es\/wp-json\/wp\/v2\/users\/2"}],"replies":[{"embeddable":true,"href":"https:\/\/www.europesays.com\/es\/wp-json\/wp\/v2\/comments?post=253886"}],"version-history":[{"count":0,"href":"https:\/\/www.europesays.com\/es\/wp-json\/wp\/v2\/posts\/253886\/revisions"}],"wp:featuredmedia":[{"embeddable":true,"href":"https:\/\/www.europesays.com\/es\/wp-json\/wp\/v2\/media\/253887"}],"wp:attachment":[{"href":"https:\/\/www.europesays.com\/es\/wp-json\/wp\/v2\/media?parent=253886"}],"wp:term":[{"taxonomy":"category","embeddable":true,"href":"https:\/\/www.europesays.com\/es\/wp-json\/wp\/v2\/categories?post=253886"},{"taxonomy":"post_tag","embeddable":true,"href":"https:\/\/www.europesays.com\/es\/wp-json\/wp\/v2\/tags?post=253886"}],"curies":[{"name":"wp","href":"https:\/\/api.w.org\/{rel}","templated":true}]}}