{"id":253888,"date":"2025-11-24T21:26:14","date_gmt":"2025-11-24T21:26:14","guid":{"rendered":"https:\/\/www.europesays.com\/es\/253888\/"},"modified":"2025-11-24T21:26:14","modified_gmt":"2025-11-24T21:26:14","slug":"la-direccion-del-colegio-de-arquitectos-de-madrid-se-rebela-contra-una-orden-interna-que-anula-su-toma-de-posesion","status":"publish","type":"post","link":"https:\/\/www.europesays.com\/es\/253888\/","title":{"rendered":"La direcci\u00f3n del Colegio de Arquitectos de Madrid se rebela contra una orden interna que anula su toma de posesi\u00f3n"},"content":{"rendered":"<p class=\"article-text\">\n        Choque de trenes despu\u00e9s de seis meses de tregua. El Colegio de Arquitectos de Madrid reactiva las turbulencias por la legitimidad de Sigfrido Herr\u00e1ez como decano, despu\u00e9s de que su candidatura fuera expulsada y luego readmitida en unas elecciones internas celebradas en mayo. Herr\u00e1ez gan\u00f3 el recuento por muy pocos votos, aunque su toma de posesi\u00f3n qued\u00f3 paralizada por un conflicto judicial de fondo que a\u00fan sigue sin resolverse. Medio a\u00f1o m\u00e1s tarde, todo vuelve a descontrolarse: la direcci\u00f3n del COAM ha anunciado el acto para este martes y se decide a mantenerlo pese a la negativa de la Mesa Electoral, que ha invalidado la proclamaci\u00f3n y exige anularla en un requerimiento al Decanato.\n    <\/p>\n<p>    <a href=\"https:\/\/www.eldiario.es\/madrid\/somos\/carrera-controlar-colegio-arquitectos-madrid-caramelo-politico-urbanismo-arranca-dudas-fango_1_12243742.html\" data-mrf-recirculation=\"saber-mas\" data-dl-event=\"saber-mas\" rel=\"nofollow noopener\" target=\"_blank\"><\/p>\n<p class=\"know-more__title\">La carrera por controlar el Colegio de Arquitectos de Madrid, caramelo pol\u00edtico del urbanismo, arranca con dudas y fango<\/p>\n<p>            <img decoding=\"async\" class=\"lazy\" loading=\"lazy\" data-src=\"https:\/\/static.eldiario.es\/clip\/046840c1-0ddb-49f0-a7ec-c10376c4ada7_16-9-aspect-ratio_default_0.jpg\" src=\"data:image\/svg+xml,%3Csvg xmlns=\" http:=\"\" viewbox=\"0 0 880 495\" alt=\"La carrera por controlar el Colegio de Arquitectos de Madrid, caramelo pol\u00edtico del urbanismo, arranca con dudas y fango\"\/><\/p>\n<p>                        <\/a><\/p>\n<p class=\"article-text\">\n        \u201c<strong>Sigue en pie. Esto no puede seguir as\u00ed<\/strong>\u201d, confirm\u00f3 la secretaria del COAM y miembro en las listas de Herr\u00e1ez, Eugenia del R\u00edo, instantes despu\u00e9s de recibir la notificaci\u00f3n del presidente de la Mesa Electoral, Luis de la Rica. En su escrito, De la Rica sostiene que el acto debe formalizarse desde su Presidencia y no a trav\u00e9s de la direcci\u00f3n, pues el v\u00ednculo con los comicios es \u201cevidente\u201d y \u201cdebe estar bajo supervisi\u00f3n de la Mesa\u201d. El origen del conflicto radica en una cl\u00e1usula de los estatutos, que limita a cada candidato a formar parte de la Junta de Gobierno durante un m\u00e1ximo de dos legislaturas. Herr\u00e1ez cursar\u00eda ahora la tercera.\n    <\/p>\n<p class=\"article-text\">\n        Todos COAM, su lista para concurrir a la Junta de Gobierno \u2013uno de los dos \u00f3rganos internos a renovar en los comicios\u2013, solicit\u00f3 medidas cautelares al ser descalificada como aspirante y el Juzgado de lo Contencioso-Administrativo n\u00famero 18 de Madrid, encargado del caso, las acept\u00f3 a una semana de la cita electoral. Eso anul\u00f3 provisionalmente la resoluci\u00f3n interna anunciada el 5 de mayo por la Mesa Electoral, que estim\u00f3 que el decano hab\u00eda expirado su tiempo m\u00e1ximo al frente del Colegio. Pero, \u00bfde d\u00f3nde surgen las discrepancias?\n    <\/p>\n<p class=\"article-text\">\n        En realidad, Herr\u00e1ez ascendi\u00f3 a la c\u00fapula del Colegio de Arquitectos en 2020 y despu\u00e9s de una moci\u00f3n de censura contra su predecesora. Como la legislatura ya estaba a medio terminar solo dirigi\u00f3 el \u00f3rgano durante a\u00f1o y medio, pero bastan 365 d\u00edas para que, seg\u00fan el art\u00edculo 30.5. de sus estatutos, compute como un mandato de cara a volver a presentarse. Cada legislatura en el COAM consta de tres a\u00f1os, y Herr\u00e1ez solo llevaba cuatro y medio en el momento de la reeleci\u00f3n. Sin embargo, esta letra peque\u00f1a deriv\u00f3 en una gran hecatombre preelectoral.\n    <\/p>\n<p class=\"article-text\">\n        Con la <a href=\"https:\/\/www.eldiario.es\/madrid\/somos\/victoria-limite-decano-colegio-arquitectos-madrid-reelegido-176-votos-montana-rusa-electoral_1_12335280.html\" data-mrf-recirculation=\"links-noticia\" class=\"link\" rel=\"nofollow noopener\" target=\"_blank\">re\u00f1ida victoria<\/a> de Todos COAM pareci\u00f3 que el decano iba a encarar una tercera legislatura, aun si con ello rebasara el tope de seis a\u00f1os gobernando. Pero la Mesa Electoral emplaz\u00f3 su toma de posesi\u00f3n hasta que existiera una resoluci\u00f3n firme en los tribunales. En un auto del pasado 14 de octubre, al que ha tenido acceso este peri\u00f3dico, el Juzgado que instruye la causa resuelve que al aceptar las medidas cautelares solicitadas por la Junta de Gobierno se especific\u00f3 solo lo que deb\u00eda ocurrir de cara al d\u00eda de los comicios, y no despu\u00e9s.\n    <\/p>\n<p>    <a href=\"https:\/\/www.eldiario.es\/madrid\/somos\/victoria-limite-decano-colegio-arquitectos-madrid-reelegido-176-votos-montana-rusa-electoral_1_12335280.html\" data-mrf-recirculation=\"saber-mas-abajo\" data-dl-event=\"saber-mas-abajo\" rel=\"nofollow noopener\" target=\"_blank\"><\/p>\n<p class=\"know-more__title\">Victoria al l\u00edmite del decano del Colegio de Arquitectos de Madrid, reelegido por 176 votos tras una monta\u00f1a rusa electoral<\/p>\n<p>            <img decoding=\"async\" class=\"lazy\" loading=\"lazy\" data-src=\"https:\/\/static.eldiario.es\/clip\/90f1770a-ebad-4855-9fb9-7f585e2e44d2_16-9-aspect-ratio_default_0.jpg\" src=\"data:image\/svg+xml,%3Csvg xmlns=\" http:=\"\" viewbox=\"0 0 880 495\" alt=\"Victoria al l\u00edmite del decano del Colegio de Arquitectos de Madrid, reelegido por 176 votos tras una monta\u00f1a rusa electoral\"\/><\/p>\n<p>                        <\/a><\/p>\n<p class=\"article-text\">\n        Es sobre este argumento que el propio Luis de la Rica, en declaraciones a Somos Madrid, sostiene su decisi\u00f3n. \u201cReadmitimos la candidatura porque as\u00ed lo determin\u00f3 un juez, pero seguimos pensando que [Sigfrido Herr\u00e1ez] no cumple los requisitos de elegibilidad que exigen los estatutos\u201d, se\u00f1ala en una conversaci\u00f3n telef\u00f3nica, en la que afirma haberse enterado de la toma de posesi\u00f3n por el correo enviado a los colegiados y no por v\u00eda directa. El choque entre la Mesa Electoral, que pide desconvocarlo, y la actual Junta de Gobierno en funciones, que insiste en su continuidad, deja pendiendo de un fino hilo el futuro del COAM.\n    <\/p>\n<p>    <img decoding=\"async\" class=\"bulletin-img loading\" src=\"https:\/\/www.europesays.com\/es\/wp-content\/uploads\/2025\/11\/newsletter.png\" alt=\"\" data-was-processed=\"true\"\/><\/p>\n","protected":false},"excerpt":{"rendered":"Choque de trenes despu\u00e9s de seis meses de tregua. El Colegio de Arquitectos de Madrid reactiva las turbulencias&hellip;\n","protected":false},"author":2,"featured_media":253889,"comment_status":"","ping_status":"","sticky":false,"template":"","format":"standard","meta":{"footnotes":""},"categories":[173],"tags":[26123,3739,229,233,231,230,42658,232,4796,234,146,147,25,24,27008,205,13098,58026,12002,23,4350],"class_list":{"0":"post-253888","1":"post","2":"type-post","3":"status-publish","4":"format-standard","5":"has-post-thumbnail","7":"category-arte-y-diseno","8":"tag-anula","9":"tag-arquitectos","10":"tag-arte","11":"tag-arte-y-diseno","12":"tag-arts","13":"tag-arts-and-design","14":"tag-colegio","15":"tag-design","16":"tag-direccion","17":"tag-diseno","18":"tag-entertainment","19":"tag-entretenimiento","20":"tag-es","21":"tag-espana","22":"tag-interna","23":"tag-madrid","24":"tag-orden","25":"tag-posesion","26":"tag-rebela","27":"tag-spain","28":"tag-toma"},"share_on_mastodon":{"url":"https:\/\/pubeurope.com\/@es\/115606794327335919","error":""},"_links":{"self":[{"href":"https:\/\/www.europesays.com\/es\/wp-json\/wp\/v2\/posts\/253888","targetHints":{"allow":["GET"]}}],"collection":[{"href":"https:\/\/www.europesays.com\/es\/wp-json\/wp\/v2\/posts"}],"about":[{"href":"https:\/\/www.europesays.com\/es\/wp-json\/wp\/v2\/types\/post"}],"author":[{"embeddable":true,"href":"https:\/\/www.europesays.com\/es\/wp-json\/wp\/v2\/users\/2"}],"replies":[{"embeddable":true,"href":"https:\/\/www.europesays.com\/es\/wp-json\/wp\/v2\/comments?post=253888"}],"version-history":[{"count":0,"href":"https:\/\/www.europesays.com\/es\/wp-json\/wp\/v2\/posts\/253888\/revisions"}],"wp:featuredmedia":[{"embeddable":true,"href":"https:\/\/www.europesays.com\/es\/wp-json\/wp\/v2\/media\/253889"}],"wp:attachment":[{"href":"https:\/\/www.europesays.com\/es\/wp-json\/wp\/v2\/media?parent=253888"}],"wp:term":[{"taxonomy":"category","embeddable":true,"href":"https:\/\/www.europesays.com\/es\/wp-json\/wp\/v2\/categories?post=253888"},{"taxonomy":"post_tag","embeddable":true,"href":"https:\/\/www.europesays.com\/es\/wp-json\/wp\/v2\/tags?post=253888"}],"curies":[{"name":"wp","href":"https:\/\/api.w.org\/{rel}","templated":true}]}}