{"id":253890,"date":"2025-11-24T21:28:11","date_gmt":"2025-11-24T21:28:11","guid":{"rendered":"https:\/\/www.europesays.com\/es\/253890\/"},"modified":"2025-11-24T21:28:11","modified_gmt":"2025-11-24T21:28:11","slug":"la-revuelta-con-david-broncano-en-directo-hoy-24-de-noviembre","status":"publish","type":"post","link":"https:\/\/www.europesays.com\/es\/253890\/","title":{"rendered":"La Revuelta con David Broncano, en directo hoy 24 de noviembre"},"content":{"rendered":"<p>Tras una semana intensa, con las visitas de <strong>la tenista Paula Badosa o el cantante Alejandro Sanz<\/strong>, entre otros, La Revuelta y David Broncano regresan hoy lunes 24 de noviembre en directo y en abierto a partir de las<strong> 21:40 en La 1 y RTVE Play<\/strong>. Adem\u00e1s, puedes disfrutar de todas entrevistas, secciones, actuaciones y programas completos en la plataforma digital de RTVE, donde puedes encontrar tambi\u00e9n el canal tem\u00e1tico de La Revuelta, con emisi\u00f3n ininterrumpida de programas las 24 horas del d\u00eda. <\/p>\n<p>Si quieres <strong>asistir como p\u00fablico a las grabaciones del programa<\/strong>, puedes encontrar el formulario a trav\u00e9s del siguiente enlace.<\/p>\n<p>Paula Badosa arrasa en La Revuelta<\/p>\n<p>No solo es la <strong>mejor tenista espa\u00f1ola y una de las mejores del mundo<\/strong> en la actualidad, tambi\u00e9n fue una de las invitadas que m\u00e1s juego ha dado en esta segunda temporada de La Revuelta.<strong> Paula Badosa<\/strong> habl\u00f3 de sus lesiones, de sus objetivos para la temporada 2026 y venci\u00f3 en un pulso a Broncano, tras regalarle unas zapatillas personalizadas con las palabras <strong>\u201cputo amo\u201d, demostrando la buena relaci\u00f3n que mantienen<\/strong> como ex novios. Y, de paso, aprovech\u00f3 <a href=\"https:\/\/www.rtve.es\/television\/20251110\/revuelta-broncano-rosalia-directo-programa-completo-10-noviembre\/16809280.shtml\" target=\"_blank\" rel=\"nofollow noopener\">la entrevista que el presentador hab\u00eda hecho a Rosal\u00eda<\/a> para invitar a la artista a un entrenamiento de tenis y confesar que su canci\u00f3n favorita de Lux ha sido \u201cLa perla\u201d, confirmando su reciente <strong>separaci\u00f3n del tambi\u00e9n tenista griego Stefanos Tsitsipas<\/strong>. <\/p>\n<p>Sexolog\u00eda con Cayetana Guill\u00e9n Cuervo<\/p>\n<p>La actriz, presentadora y presidenta de la Academia de las Bellas Artes de Espa\u00f1a <strong>Cayetana Guill\u00e9n Cuervo<\/strong> visit\u00f3 La Revuelta para hablar de su nuevo podcast sobre sexo \u201cy otras cosas primordiales de la vida\u201d. Y, una vez que ha logrado sanar gracias a la terapia la <strong>agresi\u00f3n sexual que sufri\u00f3 a los seis a\u00f1os<\/strong>, ha conseguido reconciliarse con su sexualidad y vivirla de una manera mucho m\u00e1s positiva. En su entrevista con David Broncano explic\u00f3 algunas <a href=\"https:\/\/www.rtve.es\/television\/20251119\/cayetana-guillen-cuervo-reconcilia-sexualidad-explica-brecha-orgasmica-revuelta\/16823134.shtml\" target=\"_blank\" rel=\"nofollow noopener\">cuestiones de sexolog\u00eda como la \u201cbrecha org\u00e1smica\u201d<\/a> o los motivos por los que no existe diferenciaci\u00f3n entre <strong>orgasmo vaginal y orgasmo clitoriano<\/strong> en las mujeres. <\/p>\n<p>\t\tLa Revuelta | Cayetana Guill\u00e9n Cuervo: \u00abTodos estamos medio rotos\u00bb\t<\/p>\n","protected":false},"excerpt":{"rendered":"Tras una semana intensa, con las visitas de la tenista Paula Badosa o el cantante Alejandro Sanz, entre&hellip;\n","protected":false},"author":2,"featured_media":253891,"comment_status":"","ping_status":"","sticky":false,"template":"","format":"standard","meta":{"footnotes":""},"categories":[171],"tags":[146,147,25,24,23,214],"class_list":{"0":"post-253890","1":"post","2":"type-post","3":"status-publish","4":"format-standard","5":"has-post-thumbnail","7":"category-tv","8":"tag-entertainment","9":"tag-entretenimiento","10":"tag-es","11":"tag-espana","12":"tag-spain","13":"tag-tv"},"share_on_mastodon":{"url":"https:\/\/pubeurope.com\/@es\/115606802118442578","error":""},"_links":{"self":[{"href":"https:\/\/www.europesays.com\/es\/wp-json\/wp\/v2\/posts\/253890","targetHints":{"allow":["GET"]}}],"collection":[{"href":"https:\/\/www.europesays.com\/es\/wp-json\/wp\/v2\/posts"}],"about":[{"href":"https:\/\/www.europesays.com\/es\/wp-json\/wp\/v2\/types\/post"}],"author":[{"embeddable":true,"href":"https:\/\/www.europesays.com\/es\/wp-json\/wp\/v2\/users\/2"}],"replies":[{"embeddable":true,"href":"https:\/\/www.europesays.com\/es\/wp-json\/wp\/v2\/comments?post=253890"}],"version-history":[{"count":0,"href":"https:\/\/www.europesays.com\/es\/wp-json\/wp\/v2\/posts\/253890\/revisions"}],"wp:featuredmedia":[{"embeddable":true,"href":"https:\/\/www.europesays.com\/es\/wp-json\/wp\/v2\/media\/253891"}],"wp:attachment":[{"href":"https:\/\/www.europesays.com\/es\/wp-json\/wp\/v2\/media?parent=253890"}],"wp:term":[{"taxonomy":"category","embeddable":true,"href":"https:\/\/www.europesays.com\/es\/wp-json\/wp\/v2\/categories?post=253890"},{"taxonomy":"post_tag","embeddable":true,"href":"https:\/\/www.europesays.com\/es\/wp-json\/wp\/v2\/tags?post=253890"}],"curies":[{"name":"wp","href":"https:\/\/api.w.org\/{rel}","templated":true}]}}