{"id":253892,"date":"2025-11-24T21:29:11","date_gmt":"2025-11-24T21:29:11","guid":{"rendered":"https:\/\/www.europesays.com\/es\/253892\/"},"modified":"2025-11-24T21:29:11","modified_gmt":"2025-11-24T21:29:11","slug":"dua-lipa-encanta-aun-con-el-look-mas-simple-posible-asi-fue-fotografiada-por-paparazzis-en-rio-de-janeiro","status":"publish","type":"post","link":"https:\/\/www.europesays.com\/es\/253892\/","title":{"rendered":"Dua Lipa encanta aun con el look m\u00e1s simple posible: As\u00ed fue fotografiada por paparazzis en R\u00edo de Janeiro"},"content":{"rendered":"<p>\t\t\t\tLa cantante ya se despidi\u00f3 de esa ciudad y aterriz\u00f3 en Lima, pero previo a dejar Brasil fue vista con un estilo sumamente informal.                <\/p>\n<p>    Lunes 24 noviembre 2025<\/p>\n<p>        <a href=\"https:\/\/www.guioteca.com\/paparazzis\/dua-lipa-encanta-aun-con-el-look-mas-simple-posible-asi-fue-fotografiada-por-paparazzis-en-rio-de-janeiro\/javascript:void(0);\" rel=\"nofollow noopener\" target=\"_blank\"><\/p>\n<p>                <img decoding=\"async\" src=\"https:\/\/static.emol.cl\/emol50\/img\/logo_compartir.svg\" alt=\"\" \/><\/p>\n<p>        <\/a><br \/>\n        <a href=\"https:\/\/www.guioteca.com\/paparazzis\/dua-lipa-encanta-aun-con-el-look-mas-simple-posible-asi-fue-fotografiada-por-paparazzis-en-rio-de-janeiro\/javascript:void(0);\" onclick=\"SharedTW();\" rel=\"nofollow noopener\" target=\"_blank\"><\/p>\n<p>        <\/a><br \/>\n        <a href=\"https:\/\/www.guioteca.com\/paparazzis\/dua-lipa-encanta-aun-con-el-look-mas-simple-posible-asi-fue-fotografiada-por-paparazzis-en-rio-de-janeiro\/javascript:void(0);\" onclick=\"SharedFB();\" rel=\"nofollow noopener\" target=\"_blank\"><\/p>\n<p>        <\/a><br \/>\n        <a href=\"https:\/\/www.guioteca.com\/paparazzis\/dua-lipa-encanta-aun-con-el-look-mas-simple-posible-asi-fue-fotografiada-por-paparazzis-en-rio-de-janeiro\/javascript:void(0);\" onclick=\"SharedPin();\" rel=\"nofollow noopener\" target=\"_blank\"><\/p>\n<p>        <\/a><\/p>\n<p>        <a href=\"https:\/\/www.guioteca.com\/paparazzis\/dua-lipa-encanta-aun-con-el-look-mas-simple-posible-asi-fue-fotografiada-por-paparazzis-en-rio-de-janeiro\/mailto:?subject=Guioteca.com\" dua=\"\" lipa=\"\" encanta=\"\" aun=\"\" con=\"\" el=\"\" look=\"\" m=\"\" simple=\"\" posible:=\"\" as=\"\" fue=\"\" fotografiada=\"\" por=\"\" paparazzis=\"\" en=\"\" r=\"\" de=\"\" janeiro=\"\" env=\"\" un=\"\" art=\"\" guioteca.com=\"\" que=\"\" me=\"\" pareci=\"\" interesante:=\"\" .co rel=\"nofollow noopener\" target=\"_blank\"><\/p>\n<p>        <\/a><\/p>\n<p><a href=\"https:\/\/www.europesays.com\/es\/wp-content\/uploads\/2025\/11\/Dua-Lipa-brasil-1.jpg\"><img loading=\"lazy\" decoding=\"async\" class=\"aligncenter size-full wp-image-46816\" src=\"https:\/\/www.europesays.com\/es\/wp-content\/uploads\/2025\/11\/Dua-Lipa-brasil-1.jpg\" alt=\"Dua-Lipa-brasil-1\" width=\"560\" height=\"292\" \/><\/a><\/p>\n<p>El furor por Dua Lipa en Latinoam\u00e9rica contin\u00faa, y esto qued\u00f3 demostrado con su ruidosa llegada a Lima, enloqueciendo a sus fan\u00e1ticos peruanos. Lo mismo hab\u00eda sucedido en Chile, y luego en Sao Paulo y R\u00edo de Janeiro. All\u00ed se present\u00f3 el \u00faltimo s\u00e1bado, para luego despegar para continuar con su gira \u201cRadical Optimism Tour\u201d.<\/p>\n<p>Y lo cierto es que, previo a dejar R\u00edo a bordo de su jet privado, la cantante brit\u00e1nica encant\u00f3 al ser fotografiada con un look sumamente simple: ya se sab\u00eda, pero la artista volvi\u00f3 a confirmar que no hace falta la elegancia para deslumbrar a todos.<\/p>\n<p>Sin ir m\u00e1s lejos, la edici\u00f3n de M\u00e9xico y Latinoam\u00e9rica de Vogue calific\u00f3 el estilo que llev\u00f3 como \u201csimple pero espectacular\u201d: el mismo consisti\u00f3 en una sencilla blusa negra de la marca italiana Angelica Montini, jeans muy anchos o \u201cbaggy\u201d y botines.<\/p>\n<p>Dua Lipa encara la parte final de su serie de conciertos en la regi\u00f3n cumpliendo con creces a nivel art\u00edstico y con detalles que la elevan aun m\u00e1s: a modo de ejemplo, lo fue el hecho de haber aprendido espa\u00f1ol, lo que le permiti\u00f3 cantar canciones de grupos locales. As\u00ed lo hizo en el Estadio Nacional, donde interpret\u00f3 \u201cEl Duelo\u201d de La Ley.<\/p>\n<p><a href=\"https:\/\/www.europesays.com\/es\/wp-content\/uploads\/2025\/11\/dualipa2-e1763997699721.jpg\"><img loading=\"lazy\" decoding=\"async\" class=\"size-full wp-image-46811\" src=\"https:\/\/www.europesays.com\/es\/wp-content\/uploads\/2025\/11\/dualipa2-e1763997699721.jpg\" alt=\"Dua Lipa encanta en R\u00edo de Janeiro con el look m\u00e1s simple posible \/ Captura x.com\/voguelatam\" width=\"620\" height=\"429\" \/><\/a><\/p>\n<p class=\"wp-caption-text\">Dua Lipa encanta en R\u00edo de Janeiro con el look m\u00e1s simple posible \/ Captura x.com\/voguelatam<\/p>\n<p>\n        Comentarios<br \/>\n        Deja tu comentario \u2193\n    <\/p>\n","protected":false},"excerpt":{"rendered":"La cantante ya se despidi\u00f3 de esa ciudad y aterriz\u00f3 en Lima, pero previo a dejar Brasil fue&hellip;\n","protected":false},"author":2,"featured_media":253893,"comment_status":"","ping_status":"","sticky":false,"template":"","format":"standard","meta":{"footnotes":""},"categories":[170],"tags":[14008,64049,64048,64047,146,147,25,24,184,185,58124,23,25972],"class_list":{"0":"post-253892","1":"post","2":"type-post","3":"status-publish","4":"format-standard","5":"has-post-thumbnail","7":"category-musica","8":"tag-dua-lipa","9":"tag-dua-lipa-brasil","10":"tag-dua-lipa-foto","11":"tag-dua-lipa-paparazzis","12":"tag-entertainment","13":"tag-entretenimiento","14":"tag-es","15":"tag-espana","16":"tag-music","17":"tag-musica","18":"tag-paparazzis","19":"tag-spain","20":"tag-temas"},"share_on_mastodon":{"url":"https:\/\/pubeurope.com\/@es\/115606806840785625","error":""},"_links":{"self":[{"href":"https:\/\/www.europesays.com\/es\/wp-json\/wp\/v2\/posts\/253892","targetHints":{"allow":["GET"]}}],"collection":[{"href":"https:\/\/www.europesays.com\/es\/wp-json\/wp\/v2\/posts"}],"about":[{"href":"https:\/\/www.europesays.com\/es\/wp-json\/wp\/v2\/types\/post"}],"author":[{"embeddable":true,"href":"https:\/\/www.europesays.com\/es\/wp-json\/wp\/v2\/users\/2"}],"replies":[{"embeddable":true,"href":"https:\/\/www.europesays.com\/es\/wp-json\/wp\/v2\/comments?post=253892"}],"version-history":[{"count":0,"href":"https:\/\/www.europesays.com\/es\/wp-json\/wp\/v2\/posts\/253892\/revisions"}],"wp:featuredmedia":[{"embeddable":true,"href":"https:\/\/www.europesays.com\/es\/wp-json\/wp\/v2\/media\/253893"}],"wp:attachment":[{"href":"https:\/\/www.europesays.com\/es\/wp-json\/wp\/v2\/media?parent=253892"}],"wp:term":[{"taxonomy":"category","embeddable":true,"href":"https:\/\/www.europesays.com\/es\/wp-json\/wp\/v2\/categories?post=253892"},{"taxonomy":"post_tag","embeddable":true,"href":"https:\/\/www.europesays.com\/es\/wp-json\/wp\/v2\/tags?post=253892"}],"curies":[{"name":"wp","href":"https:\/\/api.w.org\/{rel}","templated":true}]}}