{"id":253894,"date":"2025-11-24T21:30:20","date_gmt":"2025-11-24T21:30:20","guid":{"rendered":"https:\/\/www.europesays.com\/es\/253894\/"},"modified":"2025-11-24T21:30:20","modified_gmt":"2025-11-24T21:30:20","slug":"olaf-cobrara-vida-el-29-de-marzo-en-el-nuevo-mundo-que-disneyland-paris-dedica-a-frozen","status":"publish","type":"post","link":"https:\/\/www.europesays.com\/es\/253894\/","title":{"rendered":"Olaf cobrar\u00e1 vida el 29 de marzo en el nuevo mundo que Disneyland Par\u00eds dedica a Frozen"},"content":{"rendered":"<p data-gtm-element-container=\"modulo-texto-link\" class=\"paragraph\">\u201cSoy Olaf y me gustan los abrazos calentitos\u201d. No cabe ninguna duda de que el personaje emisor de esta popular frase de la pel\u00edcula Frozen ser\u00e1 la estrella de la pr\u00f3xima temporada en Disneyland Par\u00eds. Los imagineers del parque han conseguido reproducir un robot tan aut\u00e9ntico y achuchable como el de la pel\u00edcula y los visitantes podr\u00e1n hacerse fotos con \u00e9l a partir del pr\u00f3ximo 29 de marzo, d\u00eda que World of Frozen abrir\u00e1 oficialmente las puertas al p\u00fablico. Se trata de una ambiciosa \u00e1rea tem\u00e1tica dedicada al universo de Arendelle que forma parte del plan de transformaci\u00f3n integral del parque Walt Disney Studios, el segundo parque de Disneyland Par\u00eds y que ser\u00e1 rebautizado como Disney Adventure World. Una aventura de 2.000 millones de euros que culminar\u00e1 en 2027 con la zona dedicada al Rey Le\u00f3n, actualmente en construcci\u00f3n.<\/p>\n<p>                <img loading=\"lazy\" decoding=\"async\" data-full-src=\"https:\/\/www.lavanguardia.com\/uploads\/2025\/11\/24\/6924b3a417de0.jpeg\" alt=\"Olaf con Elsa y Anna en la nueva zona que Disneyland Paris dedica al universo de Frozen\" width=\"449\" height=\"337\" src=\"https:\/\/www.europesays.com\/es\/wp-content\/uploads\/2025\/11\/6924b3a417de0.jpeg\" class=\"lazy\"\/><\/p>\n<p class=\"caption-title \">Olaf con Elsa y Anna en la nueva zona que Disneyland Paris dedica al universo de Frozen<\/p>\n<p>                    A. J.<\/p>\n<p data-gtm-element-container=\"modulo-texto-link\" class=\"paragraph\">\u201cOlaf es el coraz\u00f3n de Frozen, y quer\u00edamos que los visitantes sintieran la misma emoci\u00f3n que transmite en la gran pantalla\u201d, ha explicado  Bruce Vaughn, presidente y Director Creativo de Walt Disney Imagineering, durante la presentaci\u00f3n internacional ante m\u00e1s de un centenar de medios de comunicaci\u00f3n. Lo cierto es que lo han conseguido, lo mismo que recrear a tama\u00f1o real parte del reino de Arendelle, con el palacio, la Monta\u00f1a del Norte y el castillo de hielo donde Elsa da rienda suelta a su poder convirtiendo el lugar en una zona de nieves perpetuas sin que parezca un escenario falso.<\/p>\n<p data-gtm-element-container=\"modulo-texto-link\" class=\"paragraph\">El  centro neur\u00e1lgico de World of Frozen es una versi\u00f3n adaptada y tecnol\u00f3gicamente mejorada de la popular atracci\u00f3n acu\u00e1tica Frozen Ever After, estrenada originalmente en 2016 en el parque EPCOT (Orlando, Estados Unidos) y que tambi\u00e9n se encuentra en el parque Disney de Hong Kong. Se trata de un recorrido en barca por escenas clave de la saga cinematogr\u00e1fica, con animatr\u00f3nicos de \u00faltima generaci\u00f3n, efectos de iluminaci\u00f3n inmersivos y una banda sonora que incluye canciones como Let It Go, For the First Time in Forever o Show Yourself. La experiencia, pensada para todas las edades, combina narrativa, emoci\u00f3n y tecnolog\u00eda sin necesidad de alturas extremas, en l\u00ednea con el modelo familiar de las grandes atracciones Disney.<\/p>\n<p>                <img loading=\"lazy\" decoding=\"async\" data-full-src=\"https:\/\/www.lavanguardia.com\/uploads\/2025\/11\/24\/6924b41f40f84.jpeg\" alt=\"El castillo de hielo que ya luce en la Monta\u00f1a del Norte\" width=\"449\" height=\"599\" src=\"https:\/\/www.europesays.com\/es\/wp-content\/uploads\/2025\/11\/6924b41f40f84.jpeg\" class=\"lazy\"\/><\/p>\n<p class=\"caption-title \">El castillo de hielo que ya luce en la Monta\u00f1a del Norte<\/p>\n<p>                    A. J<\/p>\n<p data-gtm-element-container=\"modulo-texto-link\" class=\"paragraph\">Arendelle tambi\u00e9n tendr\u00e1 una importante vida social. En el castillo, Elsa y Anna recibir\u00e1n a los visitantes entre columnas, vitrales y un ambiente palaciego para poder inmortalizar el encuentro con ambas hermanas. Kristoff aparecer\u00e1 en el pueblo con su guitarra; Sven \u201cpastorear\u00e1\u201d a lo lejos y un peque\u00f1o beb\u00e9 troll, R\u00fana, se dejar\u00e1 ver en las callejuelas como un habitante m\u00e1s del reino. Por cierto, entre el merchandising que se ha ideado para esta zona habr\u00e1 un adorable mu\u00f1eco R\u00fana con el que se podr\u00e1 interactuar y que muy \u201cemocionado\u201d, nos invitar\u00e1 a rodar con \u00e9l por Arendelle. Esta mu\u00f1eco solo se podr\u00e1 encontrar en el parque de Par\u00eds al m\u00f3dico precio de 70 euros; ning\u00fan otro mundo de Frozen contar\u00e1 con \u00e9l, ni con su versi\u00f3n transportable de troll a modo de bolso, otro artilugio que tiene todos los n\u00fameros para convertirse en la nueva moda del parque.<\/p>\n<p>                <img loading=\"lazy\" decoding=\"async\" data-full-src=\"https:\/\/www.lavanguardia.com\/uploads\/2025\/11\/24\/6924b7bee23ba.jpeg\" alt=\"Detalle del pueblo de Arendelle ya pr\u00e1cticamente acabado\" width=\"449\" height=\"337\" src=\"https:\/\/www.europesays.com\/es\/wp-content\/uploads\/2025\/11\/6924b7bee23ba.jpeg\" class=\"lazy\"\/><\/p>\n<p class=\"caption-title \">Detalle del pueblo de Arendelle ya pr\u00e1cticamente acabado<\/p>\n<p>                    A. J.<\/p>\n<p>Qu\u00e9 no te puedes perder de World of Frozen<\/p>\n<ol>\n<li>Frozen Ever After<br \/>La atracci\u00f3n central del nuevo territorio. Un recorrido en barca por escenas emblem\u00e1ticas de la saga, con animatr\u00f3nicos de \u00faltima generaci\u00f3n y efectos lum\u00ednicos mejorados respecto a la versi\u00f3n original de EPCOT. Pensada para todos los p\u00fablicos.<\/li>\n<li>El Olaf m\u00e1s real de Disney<br \/>El nuevo animatr\u00f3nico del personaje, desarrollado por Walt Disney Imagineering, reproducir\u00e1 con notable fidelidad su expresividad en pantalla. Ser\u00e1 posible fotografiarse con \u00e9l desde el d\u00eda de apertura.<\/li>\n<li>El Castillo de Arendelle y la Royal Portrait Gallery<br \/>Encuentro con Elsa y Anna en un espacio palaciego dise\u00f1ado espec\u00edficamente para esta \u00e1rea. Acceso mediante reserva digital.<\/li>\n<li>El pueblo de Arendelle, recreado a tama\u00f1o real<br \/>Calles, fachadas, la Bah\u00eda y la silueta permanente de la Monta\u00f1a del Norte conforman un entorno inmersivo que busca trasladar literalmente al visitante al universo de la pel\u00edcula.<\/li>\n<li>El Snowflake Festival<br \/>La celebraci\u00f3n inaugural te\u00f1ir\u00e1 todo el territorio de decoraciones invernales, iluminaci\u00f3n espec\u00edfica y m\u00fasica adaptada para la ocasi\u00f3n.<\/li>\n<li>Crowns Tavern<br \/>Restaurante inspirado en la cocina n\u00f3rdica, con dise\u00f1o de taberna tradicional y protagonismo de la madera. Parte clave de la ambientaci\u00f3n del pueblo.<\/li>\n<li>Vistas a Adventure Bay<br \/>El \u00e1rea se abre al nuevo lago de tres hect\u00e1reas que articular\u00e1 todo el futuro Disney Adventure World. Desde aqu\u00ed se podr\u00e1 contemplar el espect\u00e1culo nocturno Disney Cascade of Lights.<\/li>\n<\/ol>\n<p>                <img loading=\"lazy\" decoding=\"async\" data-full-src=\"https:\/\/www.lavanguardia.com\/uploads\/2025\/11\/24\/6924b77a6517c.jpeg\" alt=\"Algunos de los nuevos productos de merchandising que se podr\u00e1n comprar en la nueva \u00e1rea tem\u00e1tica\" width=\"449\" height=\"337\" src=\"https:\/\/www.europesays.com\/es\/wp-content\/uploads\/2025\/11\/6924b77a6517c.jpeg\" class=\"lazy\"\/><\/p>\n<p class=\"caption-title \">Algunos de los nuevos productos de merchandising que se podr\u00e1n comprar en la nueva \u00e1rea tem\u00e1tica<\/p>\n<p>                    A. J.<\/p>\n<p data-gtm-element-container=\"modulo-texto-link\" class=\"paragraph\">La m\u00fasica y la comida ser\u00e1n parte fundamental de World of Frozen. La primera, con la  celebraci\u00f3n del Snowflake Festivale, que te\u00f1ir\u00e1 Arendelle de luces fr\u00edas, guirnaldas heladas y melod\u00edas orquestales que reinterpretan los temas m\u00e1s reconocibles de la saga, y la segunda de la mano de la Nordic Crowns Tavern, un restaurante que combina recetas inspiradas en la cocina n\u00f3rdica.<\/p>\n<p data-gtm-element-container=\"modulo-texto-link\" class=\"paragraph\">La puerta de entrada a World of Frozen es Adventure Bay, un gran lago de tres hect\u00e1reas que domina toda la zona y clave en la transformaci\u00f3n de todo el parque. Aqu\u00ed tendr\u00e1 lugar el nuevo espect\u00e1culo nocturno, Disney Cascade of Lights, un despliegue de proyecciones y efectos de 360 grados que envolver\u00e1 por completo al p\u00fablico, que se convertir\u00e1 en el segundo gran show nocturno del resort. Un total de 379 drones forman parte del espect\u00e1culo, un centenar de ellos acu\u00e1ticos, lo que lo convierte en una novedad en su campo. Su concepci\u00f3n busca una respuesta emocional intensa, invitando a los visitantes a sumergirse en la magia desde nuevos \u00e1ngulos y con una puesta en escena in\u00e9dita en Europa.<\/p>\n<p>                <img loading=\"lazy\" decoding=\"async\" data-full-src=\"https:\/\/www.lavanguardia.com\/uploads\/2025\/11\/24\/6924b59d4c332.jpeg\" alt=\"Una de las proyecciones del espect\u00e1culo Disney Cascade of Lights\" width=\"449\" height=\"337\" src=\"https:\/\/www.europesays.com\/es\/wp-content\/uploads\/2025\/11\/6924b59d4c332.jpeg\" class=\"lazy\"\/><\/p>\n<p class=\"caption-title \">Una de las proyecciones del espect\u00e1culo Disney Cascade of Lights que contar\u00e1 con 379 drones\u00a0<\/p>\n<p>                    Disneyland Par\u00eds<\/p>\n<p data-gtm-element-container=\"modulo-texto-link\" class=\"paragraph\">Finalmente, una nueva avenida, Adventura Way, conectar\u00e1 la entrada del parque con sus diferentes \u00e1reas. En ella abrir\u00e1 Raiponce Tangled Spin, una atracci\u00f3n ideada para familias, adem\u00e1s de un restaurante de alta inmersi\u00f3n -The Royal View Restaurant &amp; Lounge- donde las Princesas Disney realizar\u00e1n apariciones especiales en un entorno que mezcla cocina, espect\u00e1culo y decoraci\u00f3n realista<\/p>\n<p>                <img loading=\"lazy\" decoding=\"async\" data-full-src=\"https:\/\/www.lavanguardia.com\/uploads\/2025\/11\/24\/6924b5eeed33a.jpeg\" alt=\"La nueva atracci\u00f3n dedicada a Rapunzel abrir\u00e1 tambi\u00e9n el 29 de marzo\" width=\"449\" height=\"337\" src=\"https:\/\/www.europesays.com\/es\/wp-content\/uploads\/2025\/11\/6924b5eeed33a.jpeg\" class=\"lazy\"\/><\/p>\n<p class=\"caption-title \">La nueva atracci\u00f3n dedicada a Rapunzel abrir\u00e1 tambi\u00e9n el 29 de marzo<\/p>\n<p>                    A. J.<\/p>\n<p data-gtm-element-container=\"modulo-texto-link\" class=\"paragraph\">Disney Adventure World nace con la vocaci\u00f3n de convertirse en un espacio narrativo ampliado, donde los visitantes transitar\u00e1n por universos de Disney Animation, Pixar y Marvel sin rupturas visuales ni tem\u00e1ticas. La compa\u00f1\u00eda lo define como \u201cla mayor reinvenci\u00f3n del parque desde 2002\u201d, con m\u00e1s del 90% del distrito original transformado para ofrecer experiencias que \u201ctraspasan los l\u00edmites de la imaginaci\u00f3n\u201d, seg\u00fan palabras de la presidenta de Disneyland Par\u00eds, Natacha Rafalski, quien ha calificado las obras de \u201chist\u00f3ricas\u201d.<\/p>\n","protected":false},"excerpt":{"rendered":"\u201cSoy Olaf y me gustan los abrazos calentitos\u201d. No cabe ninguna duda de que el personaje emisor de&hellip;\n","protected":false},"author":2,"featured_media":253895,"comment_status":"","ping_status":"","sticky":false,"template":"","format":"standard","meta":{"footnotes":""},"categories":[169],"tags":[177,146,147,25,24,176,175,23],"class_list":{"0":"post-253894","1":"post","2":"type-post","3":"status-publish","4":"format-standard","5":"has-post-thumbnail","7":"category-cine","8":"tag-cine","9":"tag-entertainment","10":"tag-entretenimiento","11":"tag-es","12":"tag-espana","13":"tag-film","14":"tag-movies","15":"tag-spain"},"share_on_mastodon":{"url":"https:\/\/pubeurope.com\/@es\/115606810362729536","error":""},"_links":{"self":[{"href":"https:\/\/www.europesays.com\/es\/wp-json\/wp\/v2\/posts\/253894","targetHints":{"allow":["GET"]}}],"collection":[{"href":"https:\/\/www.europesays.com\/es\/wp-json\/wp\/v2\/posts"}],"about":[{"href":"https:\/\/www.europesays.com\/es\/wp-json\/wp\/v2\/types\/post"}],"author":[{"embeddable":true,"href":"https:\/\/www.europesays.com\/es\/wp-json\/wp\/v2\/users\/2"}],"replies":[{"embeddable":true,"href":"https:\/\/www.europesays.com\/es\/wp-json\/wp\/v2\/comments?post=253894"}],"version-history":[{"count":0,"href":"https:\/\/www.europesays.com\/es\/wp-json\/wp\/v2\/posts\/253894\/revisions"}],"wp:featuredmedia":[{"embeddable":true,"href":"https:\/\/www.europesays.com\/es\/wp-json\/wp\/v2\/media\/253895"}],"wp:attachment":[{"href":"https:\/\/www.europesays.com\/es\/wp-json\/wp\/v2\/media?parent=253894"}],"wp:term":[{"taxonomy":"category","embeddable":true,"href":"https:\/\/www.europesays.com\/es\/wp-json\/wp\/v2\/categories?post=253894"},{"taxonomy":"post_tag","embeddable":true,"href":"https:\/\/www.europesays.com\/es\/wp-json\/wp\/v2\/tags?post=253894"}],"curies":[{"name":"wp","href":"https:\/\/api.w.org\/{rel}","templated":true}]}}